{"id":26356289,"date":"2018-04-25T00:45:15","date_gmt":"2018-04-24T22:45:15","guid":{"rendered":"https:\/\/www.upo.es\/diario\/?p=26356289"},"modified":"2020-10-27T15:45:22","modified_gmt":"2020-10-27T14:45:22","slug":"mas-de-200-estudiantes-de-infantil-y-primaria-de-poligono-sur-participan-en-las-vi-jornadas-literarias-de-la-flora-tristan","status":"publish","type":"post","link":"https:\/\/www.upo.es\/diario\/institucional\/2018\/04\/mas-de-200-estudiantes-de-infantil-y-primaria-de-poligono-sur-participan-en-las-vi-jornadas-literarias-de-la-flora-tristan\/","title":{"rendered":"M\u00e1s de 200 estudiantes de Infantil y Primaria de Pol\u00edgono Sur participan en las VI Jornadas Literarias de la Flora Trist\u00e1n"},"content":{"rendered":"<p>&nbsp;<\/p>\n<figure id=\"attachment_26369007\" aria-describedby=\"caption-attachment-26369007\" style=\"width: 600px\" class=\"wp-caption aligncenter\"><a href=\"https:\/\/www.upo.es\/diario\/wp-content\/uploads\/2018\/04\/Jornada-Literaria-Flora-Tristan.jpg\"><img loading=\"lazy\" decoding=\"async\" class=\"size-large wp-image-26369007\" alt=\"Jornadas Literarias en la Flora Trist\u00e1n para alumnado de Infantil y Primaria\" src=\"https:\/\/www.upo.es\/diario\/wp-content\/uploads\/2018\/04\/Jornada-Literaria-Flora-Tristan-600x390.jpg\" width=\"600\" height=\"390\" \/><\/a><figcaption id=\"caption-attachment-26369007\" class=\"wp-caption-text\">Jornadas Literarias en la Flora Trist\u00e1n para alumnado de Infantil y Primaria<\/figcaption><\/figure>\n<p><span style=\"text-decoration: underline;\">La <b>Residencia Flora Trist\u00e1n<\/b> de la Universidad Pablo de Olavice ha celebrado en dos sesiones que han tenido lugar ayer martes 24 y hoy mi\u00e9rcoles 25 de abril de 10:00 a 12:00 horas las <b>VI Jornadas Literarias<\/b> con motivo del D\u00eda Internacional del Libro, en esta ocasi\u00f3n bajo el lema \u201c<b>Objetivo: Salvar la Tierra<\/b>\u201d en las que han participado m\u00e1s de 200 ni\u00f1os y ni\u00f1as de los centros de Educaci\u00f3n Infantil y Primaria de Pol\u00edgono Sur.<\/span> Esta actividad ha tenido como objetivo fomentar la lectoescritura entre los menores con actividades visuales y de ocio, adem\u00e1s de promover valores como el cuidado del medioambiente.<\/p>\n<p>El primer d\u00eda de las jornadas ha estado dedicado a estudiantes de Infantil y primer ciclo de Primaria \u2013primer y segundo curso-. Posteriormente, hoy mi\u00e9rcoles, han participado los alumnos y alumnas de segundo y tercer ciclo \u2013tercero, cuarto, quinto y sexto curso-, todos ellos de los centros: CEIP Manuel Altolaguirre, CEIP Paz y Amistad, CEIP Andaluc\u00eda, CEIP Nuestra Se\u00f1ora de la Paz, CEIP Zurbar\u00e1n, CEIP Manuel Canela y CEIP Fray Bartolom\u00e9 de las Casas.<\/p>\n<p><a href=\"https:\/\/www.upo.es\/diario\/wp-content\/uploads\/2018\/04\/31045294_10215250176024795_2434437937828462592_n-copia.jpg\"><img loading=\"lazy\" decoding=\"async\" class=\"alignright size-medium wp-image-26356290\" alt=\"31045294_10215250176024795_2434437937828462592_n - copia\" src=\"https:\/\/www.upo.es\/diario\/wp-content\/uploads\/2018\/04\/31045294_10215250176024795_2434437937828462592_n-copia-320x226.jpg\" width=\"320\" height=\"226\" \/><\/a>Esta actividad ha sido organizada por el <b>\u00c1rea Educativa de la Residencia Universitaria Flora Trist\u00e1n<\/b>, compuesta por becarios y becarias del centro estudiantil que colaboran durante todo el a\u00f1o con los centros educativos. Para ello, las diferentes salas de la residencia se han transformado en espacios l\u00fadicos formativos para explicar, a trav\u00e9s de cuentos y actividades participativas, temas de inter\u00e9s. Las sesiones se han compuesto de cinco postas diferentes para poder trabajar con todos los ni\u00f1os y ni\u00f1as los aspectos m\u00e1s relevantes del medioambiente. Estas postas han estado tematizadas sobre fauna, flora, aire, glacial y acu\u00e1tica. De esta forma, en cada de ellas, se ha relatado un cuento y se han realizado actividades para entender c\u00f3mo colaborar en la conservaci\u00f3n del medioambiente.<\/p>\n","protected":false},"excerpt":{"rendered":"<p>La Residencia Flora Trist\u00e1n de la Universidad Pablo de Olavice ha celebrado en dos sesiones que han tenido lugar ayer martes 24 y hoy mi\u00e9rcoles 25 de abril de 10:00 a 12:00 horas las VI Jornadas Literarias con motivo del D\u00eda Internacional del Libro, en esta ocasi\u00f3n bajo el lema \u201cObjetivo: Salvar la Tierra\u201d en las que han participado m\u00e1s de 200 ni\u00f1os y ni\u00f1as de los centros de Educaci\u00f3n Infantil y Primaria de Pol\u00edgono Sur. Esta actividad ha tenido como objetivo fomentar la lectoescritura entre los menores con actividades visuales y de ocio, adem\u00e1s de promover valores como el cuidado del medioambiente. <\/p>\n","protected":false},"author":14,"featured_media":0,"comment_status":"closed","ping_status":"open","sticky":false,"template":"","format":"standard","meta":{"_monsterinsights_skip_tracking":false,"_monsterinsights_sitenote_active":false,"_monsterinsights_sitenote_note":"","_monsterinsights_sitenote_category":0,"footnotes":""},"categories":[6],"tags":[3331,1183,2507,4976,2375,2376,357,1064],"class_list":["post-26356289","post","type-post","status-publish","format-standard","hentry","category-institucional","tag-dia-del-libro","tag-educacion-ambiental","tag-educacion-primaria","tag-infantil","tag-jornadas-literarias","tag-lectoescritura","tag-poligono-sur","tag-residencia-flora-tristan"],"_links":{"self":[{"href":"https:\/\/www.upo.es\/diario\/wp-json\/wp\/v2\/posts\/26356289","targetHints":{"allow":["GET"]}}],"collection":[{"href":"https:\/\/www.upo.es\/diario\/wp-json\/wp\/v2\/posts"}],"about":[{"href":"https:\/\/www.upo.es\/diario\/wp-json\/wp\/v2\/types\/post"}],"author":[{"embeddable":true,"href":"https:\/\/www.upo.es\/diario\/wp-json\/wp\/v2\/users\/14"}],"replies":[{"embeddable":true,"href":"https:\/\/www.upo.es\/diario\/wp-json\/wp\/v2\/comments?post=26356289"}],"version-history":[{"count":2,"href":"https:\/\/www.upo.es\/diario\/wp-json\/wp\/v2\/posts\/26356289\/revisions"}],"predecessor-version":[{"id":30862470,"href":"https:\/\/www.upo.es\/diario\/wp-json\/wp\/v2\/posts\/26356289\/revisions\/30862470"}],"wp:attachment":[{"href":"https:\/\/www.upo.es\/diario\/wp-json\/wp\/v2\/media?parent=26356289"}],"wp:term":[{"taxonomy":"category","embeddable":true,"href":"https:\/\/www.upo.es\/diario\/wp-json\/wp\/v2\/categories?post=26356289"},{"taxonomy":"post_tag","embeddable":true,"href":"https:\/\/www.upo.es\/diario\/wp-json\/wp\/v2\/tags?post=26356289"}],"curies":[{"name":"wp","href":"https:\/\/api.w.org\/{rel}","templated":true}]}}