{"id":26357708,"date":"2018-04-25T00:51:08","date_gmt":"2018-04-24T22:51:08","guid":{"rendered":"https:\/\/www.upo.es\/diario\/?p=26357708"},"modified":"2020-10-27T15:45:27","modified_gmt":"2020-10-27T14:45:27","slug":"destacados-especialistas-se-reunen-manana-en-la-upo-en-la-jornada-sobre-seguridad-nacional-y-ciberataques","status":"publish","type":"post","link":"https:\/\/www.upo.es\/diario\/institucional\/2018\/04\/destacados-especialistas-se-reunen-manana-en-la-upo-en-la-jornada-sobre-seguridad-nacional-y-ciberataques\/","title":{"rendered":"Destacados especialistas se re\u00fanen en la UPO en la Jornada sobre Seguridad Nacional y Ciberataques"},"content":{"rendered":"<p><a href=\"https:\/\/www.upo.es\/diario\/wp-content\/uploads\/2018\/04\/imagen_ciberseguridad.jpg\"><img loading=\"lazy\" decoding=\"async\" class=\"alignright size-medium wp-image-26358183\" alt=\"imagen_ciberseguridad\" src=\"https:\/\/www.upo.es\/diario\/wp-content\/uploads\/2018\/04\/imagen_ciberseguridad-320x180.jpg\" width=\"320\" height=\"180\" \/><\/a>El <b>Proyecto I+D+i Ciberataques y Gobernanza Global<\/b> de la Universidad Pablo de Olavide ha organizado su primera jornada bajo el t\u00edtulo \u201c<b>Seguridad Nacional y Ciberataques<\/b>\u201d, que tendr\u00e1 lugar hoy mi\u00e9rcoles 25 de abril a partir de las 11:30 horas en la Sala de Grados II de la Biblioteca del campus.<\/p>\n<p>Entre sus ponentes, figuran los m\u00e1ximos expertos y expertas probablemente en ciberseguridad en Espa\u00f1a. <b>Luc\u00eda Mill\u00e1n Moro<\/b>, catedr\u00e1tica de Derecho Internacional P\u00fablico y Relaciones Internacionales de la Universidad Pablo de Olavide inaugurar\u00e1 la jornada con la presentaci\u00f3n del Proyecto I+D+i Ciberataques y Gobernanza Global, Programa Estatal de Investigaci\u00f3n, Desarrollo e Innovaci\u00f3n orientada a los retos de la sociedad y auspiciado por el Ministerio de Econom\u00eda, Industria y Competitividad. A continuaci\u00f3n, el profesor de Ciencia Pol\u00edtica y de la Administraci\u00f3n de la UPO <b>Guillem Colom Piella<\/b> pronunciar\u00e1 la conferencia \u201cGeopol\u00edtica y potencias en el ciberespacio\u201d.<\/p>\n<p>Posteriormente, <b>Javier Candau Romero<\/b>, jefe del Departamento de Ciberseguridad del Centro Criptol\u00f3gico Nacional hablar\u00e1 sobre los \u201cPrincipales riesgos y amenazas sobre la ciberseguridad nacional e internacional\u201d en un momento marcado por los \u00faltimos ataques realizados a gran escala. Finalmente, la jefa de la Oficina de Seguridad del Departamento de Seguridad Nacional, <b>Mar\u00eda del Mar L\u00f3pez Gil<\/b>, cerrar\u00e1 la jornada con su ponencia sobre \u201cLa importancia de la ciberseguridad en la Estrategia de Seguridad Nacional 2017\u201d.<\/p>\n","protected":false},"excerpt":{"rendered":"<p>El Proyecto I+D+i Ciberataques y Gobernanza Global de la Universidad Pablo de Olavide ha organizado su primera jornada bajo el t\u00edtulo \u201cSeguridad Nacional y Ciberataques\u201d, que tendr\u00e1 lugar hoy mi\u00e9rcoles 25 de abril a partir de las 11:30 horas en la Sala de Grados II de la Biblioteca del campus. El jefe del Departamento de Ciberseguridad del Centro Criptol\u00f3gico Nacional y la jefa de la Oficina de Seguridad del Departamento de Seguridad Nacional, entre sus ponentes.<\/p>\n","protected":false},"author":14,"featured_media":0,"comment_status":"closed","ping_status":"open","sticky":false,"template":"","format":"standard","meta":{"_monsterinsights_skip_tracking":false,"_monsterinsights_sitenote_active":false,"_monsterinsights_sitenote_note":"","_monsterinsights_sitenote_category":0,"footnotes":""},"categories":[6],"tags":[4983,4980,4241,4981,514,4982,2992,4979],"class_list":["post-26357708","post","type-post","status-publish","format-standard","hentry","category-institucional","tag-centro-criptologico-nacional","tag-ciberataques","tag-ciberseguridad","tag-javier-candau-romero","tag-jornada","tag-maria-del-mar-lopez-gil","tag-proyecto-de-investigacion","tag-seguridad-nacional"],"_links":{"self":[{"href":"https:\/\/www.upo.es\/diario\/wp-json\/wp\/v2\/posts\/26357708","targetHints":{"allow":["GET"]}}],"collection":[{"href":"https:\/\/www.upo.es\/diario\/wp-json\/wp\/v2\/posts"}],"about":[{"href":"https:\/\/www.upo.es\/diario\/wp-json\/wp\/v2\/types\/post"}],"author":[{"embeddable":true,"href":"https:\/\/www.upo.es\/diario\/wp-json\/wp\/v2\/users\/14"}],"replies":[{"embeddable":true,"href":"https:\/\/www.upo.es\/diario\/wp-json\/wp\/v2\/comments?post=26357708"}],"version-history":[{"count":2,"href":"https:\/\/www.upo.es\/diario\/wp-json\/wp\/v2\/posts\/26357708\/revisions"}],"predecessor-version":[{"id":30862474,"href":"https:\/\/www.upo.es\/diario\/wp-json\/wp\/v2\/posts\/26357708\/revisions\/30862474"}],"wp:attachment":[{"href":"https:\/\/www.upo.es\/diario\/wp-json\/wp\/v2\/media?parent=26357708"}],"wp:term":[{"taxonomy":"category","embeddable":true,"href":"https:\/\/www.upo.es\/diario\/wp-json\/wp\/v2\/categories?post=26357708"},{"taxonomy":"post_tag","embeddable":true,"href":"https:\/\/www.upo.es\/diario\/wp-json\/wp\/v2\/tags?post=26357708"}],"curies":[{"name":"wp","href":"https:\/\/api.w.org\/{rel}","templated":true}]}}