{"id":26370446,"date":"2018-04-26T02:16:50","date_gmt":"2018-04-26T02:16:50","guid":{"rendered":"https:\/\/www.upo.es\/diario\/?p=26370446"},"modified":"2020-10-27T13:33:40","modified_gmt":"2020-10-27T12:33:40","slug":"cultura-minima-trae-a-su-programacion-tango-bolero-y-copla-con-sones-de-ida-y-vuelta-del-coro-de-la-upo","status":"publish","type":"post","link":"https:\/\/www.upo.es\/diario\/cultura\/2018\/04\/cultura-minima-trae-a-su-programacion-tango-bolero-y-copla-con-sones-de-ida-y-vuelta-del-coro-de-la-upo\/","title":{"rendered":"\u201cCultura M\u00ednima\u201d trae a su programaci\u00f3n tango, bolero y copla con \u201cSones de ida y vuelta\u201d del Coro de la UPO"},"content":{"rendered":"<p><span style=\"text-decoration: underline;\"><a href=\"https:\/\/www.upo.es\/diario\/wp-content\/uploads\/2018\/04\/coro.jpg\"><img loading=\"lazy\" decoding=\"async\" class=\"alignright size-medium wp-image-26370447\" alt=\"coro\" src=\"https:\/\/www.upo.es\/diario\/wp-content\/uploads\/2018\/04\/coro-320x178.jpg\" width=\"320\" height=\"178\" \/><\/a>Hoy jueves 26 de abril a las 19:30 horas en el espacio cultural \u2018El Entramado\u2019 (edificio 42), el programa <b>Cultura M\u00ednima<\/b> de la Universidad Pablo de Olavide acoge la representaci\u00f3n de \u201cSones de Ida y Vuelta\u201d del Coro de la UPO.<\/span> La entrada tiene un precio de 2 euros.<\/p>\n<p>Con la direcci\u00f3n art\u00edstica de <b>Jorge Rodr\u00edguez Morata<\/b> y la musical de <b>Miguel Rodr\u00edguez<\/b>, este programa profundiza en la interpretaci\u00f3n de los estilos musicales del tango, el bolero y la copla. En este concierto, el Coro de la Universidad Pablo de Olavide intervendr\u00e1 acompa\u00f1ado por un combo especializado en este tipo de repertorio, formado por <b>Antonio Xanxess<\/b> a las percusiones -bongo, caj\u00f3n y peque\u00f1a percusi\u00f3n-; <b>Jes\u00fas Orti<\/b> y <b>Rafael Linde<\/b> a las guitarras; y <b>Chano Robles<\/b> \u2013piano y bandone\u00f3n- que ha sido tambi\u00e9n el arreglista de todas las obras que componen el recital.<\/p>\n<p>El programa, del que la totalidad de sus obras se estrenan para este concierto, est\u00e1 compuesto por los siguientes temas musicales:<\/p>\n<p>Sitiera, Rafael L\u00f3pez<\/p>\n<p>Si t\u00fa me dices ven,\u00a0 Alfredo Gil<\/p>\n<p>Perfidia, Alberto Dom\u00ednguez<\/p>\n<p>Quiz\u00e1s quiz\u00e1s quiz\u00e1s, Osvaldo Farr\u00e9s<\/p>\n<p>El d\u00eda que me quieras, Carlos Gardel<\/p>\n<p>Toda una vida, Osvaldo Farr\u00e9s<\/p>\n<p>Currucha, Juan Bautista Plaza<\/p>\n<p>Caramba, Otilio Gal\u00edndez<\/p>\n<p>Zamba por Vos, Alfredo Zitarrosa<\/p>\n<p>L\u00e1grimas negras, Miguel Matamoros<\/p>\n<p><b>Cultura M\u00ednima<\/b> es la iniciativa de la Universidad Pablo de Olavide a trav\u00e9s del <b><a href=\"https:\/\/www.upo.es\/upsc\/extension_cultural\/\">Servicio de Extensi\u00f3n Cultural<\/a><\/b> del Vicerrectorado de Cultura y Compromiso Social para el fomento de artistas y creadores emergentes. En su programaci\u00f3n tienen cabida todo tipo de disciplinas art\u00edsticas y proyectos culturales, que partan o no de la comunidad universitaria, con la \u00fanica condici\u00f3n de que puedan llevarse a cabo en El Entramado, el espacio cultural situado a la entrada del campus.<\/p>\n<p>Completar\u00e1n la programaci\u00f3n de este a\u00f1o: <b>C\u00eda. Baal<\/b> con \u201cCrotch\u201d; <b>Ilusa Teatro<\/b> con \u201cUn, dos, tres\u2026 \u00a1Cambio!\u201d; <b>Caleidoscopia<\/b> con \u201cVerbos al borde del precipicio\u201d; <b>Asociaci\u00f3n Compa\u00f1\u00eda sin tel\u00f3n Teatro Espont\u00e1neo<\/b> con \u201cActuamos porque t\u00fa cuentas\u201d; el <b>Coro de la UPO <\/b>con \u201cEl nacimiento de la polifon\u00eda\u201d en esta ocasi\u00f3n; <b>Teatro Circo La Plaza<\/b> con \u201cDonde habite el olvido\u201d; <b>Asociaci\u00f3n La Casa Despierta<\/b> con \u201cHielo al sol\u201d; <b>Purple Snake Blues<\/b> con \u201cPalabra de blues\u201d; <b>Colectivo Herederas de Salem<\/b> con \u201cRecital Herederas de Salem\u201d; y <b>L-Amora<\/b> con \u201cEl libro vivo de los abrazos\u201d.<\/p>\n","protected":false},"excerpt":{"rendered":"<p>Hoy jueves 26 de abril a las 19:30 horas en el espacio cultural \u2018El Entramado\u2019 (edificio 42), el programa Cultura M\u00ednima de la Universidad Pablo de Olavide acoge la representaci\u00f3n de \u201cSones de Ida y Vuelta\u201d del Coro de la UPO. Con la direcci\u00f3n art\u00edstica de Jorge Rodr\u00edguez Morata y la musical de Miguel Rodr\u00edguez, este programa profundiza en la interpretaci\u00f3n de los estilos musicales del tango, el bolero y la copla. La entrada tiene un precio de 2 euros. <\/p>\n","protected":false},"author":14,"featured_media":0,"comment_status":"closed","ping_status":"open","sticky":false,"template":"","format":"standard","meta":{"_monsterinsights_skip_tracking":false,"_monsterinsights_sitenote_active":false,"_monsterinsights_sitenote_note":"","_monsterinsights_sitenote_category":0,"footnotes":""},"categories":[7],"tags":[4998,4999,71,5834,3869,3649,402,4997],"class_list":["post-26370446","post","type-post","status-publish","format-standard","hentry","category-cultura","tag-bolero","tag-copla","tag-coro","tag-cultura","tag-cultura-minima","tag-espacio-cultural-el-entramado","tag-musica","tag-tango"],"_links":{"self":[{"href":"https:\/\/www.upo.es\/diario\/wp-json\/wp\/v2\/posts\/26370446","targetHints":{"allow":["GET"]}}],"collection":[{"href":"https:\/\/www.upo.es\/diario\/wp-json\/wp\/v2\/posts"}],"about":[{"href":"https:\/\/www.upo.es\/diario\/wp-json\/wp\/v2\/types\/post"}],"author":[{"embeddable":true,"href":"https:\/\/www.upo.es\/diario\/wp-json\/wp\/v2\/users\/14"}],"replies":[{"embeddable":true,"href":"https:\/\/www.upo.es\/diario\/wp-json\/wp\/v2\/comments?post=26370446"}],"version-history":[{"count":1,"href":"https:\/\/www.upo.es\/diario\/wp-json\/wp\/v2\/posts\/26370446\/revisions"}],"predecessor-version":[{"id":26379934,"href":"https:\/\/www.upo.es\/diario\/wp-json\/wp\/v2\/posts\/26370446\/revisions\/26379934"}],"wp:attachment":[{"href":"https:\/\/www.upo.es\/diario\/wp-json\/wp\/v2\/media?parent=26370446"}],"wp:term":[{"taxonomy":"category","embeddable":true,"href":"https:\/\/www.upo.es\/diario\/wp-json\/wp\/v2\/categories?post=26370446"},{"taxonomy":"post_tag","embeddable":true,"href":"https:\/\/www.upo.es\/diario\/wp-json\/wp\/v2\/tags?post=26370446"}],"curies":[{"name":"wp","href":"https:\/\/api.w.org\/{rel}","templated":true}]}}