{"id":26393895,"date":"2018-04-27T01:38:17","date_gmt":"2018-04-27T01:38:17","guid":{"rendered":"https:\/\/www.upo.es\/diario\/?p=26393895"},"modified":"2018-04-27T12:38:27","modified_gmt":"2018-04-27T12:38:27","slug":"ceremonia-de-egresados-del-grado-en-humanidades-y-del-doble-grado-con-traduccion-e-interpretacion-2","status":"publish","type":"post","link":"https:\/\/www.upo.es\/diario\/institucional\/2018\/04\/ceremonia-de-egresados-del-grado-en-humanidades-y-del-doble-grado-con-traduccion-e-interpretacion-2\/","title":{"rendered":"Ceremonia de Egresados del Grado en Humanidades y del Doble Grado con Traducci\u00f3n e Interpretaci\u00f3n"},"content":{"rendered":"<figure id=\"attachment_26393896\" aria-describedby=\"caption-attachment-26393896\" style=\"width: 320px\" class=\"wp-caption alignright\"><a href=\"https:\/\/www.upo.es\/diario\/wp-content\/uploads\/2018\/04\/Egresados_Hum_20180426.jpg\"><img loading=\"lazy\" decoding=\"async\" class=\"size-medium wp-image-26393896\" alt=\"Promoci\u00f3n 2014-2018 del Grado en Humanidades \" src=\"https:\/\/www.upo.es\/diario\/wp-content\/uploads\/2018\/04\/Egresados_Hum_20180426-320x213.jpg\" width=\"320\" height=\"213\" srcset=\"https:\/\/www.upo.es\/diario\/wp-content\/uploads\/2018\/04\/Egresados_Hum_20180426-320x213.jpg 320w, https:\/\/www.upo.es\/diario\/wp-content\/uploads\/2018\/04\/Egresados_Hum_20180426-600x399.jpg 600w\" sizes=\"auto, (max-width: 320px) 100vw, 320px\" \/><\/a><figcaption id=\"caption-attachment-26393896\" class=\"wp-caption-text\">Promoci\u00f3n 2014-2018 del Grado en Humanidades<\/figcaption><\/figure>\n<p>Las ceremonias de egresados de la promoci\u00f3n 2014-2018 del Grado en Humanidades y de la promoci\u00f3n 2013-2018 del Doble Grado en Humanidades y Traducci\u00f3n e Interpretaci\u00f3n se celebraron el jueves 26 de abril en el Paraninfo de la Universidad Pablo de Olavide, presidida por la decana de la Facultad de Humanidades, <b>Rosario Moreno Soldevila<\/b>.<\/p>\n<p>La madrina de la promoci\u00f3n de Humanidades ha sido <b>Elena Mu\u00f1iz Grijalvo<\/b>, profesora del \u00c1rea de Historia Antigua de la UPO; y la madrina de la promoci\u00f3n de Humanidades y Traducci\u00f3n e Interpretaci\u00f3n ha sido <b>Lorena P\u00e9rez Garc\u00eda<\/b>, profesora del \u00c1rea de Traducci\u00f3n e Interpretaci\u00f3n. A las ceremonias tambi\u00e9n asistieron como invitados de honor: <b>Mar\u00eda Dolores P\u00e9rez Bernal<\/b>, profesora del \u00c1rea de Filosof\u00eda; y <b>Jos\u00e9 Ram\u00f3n Carrillo D\u00edaz Pines<\/b>, profesor del \u00c1rea de Arqueolog\u00eda de la Universidad Pablo de Olavide.<\/p>\n<figure id=\"attachment_26393897\" aria-describedby=\"caption-attachment-26393897\" style=\"width: 320px\" class=\"wp-caption alignright\"><a href=\"https:\/\/www.upo.es\/diario\/wp-content\/uploads\/2018\/04\/Egresados_Hum_Hum-TeI_20180426.jpg\"><img loading=\"lazy\" decoding=\"async\" class=\"size-medium wp-image-26393897\" alt=\"Promoci\u00f3n 2013-2018 del Doble Grado en Humanidades y TeI\" src=\"https:\/\/www.upo.es\/diario\/wp-content\/uploads\/2018\/04\/Egresados_Hum_Hum-TeI_20180426-320x180.jpg\" width=\"320\" height=\"180\" srcset=\"https:\/\/www.upo.es\/diario\/wp-content\/uploads\/2018\/04\/Egresados_Hum_Hum-TeI_20180426-320x180.jpg 320w, https:\/\/www.upo.es\/diario\/wp-content\/uploads\/2018\/04\/Egresados_Hum_Hum-TeI_20180426-600x337.jpg 600w\" sizes=\"auto, (max-width: 320px) 100vw, 320px\" \/><\/a><figcaption id=\"caption-attachment-26393897\" class=\"wp-caption-text\">Promoci\u00f3n 2013-2018 del Doble Grado en Humanidades y TeI<\/figcaption><\/figure>\n<p>En representaci\u00f3n del alumnado egresado, pronunciaron los discursos <b>Jos\u00e9 Antonio del Saz Navarro<\/b> y <b>Gema Asunci\u00f3n Espinal P\u00e9rez<\/b> del Grado en Humanidades; y <b>Elisa Berbero Valderrama<\/b> y <b>Alfonso Cevallos-Z\u00fa\u00f1iga Llamas<\/b> del Doble Grado en Humanidades y Traducci\u00f3n e Interpretaci\u00f3n.<\/p>\n<p>Un total de 25 egresados y egresadas \u201313 del \u00a0Grado en Humanidades y 12 del Doble Grado en Humanidades y Traducci\u00f3n e Interpretaci\u00f3n\u2013 han asistido, junto a sus familiares, a este acto con el que la Universidad Pablo de Olavide recupera una antigua tradici\u00f3n de las universidades europeas.<\/p>\n","protected":false},"excerpt":{"rendered":"<p>Las ceremonias de egresados de la promoci\u00f3n 2014-2018 del Grado en Humanidades y de la promoci\u00f3n 2013-2018 del Doble Grado en Humanidades y Traducci\u00f3n e Interpretaci\u00f3n se celebraron el jueves 26 de abril en el Paraninfo de la Universidad Pablo de Olavide, presidida por la decana de la Facultad de Humanidades, Rosario Moreno Soldevila.<\/p>\n","protected":false},"author":6,"featured_media":0,"comment_status":"closed","ping_status":"open","sticky":false,"template":"","format":"standard","meta":{"_monsterinsights_skip_tracking":false,"_monsterinsights_sitenote_active":false,"_monsterinsights_sitenote_note":"","_monsterinsights_sitenote_category":0,"footnotes":""},"categories":[6],"tags":[581,21,96,4176,132,754],"class_list":["post-26393895","post","type-post","status-publish","format-standard","hentry","category-institucional","tag-ceremonia-de-egresados","tag-estudiantes","tag-facultad-de-humanidades","tag-fin-de-grado","tag-humanidades","tag-traduccion-e-interpretacion"],"_links":{"self":[{"href":"https:\/\/www.upo.es\/diario\/wp-json\/wp\/v2\/posts\/26393895","targetHints":{"allow":["GET"]}}],"collection":[{"href":"https:\/\/www.upo.es\/diario\/wp-json\/wp\/v2\/posts"}],"about":[{"href":"https:\/\/www.upo.es\/diario\/wp-json\/wp\/v2\/types\/post"}],"author":[{"embeddable":true,"href":"https:\/\/www.upo.es\/diario\/wp-json\/wp\/v2\/users\/6"}],"replies":[{"embeddable":true,"href":"https:\/\/www.upo.es\/diario\/wp-json\/wp\/v2\/comments?post=26393895"}],"version-history":[{"count":3,"href":"https:\/\/www.upo.es\/diario\/wp-json\/wp\/v2\/posts\/26393895\/revisions"}],"predecessor-version":[{"id":26393900,"href":"https:\/\/www.upo.es\/diario\/wp-json\/wp\/v2\/posts\/26393895\/revisions\/26393900"}],"wp:attachment":[{"href":"https:\/\/www.upo.es\/diario\/wp-json\/wp\/v2\/media?parent=26393895"}],"wp:term":[{"taxonomy":"category","embeddable":true,"href":"https:\/\/www.upo.es\/diario\/wp-json\/wp\/v2\/categories?post=26393895"},{"taxonomy":"post_tag","embeddable":true,"href":"https:\/\/www.upo.es\/diario\/wp-json\/wp\/v2\/tags?post=26393895"}],"curies":[{"name":"wp","href":"https:\/\/api.w.org\/{rel}","templated":true}]}}