{"id":26428926,"date":"2018-04-30T12:36:23","date_gmt":"2018-04-30T12:36:23","guid":{"rendered":"https:\/\/www.upo.es\/diario\/?p=26428926"},"modified":"2020-10-27T13:32:32","modified_gmt":"2020-10-27T12:32:32","slug":"ceremonia-de-egresados-de-los-grados-en-traduccion-e-interpretacion-de-frances-y-aleman-de-la-upo","status":"publish","type":"post","link":"https:\/\/www.upo.es\/diario\/institucional\/2018\/04\/ceremonia-de-egresados-de-los-grados-en-traduccion-e-interpretacion-de-frances-y-aleman-de-la-upo\/","title":{"rendered":"Ceremonia de Egresados de los Grados en Traducci\u00f3n e Interpretaci\u00f3n de Franc\u00e9s y Alem\u00e1n de la UPO"},"content":{"rendered":"<figure id=\"attachment_26428927\" aria-describedby=\"caption-attachment-26428927\" style=\"width: 600px\" class=\"wp-caption aligncenter\"><a href=\"https:\/\/www.upo.es\/diario\/wp-content\/uploads\/2018\/04\/TeIFrances_Aleman2.jpg\"><img loading=\"lazy\" decoding=\"async\" class=\"size-large wp-image-26428927\" alt=\"Promoci\u00f3n 2014-2018 del Grado en Traducci\u00f3n e Interpretaci\u00f3n de Franc\u00e9s\" src=\"https:\/\/www.upo.es\/diario\/wp-content\/uploads\/2018\/04\/TeIFrances_Aleman2-600x400.jpg\" width=\"600\" height=\"400\" \/><\/a><figcaption id=\"caption-attachment-26428927\" class=\"wp-caption-text\">Promoci\u00f3n 2014-2018 del Grado en Traducci\u00f3n e Interpretaci\u00f3n de Franc\u00e9s<\/figcaption><\/figure>\n<p>Las ceremonias de egresados de las promociones 2014-2018 del Grado en Traducci\u00f3n e Interpretaci\u00f3n de Franc\u00e9s y Alem\u00e1n se celebraron el viernes 27 de abril en el Paraninfo de la Universidad Pablo de Olavide, presididas por la decana de la Facultad de Humanidades, <b>Rosario Moreno Soldevila<\/b>.<\/p>\n<p>La madrina de la promoci\u00f3n de Traducci\u00f3n e Interpretaci\u00f3n de Franc\u00e9s fue <b>Rosario Baquero Mesa<\/b>, profesora del \u00c1rea de Traducci\u00f3n e Interpretaci\u00f3n de la UPO; y el padrino de la promoci\u00f3n de Traducci\u00f3n e Interpretaci\u00f3n de Alem\u00e1n fue <b>Juan Cuartero Otal<\/b>, profesor del \u00c1rea de Filolog\u00eda Alemana. A las ceremonias tambi\u00e9n asistieron como invitados de honor: <b>Sergio Espa\u00f1a P\u00e9rez<\/b>, profesor del \u00c1rea de Traducci\u00f3n e Interpretaci\u00f3n; y <b>Karl Heisel<\/b>, profesor del \u00c1rea de Filolog\u00eda Alemana de la Universidad Pablo de Olavide.<\/p>\n<figure id=\"attachment_26428928\" aria-describedby=\"caption-attachment-26428928\" style=\"width: 320px\" class=\"wp-caption alignright\"><a href=\"https:\/\/www.upo.es\/diario\/wp-content\/uploads\/2018\/04\/TeIFrances_Aleman6.jpg\"><img loading=\"lazy\" decoding=\"async\" class=\"size-medium wp-image-26428928\" alt=\"Promoci\u00f3n 2014-2018 del Grado en TEI Alem\u00e1n\" src=\"https:\/\/www.upo.es\/diario\/wp-content\/uploads\/2018\/04\/TeIFrances_Aleman6-320x213.jpg\" width=\"320\" height=\"213\" \/><\/a><figcaption id=\"caption-attachment-26428928\" class=\"wp-caption-text\">Promoci\u00f3n 2014-2018 del Grado en TEI Alem\u00e1n<\/figcaption><\/figure>\n<p>En representaci\u00f3n del alumnado egresado, pronunciaron los discursos <b>Mar\u00eda Fern\u00e1ndez Mu\u00f1oz<\/b> y <b>Noura Hamidi El Hilali<\/b> del Grado en Traducci\u00f3n e Interpretaci\u00f3n de Franc\u00e9s; y <b>F\u00e1tima Villegas Cruz<\/b> y <b>Gloria Rodr\u00edguez Tur<\/b> del Grado en Alem\u00e1n.<\/p>\n<p>Un total de 49 egresados y egresadas \u201334 de Franc\u00e9s y 15 de Alem\u00e1n\u2013 asistieron, junto a sus familiares, a este acto con el que la Universidad Pablo de Olavide recupera una antigua tradici\u00f3n de las universidades europeas.<\/p>\n","protected":false},"excerpt":{"rendered":"<p>Las ceremonias de egresados de las promociones 2014-2018 del Grado en Traducci\u00f3n e Interpretaci\u00f3n de Franc\u00e9s y Alem\u00e1n se celebraron el viernes 27 de abril en el Paraninfo de la Universidad Pablo de Olavide, presididas por la decana de la Facultad de Humanidades, Rosario Moreno Soldevila. La madrina de la promoci\u00f3n de Traducci\u00f3n e Interpretaci\u00f3n de Franc\u00e9s fue Rosario Baquero Mesa, profesora del \u00c1rea de Traducci\u00f3n e Interpretaci\u00f3n de la UPO; y el padrino de la promoci\u00f3n de Traducci\u00f3n e Interpretaci\u00f3n de Alem\u00e1n fue Juan Cuartero Otal, profesor del \u00c1rea de Filolog\u00eda Alemana.<\/p>\n","protected":false},"author":14,"featured_media":0,"comment_status":"closed","ping_status":"open","sticky":false,"template":"","format":"standard","meta":{"_monsterinsights_skip_tracking":false,"_monsterinsights_sitenote_active":false,"_monsterinsights_sitenote_note":"","_monsterinsights_sitenote_category":0,"footnotes":""},"categories":[6],"tags":[864,581,21,96,967,1555,1684,432],"class_list":["post-26428926","post","type-post","status-publish","format-standard","hentry","category-institucional","tag-alemania","tag-ceremonia-de-egresados","tag-estudiantes","tag-facultad-de-humanidades","tag-frances","tag-grado-en-traduccion-e-interpretacion","tag-paraninfo","tag-traduccion-e-interpretacion-tei"],"_links":{"self":[{"href":"https:\/\/www.upo.es\/diario\/wp-json\/wp\/v2\/posts\/26428926","targetHints":{"allow":["GET"]}}],"collection":[{"href":"https:\/\/www.upo.es\/diario\/wp-json\/wp\/v2\/posts"}],"about":[{"href":"https:\/\/www.upo.es\/diario\/wp-json\/wp\/v2\/types\/post"}],"author":[{"embeddable":true,"href":"https:\/\/www.upo.es\/diario\/wp-json\/wp\/v2\/users\/14"}],"replies":[{"embeddable":true,"href":"https:\/\/www.upo.es\/diario\/wp-json\/wp\/v2\/comments?post=26428926"}],"version-history":[{"count":1,"href":"https:\/\/www.upo.es\/diario\/wp-json\/wp\/v2\/posts\/26428926\/revisions"}],"predecessor-version":[{"id":30862480,"href":"https:\/\/www.upo.es\/diario\/wp-json\/wp\/v2\/posts\/26428926\/revisions\/30862480"}],"wp:attachment":[{"href":"https:\/\/www.upo.es\/diario\/wp-json\/wp\/v2\/media?parent=26428926"}],"wp:term":[{"taxonomy":"category","embeddable":true,"href":"https:\/\/www.upo.es\/diario\/wp-json\/wp\/v2\/categories?post=26428926"},{"taxonomy":"post_tag","embeddable":true,"href":"https:\/\/www.upo.es\/diario\/wp-json\/wp\/v2\/tags?post=26428926"}],"curies":[{"name":"wp","href":"https:\/\/api.w.org\/{rel}","templated":true}]}}