{"id":26429902,"date":"2018-05-02T10:01:47","date_gmt":"2018-05-02T08:01:47","guid":{"rendered":"https:\/\/www.upo.es\/diario\/?p=26429902"},"modified":"2020-10-27T15:46:21","modified_gmt":"2020-10-27T14:46:21","slug":"la-universidad-pablo-de-olavide-acoge-el-miercoles-el-acto-conmemorativo-del-dia-de-la-sociologia","status":"publish","type":"post","link":"https:\/\/www.upo.es\/diario\/institucional\/2018\/05\/la-universidad-pablo-de-olavide-acoge-el-miercoles-el-acto-conmemorativo-del-dia-de-la-sociologia\/","title":{"rendered":"El rector destaca la importancia de la Sociolog\u00eda para afrontar los retos del siglo XXI"},"content":{"rendered":"<figure id=\"attachment_26452833\" aria-describedby=\"caption-attachment-26452833\" style=\"width: 600px\" class=\"wp-caption aligncenter\"><a href=\"https:\/\/www.upo.es\/diario\/wp-content\/uploads\/2018\/05\/Dia-Sociologia-UPO_20180502.jpg\"><img loading=\"lazy\" decoding=\"async\" class=\"size-large wp-image-26452833\" alt=\"Estrella Gualda, Rosa D\u00edaz, Vicente Guzm\u00e1n, Clemente J. Navarro y V\u00edctor M. Mu\u00f1oz\" src=\"https:\/\/www.upo.es\/diario\/wp-content\/uploads\/2018\/05\/Dia-Sociologia-UPO_20180502-600x400.jpg\" width=\"600\" height=\"400\" srcset=\"https:\/\/www.upo.es\/diario\/wp-content\/uploads\/2018\/05\/Dia-Sociologia-UPO_20180502-600x400.jpg 600w, https:\/\/www.upo.es\/diario\/wp-content\/uploads\/2018\/05\/Dia-Sociologia-UPO_20180502-320x213.jpg 320w\" sizes=\"auto, (max-width: 600px) 100vw, 600px\" \/><\/a><figcaption id=\"caption-attachment-26452833\" class=\"wp-caption-text\">Estrella Gualda, Rosa M. D\u00edaz, Vicente Guzm\u00e1n, Clemente J. Navarro y V\u00edctor M. Mu\u00f1oz<\/figcaption><\/figure>\n<p>El rector <b>Vicente Guzm\u00e1n Fluja<\/b> ha presidido esta ma\u00f1ana, en la Sala de Grados del edificio 7 de la UPO, el acto conmemorativo del <b>D\u00eda de la Sociolog\u00eda<\/b>. El rector ha estado acompa\u00f1ado por <b>Rosa Mar\u00eda D\u00edaz<\/b>, decana de la Facultad de Ciencias Sociales; <b>Estrella Gualda<\/b>, vicepresidenta de la Asociaci\u00f3n Andaluza de Sociolog\u00eda; <b>Clemente J. Navarro<\/b>, director del Departamento de Sociolog\u00eda; y <b>V\u00edctor M. Mu\u00f1oz<\/b>, director acad\u00e9mico del Grado en Sociolog\u00eda de la Universidad Pablo de Olavide.<\/p>\n<p>Vicente Guzm\u00e1n ha destacado la labor docente e investigadora de los profesores y profesoras de Sociolog\u00eda de la Universidad Pablo de Olavide \u201cgracias a cuyo trabajo, los estudiantes de esta disciplina en la UPO pueden sentirse en buenas manos\u201d. Igualmente, ha resaltado la importancia que tiene la Sociolog\u00eda en el an\u00e1lisis de los grandes retos a los que se enfrenta la sociedad en el siglo XXI, se\u00f1alando que \u201cla misi\u00f3n de la Universidad es ayudar para que estos cambios sean analizados y comprendidos\u201d.<\/p>\n<p>El D\u00eda de la Sociolog\u00eda se enmarca en la iniciativa llevada a cabo por primera vez en Andaluc\u00eda por la <b>Facultad de Ciencias Sociales<\/b> de la Universidad Pablo de Olavide y la <b>Facultad de Ciencias Pol\u00edticas y Sociolog\u00eda de la Universidad<\/b> <b>de Granada<\/b> para hacer visible esta disciplina tanto en el \u00e1mbito acad\u00e9mico como en el social, organizando conjuntamente con el apoyo del Departamento de Sociolog\u00eda y la Asociaci\u00f3n Andaluza de Sociolog\u00eda la \u00abSemana de la Sociolog\u00eda Andaluza\u00bb.<\/p>\n<p>La jornada ha comenzado en el campus universitario con temas como la juventud, sus problemas, sus retos y las perspectivas feministas de la Sociolog\u00eda. Por la tarde, la actividad se desplazar\u00e1 a Gallo Rojo (C\/ Viriato, 9), donde a trav\u00e9s de un formato basado en el di\u00e1logo y la conversaci\u00f3n, se abordar\u00e1n temas cruciales en el an\u00e1lisis sociol\u00f3gico y en el contexto presente. La jornada terminar\u00e1 con la actuaci\u00f3n musical en directo de <b>SOC&amp;BEER Divulgar en el bar<\/b>.<\/p>\n<p>Para la organizaci\u00f3n de la Semana de la Sociolog\u00eda Andaluza, en una \u00e9poca de cambio social acelerado, ser profesional soci\u00f3logo exige una gran responsabilidad. La Sociolog\u00eda no puede ser considerada una ciencia accesoria porque el pensamiento sociol\u00f3gico es transformador y sirve para mejorar la calidad de las sociedades. Plurales, heterog\u00e9neas y conectadas, las sociedades tambi\u00e9n tienen elementos de an\u00e1lisis cada vez m\u00e1s sofisticados. A trav\u00e9s de datos y observaciones, los soci\u00f3logos y las soci\u00f3logas ofrecen evidencias para comprender la sociedad.<\/p>\n<ul>\n<li>Programa completo del <a href=\"https:\/\/www.upo.es\/upo_opencms\/export\/sites\/upo\/Galerias\/Descargas\/InfoEstudiantes\/Dia-Sociologia-UPO_18.pdf\">D\u00eda de la Sociolog\u00eda<\/a>.<\/li>\n<\/ul>\n","protected":false},"excerpt":{"rendered":"<p>El rector Vicente Guzm\u00e1n Fluja ha presidido en la Sala de Grados del edificio 7 de la UPO, el acto conmemorativo del D\u00eda de la Sociolog\u00eda. El rector ha estado acompa\u00f1ado por Rosa Mar\u00eda D\u00edaz, decana de la Facultad de Ciencias Sociales; Estrella Gualda, vicepresidenta de la Asociaci\u00f3n Andaluza de Sociolog\u00eda; Clemente J. Navarro, director del Departamento de Sociolog\u00eda; y V\u00edctor M. Mu\u00f1oz, director acad\u00e9mico del Grado en Sociolog\u00eda de la Universidad Pablo de Olavide.<\/p>\n","protected":false},"author":14,"featured_media":0,"comment_status":"closed","ping_status":"open","sticky":false,"template":"","format":"standard","meta":{"_monsterinsights_skip_tracking":false,"_monsterinsights_sitenote_active":false,"_monsterinsights_sitenote_note":"","_monsterinsights_sitenote_category":0,"footnotes":""},"categories":[6],"tags":[5027,3329,1450,5026,487,2461,38,5028,5029],"class_list":["post-26429902","post","type-post","status-publish","format-standard","hentry","category-institucional","tag-asociacion-andaluza-de-sociologia","tag-conmemoracion","tag-departamento-de-sociologia","tag-dia-de-la-sociologia","tag-facultad-ciencias-sociales","tag-grado-en-sociologia","tag-rector","tag-semana-de-la-sociologia-andaluza","tag-socbeer"],"_links":{"self":[{"href":"https:\/\/www.upo.es\/diario\/wp-json\/wp\/v2\/posts\/26429902","targetHints":{"allow":["GET"]}}],"collection":[{"href":"https:\/\/www.upo.es\/diario\/wp-json\/wp\/v2\/posts"}],"about":[{"href":"https:\/\/www.upo.es\/diario\/wp-json\/wp\/v2\/types\/post"}],"author":[{"embeddable":true,"href":"https:\/\/www.upo.es\/diario\/wp-json\/wp\/v2\/users\/14"}],"replies":[{"embeddable":true,"href":"https:\/\/www.upo.es\/diario\/wp-json\/wp\/v2\/comments?post=26429902"}],"version-history":[{"count":6,"href":"https:\/\/www.upo.es\/diario\/wp-json\/wp\/v2\/posts\/26429902\/revisions"}],"predecessor-version":[{"id":30862491,"href":"https:\/\/www.upo.es\/diario\/wp-json\/wp\/v2\/posts\/26429902\/revisions\/30862491"}],"wp:attachment":[{"href":"https:\/\/www.upo.es\/diario\/wp-json\/wp\/v2\/media?parent=26429902"}],"wp:term":[{"taxonomy":"category","embeddable":true,"href":"https:\/\/www.upo.es\/diario\/wp-json\/wp\/v2\/categories?post=26429902"},{"taxonomy":"post_tag","embeddable":true,"href":"https:\/\/www.upo.es\/diario\/wp-json\/wp\/v2\/tags?post=26429902"}],"curies":[{"name":"wp","href":"https:\/\/api.w.org\/{rel}","templated":true}]}}