{"id":26452338,"date":"2018-05-03T00:03:25","date_gmt":"2018-05-03T00:03:25","guid":{"rendered":"https:\/\/www.upo.es\/diario\/?p=26452338"},"modified":"2020-10-27T13:32:00","modified_gmt":"2020-10-27T12:32:00","slug":"el-seminario-internacional-presente-y-futuro-del-contrato-de-servicios-manana-en-la-upo","status":"publish","type":"post","link":"https:\/\/www.upo.es\/diario\/institucional\/2018\/05\/el-seminario-internacional-presente-y-futuro-del-contrato-de-servicios-manana-en-la-upo\/","title":{"rendered":"El Seminario Internacional \u201cPresente y futuro del contrato de servicios\u201d, en la UPO"},"content":{"rendered":"<p><span style=\"text-decoration: underline;\"><a href=\"https:\/\/www.upo.es\/diario\/wp-content\/uploads\/2018\/05\/laptop-3196481_1280.jpg\"><img loading=\"lazy\" decoding=\"async\" class=\"alignright size-medium wp-image-26452339\" alt=\"laptop-3196481_1280\" src=\"https:\/\/www.upo.es\/diario\/wp-content\/uploads\/2018\/05\/laptop-3196481_1280-320x213.jpg\" width=\"320\" height=\"213\" \/><\/a>El Proyecto de excelencia \u201c<b>Modernizaci\u00f3n del contrato de servicios en el Derecho privado<\/b>\u201d de la Universidad Pablo de Olavide ha organizado para hoy jueves 3 de mayo a partir de las 16:15 horas en el aula B.05 del edificio 45 del campus el <b>Seminario Internacional \u201cPresente y futuro del contrato de servicios\u201d<\/b> del Doble M\u00e1ster en Abogac\u00eda y Derecho de la Contrataci\u00f3n y Responsabilidad Civil.<\/span><\/p>\n<p>La conferencia inaugural corresponder\u00e1 al profesor <b>Stathis Banakas<\/b> de la Universidad East Anglia (Norwich, Reino Unido) sobre \u201cEl contrato de servicios en el Derecho ingl\u00e9s\u201d. Posteriormente, ser\u00e1n diferentes docentes de la Universidad Pablo de Olavide quienes desarrollen en sus ponencias tem\u00e1ticas como la pol\u00edtica legal en la modernizaci\u00f3n del contrato de servicios, la determinaci\u00f3n del precio en el mismo, el contrato de suministro de contenidos digitales a cambio de datos personales, la responsabilidad civil en la prestaci\u00f3n de servicios de abogac\u00eda y los contratos de servicios m\u00e9dicos en el DCFR. La jornada concluir\u00e1 con un debate sobre todo lo tratado en el seminario.<\/p>\n<p>Este encuentro tiene la coordinaci\u00f3n acad\u00e9mica de <b>Luc\u00eda V\u00e1zquez-Pastor<\/b> y <b>Reyes S\u00e1nchez Ler\u00eda<\/b>, as\u00ed como la direcci\u00f3n de <b>Francisco Infante Ruiz<\/b> y <b>Francisco Oliva Bl\u00e1zquez<\/b>, que inaugurar\u00e1n el seminario.<\/p>\n<p>El <a href=\"http:\/\/www.upo.es\/postgrado\/Doble-Master-Oficial-Abogacia-y-Derecho-de-la-Contratacion-y-Responsabilidad-Civil\">Doble M\u00e1ster en Abogac\u00eda y Derecho de la Contrataci\u00f3n y la Responsabilidad Civil<\/a> ofrece las competencias y conocimientos necesarios para la capacitaci\u00f3n profesional de futuros abogados y abogadas con el fin de garantizar a la ciudadan\u00eda un asesoramiento y una defensa jur\u00eddica de calidad. A su vez, los futuros profesionales pueden acceder a una formaci\u00f3n altamente especializada y de calidad en torno a dos elementos clave de las sociedades modernas: los contratos y la responsabilidad derivada de los da\u00f1os provocados. Este m\u00e1ster tiene un importante per\u00edodo de pr\u00e1cticas externas (30 cr\u00e9ditos ECTS) para la obtenci\u00f3n de la titulaci\u00f3n, gracias a la amplia red de relaciones con despachos profesionales, asesor\u00edas jur\u00eddicas y empresas con que cuenta esta Universidad.<\/p>\n","protected":false},"excerpt":{"rendered":"<p>El Proyecto de excelencia \u201cModernizaci\u00f3n del contrato de servicios en el Derecho privado\u201d de la Universidad Pablo de Olavide ha organizado para hoy jueves 3 de mayo a partir de las 16:15 horas en el aula B.05 del edificio 45 del campus el Seminario Internacional \u201cPresente y futuro del contrato de servicios\u201d del Doble M\u00e1ster en Abogac\u00eda y Derecho de la Contrataci\u00f3n y Responsabilidad Civil.<\/p>\n","protected":false},"author":14,"featured_media":0,"comment_status":"closed","ping_status":"open","sticky":false,"template":"","format":"standard","meta":{"_monsterinsights_skip_tracking":false,"_monsterinsights_sitenote_active":false,"_monsterinsights_sitenote_note":"","_monsterinsights_sitenote_category":0,"footnotes":""},"categories":[6],"tags":[5030,5034,714,5031,5033,78,5032],"class_list":["post-26452338","post","type-post","status-publish","format-standard","hentry","category-institucional","tag-contrato-de-servicios","tag-derecho-de-la-contratacion","tag-derecho-privado","tag-doble-master-en-abogacia-y-derecho-de-la-contratacion","tag-responsabilidad-civil","tag-seminario","tag-stathis-banakas"],"_links":{"self":[{"href":"https:\/\/www.upo.es\/diario\/wp-json\/wp\/v2\/posts\/26452338","targetHints":{"allow":["GET"]}}],"collection":[{"href":"https:\/\/www.upo.es\/diario\/wp-json\/wp\/v2\/posts"}],"about":[{"href":"https:\/\/www.upo.es\/diario\/wp-json\/wp\/v2\/types\/post"}],"author":[{"embeddable":true,"href":"https:\/\/www.upo.es\/diario\/wp-json\/wp\/v2\/users\/14"}],"replies":[{"embeddable":true,"href":"https:\/\/www.upo.es\/diario\/wp-json\/wp\/v2\/comments?post=26452338"}],"version-history":[{"count":2,"href":"https:\/\/www.upo.es\/diario\/wp-json\/wp\/v2\/posts\/26452338\/revisions"}],"predecessor-version":[{"id":30862498,"href":"https:\/\/www.upo.es\/diario\/wp-json\/wp\/v2\/posts\/26452338\/revisions\/30862498"}],"wp:attachment":[{"href":"https:\/\/www.upo.es\/diario\/wp-json\/wp\/v2\/media?parent=26452338"}],"wp:term":[{"taxonomy":"category","embeddable":true,"href":"https:\/\/www.upo.es\/diario\/wp-json\/wp\/v2\/categories?post=26452338"},{"taxonomy":"post_tag","embeddable":true,"href":"https:\/\/www.upo.es\/diario\/wp-json\/wp\/v2\/tags?post=26452338"}],"curies":[{"name":"wp","href":"https:\/\/api.w.org\/{rel}","templated":true}]}}