{"id":26475733,"date":"2018-05-04T00:01:58","date_gmt":"2018-05-03T22:01:58","guid":{"rendered":"https:\/\/www.upo.es\/diario\/?p=26475733"},"modified":"2020-10-27T15:46:51","modified_gmt":"2020-10-27T14:46:51","slug":"ceremonia-de-graduacion-de-derecho-y-de-derecho-hispano-aleman-con-la-universidad-de-bayreuth","status":"publish","type":"post","link":"https:\/\/www.upo.es\/diario\/institucional\/2018\/05\/ceremonia-de-graduacion-de-derecho-y-de-derecho-hispano-aleman-con-la-universidad-de-bayreuth\/","title":{"rendered":"Ceremonia de Graduaci\u00f3n de Derecho y de Derecho Hispano-Alem\u00e1n con la Universidad de Bayreuth"},"content":{"rendered":"<figure id=\"attachment_26475734\" aria-describedby=\"caption-attachment-26475734\" style=\"width: 600px\" class=\"wp-caption aligncenter\"><a href=\"https:\/\/www.upo.es\/diario\/wp-content\/uploads\/2018\/05\/180503-UPO_281.jpg\"><img loading=\"lazy\" decoding=\"async\" class=\"size-large wp-image-26475734\" alt=\"Promoci\u00f3n 2014-2018 del Grado en Derecho\" src=\"https:\/\/www.upo.es\/diario\/wp-content\/uploads\/2018\/05\/180503-UPO_281-600x400.jpg\" width=\"600\" height=\"400\" \/><\/a><figcaption id=\"caption-attachment-26475734\" class=\"wp-caption-text\">Promoci\u00f3n 2014-2018 del Grado en Derecho<\/figcaption><\/figure>\n<p>Las ceremonias de graduaci\u00f3n de la promoci\u00f3n 2014-2018 del Grado en Derecho y de la promoci\u00f3n 2013-2018 del Doble Grado en Derecho Hispano-Alem\u00e1n con la Universidad de Bayreuth se celebraron el jueves 3 de mayo en el Paraninfo de la Universidad Pablo de Olavide, presididas por la decana de la Facultad de Derecho, <b>Mar\u00eda Serrano Fern\u00e1ndez<\/b>.<\/p>\n<p>El padrino de las promociones ha sido <b>Francisco Luis P\u00e9rez Guerrero<\/b>, director general del Gabinete del Ministro del Interior del Gobierno de Espa\u00f1a. A las ceremonias tambi\u00e9n asistieron: <b>Luc\u00eda Alvarado Herrera<\/b>, secretaria de la Facultad de Derecho de la Universidad Pablo de Olavide; <b>Mar\u00eda Jos\u00e9 Collantes de Ter\u00e1n de la Hera<\/b>, directora acad\u00e9mica del Grado en Derecho; y <b>Andr\u00e9s Rodr\u00edguez Benot<\/b>, catedr\u00e1tico en Derecho Internacional Privado y director acad\u00e9mico del Doble Grado en Derecho Hispano-Alem\u00e1n con la Universidad de Bayreuth.<\/p>\n<figure id=\"attachment_26475735\" aria-describedby=\"caption-attachment-26475735\" style=\"width: 320px\" class=\"wp-caption alignright\"><a href=\"https:\/\/www.upo.es\/diario\/wp-content\/uploads\/2018\/05\/180503-UPO_284.jpg\"><img loading=\"lazy\" decoding=\"async\" class=\"size-medium wp-image-26475735\" alt=\"Promoci\u00f3n 2013-2018 del Doble Grado en Derecho Hispano-Alem\u00e1n\" src=\"https:\/\/www.upo.es\/diario\/wp-content\/uploads\/2018\/05\/180503-UPO_284-320x213.jpg\" width=\"320\" height=\"213\" \/><\/a><figcaption id=\"caption-attachment-26475735\" class=\"wp-caption-text\">Promoci\u00f3n 2013-2018 del Doble Grado en Derecho Hispano-Alem\u00e1n<\/figcaption><\/figure>\n<p>En representaci\u00f3n del alumnado egresado, pronunciaron los discursos <b>Sandra Espada Tello<\/b>, <b>Alba Marina Hinojosa Rodr\u00edguez-Carretero<\/b> y <b>Miriam Sanz Furest<\/b> del Grado en Derecho; y <b>Mar\u00eda del Mar Cabrera S\u00e1nchez<\/b> del Doble Grado en Derecho Hispano-Alem\u00e1n.<\/p>\n<p>Un total de 59 egresados y egresadas \u201356 del Grado en Derecho y 3 del Doble Grado\u2013 han asistido, junto a sus familiares, a este acto con el que la Universidad Pablo de Olavide recupera una antigua tradici\u00f3n de las universidades europeas.<\/p>\n","protected":false},"excerpt":{"rendered":"<p>Las ceremonias de graduaci\u00f3n de la promoci\u00f3n 2014-2018 del Grado en Derecho y de la promoci\u00f3n 2013-2018 del Doble Grado en Derecho Hispano-Alem\u00e1n con la Universidad de Bayreuth se celebraron el jueves 3 de mayo en el Paraninfo de la Universidad Pablo de Olavide, presididas por la decana de la Facultad de Derecho, Mar\u00eda Serrano Fern\u00e1ndez.<\/p>\n","protected":false},"author":14,"featured_media":0,"comment_status":"closed","ping_status":"open","sticky":false,"template":"","format":"standard","meta":{"_monsterinsights_skip_tracking":false,"_monsterinsights_sitenote_active":false,"_monsterinsights_sitenote_note":"","_monsterinsights_sitenote_category":0,"footnotes":""},"categories":[6],"tags":[581,5051,81,5052,1366,5042,4005],"class_list":["post-26475733","post","type-post","status-publish","format-standard","hentry","category-institucional","tag-ceremonia-de-egresados","tag-doble-grado-en-derecho-hispano-aleman","tag-facultad-de-derecho","tag-francisco-luis-perez-guerrero","tag-grado-en-derecho","tag-graduacion","tag-universidad-de-bayreuth"],"_links":{"self":[{"href":"https:\/\/www.upo.es\/diario\/wp-json\/wp\/v2\/posts\/26475733","targetHints":{"allow":["GET"]}}],"collection":[{"href":"https:\/\/www.upo.es\/diario\/wp-json\/wp\/v2\/posts"}],"about":[{"href":"https:\/\/www.upo.es\/diario\/wp-json\/wp\/v2\/types\/post"}],"author":[{"embeddable":true,"href":"https:\/\/www.upo.es\/diario\/wp-json\/wp\/v2\/users\/14"}],"replies":[{"embeddable":true,"href":"https:\/\/www.upo.es\/diario\/wp-json\/wp\/v2\/comments?post=26475733"}],"version-history":[{"count":1,"href":"https:\/\/www.upo.es\/diario\/wp-json\/wp\/v2\/posts\/26475733\/revisions"}],"predecessor-version":[{"id":30862477,"href":"https:\/\/www.upo.es\/diario\/wp-json\/wp\/v2\/posts\/26475733\/revisions\/30862477"}],"wp:attachment":[{"href":"https:\/\/www.upo.es\/diario\/wp-json\/wp\/v2\/media?parent=26475733"}],"wp:term":[{"taxonomy":"category","embeddable":true,"href":"https:\/\/www.upo.es\/diario\/wp-json\/wp\/v2\/categories?post=26475733"},{"taxonomy":"post_tag","embeddable":true,"href":"https:\/\/www.upo.es\/diario\/wp-json\/wp\/v2\/tags?post=26475733"}],"curies":[{"name":"wp","href":"https:\/\/api.w.org\/{rel}","templated":true}]}}