{"id":26476231,"date":"2018-05-04T10:01:28","date_gmt":"2018-05-04T08:01:28","guid":{"rendered":"https:\/\/www.upo.es\/diario\/?p=26476231"},"modified":"2020-10-27T15:47:01","modified_gmt":"2020-10-27T14:47:01","slug":"la-ex-ministra-narbona-y-el-secretario-general-de-ccoo-debatiran-sobre-trabajo-y-cambio-climatico-en-carmona","status":"publish","type":"post","link":"https:\/\/www.upo.es\/diario\/institucional\/2018\/05\/la-ex-ministra-narbona-y-el-secretario-general-de-ccoo-debatiran-sobre-trabajo-y-cambio-climatico-en-carmona\/","title":{"rendered":"La ex ministra Narbona y el secretario general de CCOO debatir\u00e1n sobre trabajo y cambio clim\u00e1tico en Carmona"},"content":{"rendered":"<figure id=\"attachment_26476232\" aria-describedby=\"caption-attachment-26476232\" style=\"width: 320px\" class=\"wp-caption alignright\"><a href=\"https:\/\/www.upo.es\/diario\/wp-content\/uploads\/2018\/05\/Nuria-L\u00f3pez.jpg\"><img loading=\"lazy\" decoding=\"async\" class=\"size-medium wp-image-26476232\" alt=\"Nuria L\u00f3pez, secretaria general de CCOO Andaluc\u00eda, en la sede de la Olavide en Carmona\" src=\"https:\/\/www.upo.es\/diario\/wp-content\/uploads\/2018\/05\/Nuria-L\u00f3pez-320x213.jpg\" width=\"320\" height=\"213\" \/><\/a><figcaption id=\"caption-attachment-26476232\" class=\"wp-caption-text\">Nuria L\u00f3pez, secretaria general de CCOO Andaluc\u00eda, en la sede de la Olavide en Carmona<\/figcaption><\/figure>\n<p>Ante la indiscutible realidad del cambio clim\u00e1tico, el mundo del trabajo tendr\u00e1 que asumir nuevos retos y adaptarse a una situaci\u00f3n in\u00e9dita. El empleo en este nuevo escenario medioambiental es el hilo argumental del curso \u2018<b>Trabajo y cambio clim\u00e1tico. Transici\u00f3n justa hacia nuevos modelos econ\u00f3micos sostenibles<\/b>\u2019, que se celebrar\u00e1 del 25 al 27 de junio en la sede de la Universidad Pablo de Olavide en Carmona en el marco de la XVI edici\u00f3n de los Cursos de Verano. Con la participaci\u00f3n de la ex ministra de Medio Ambiente <b>Cristina Narbona<\/b> y del secretario general de CCOO <b>Unai Sordo<\/b> y bajo la direcci\u00f3n de Sara de los Reyes, secretaria de Organizaci\u00f3n y Finanzas de CCOO de Sevilla, un grupo de expertos, sindicalistas y pol\u00edticos reflexionar\u00e1n sobre la necesidad de adoptar las medidas necesarias para paliar los efectos del cambio clim\u00e1tico desde todos los sectores sociales, incluido el laboral.<\/p>\n<p>Seg\u00fan explica <b>Sara de los Reyes<\/b>, tradicionalmente el mundo del trabajo \u201cha vivido con la obligaci\u00f3n de tener que elegir entre el mantenimiento de los puestos de trabajo y la salud y bienestar de la gente en distintos sectores econ\u00f3micos\u201d, si bien \u201cesta contradicci\u00f3n se puede eliminar aprendiendo a utilizar las f\u00f3rmulas adecuadas\u201d. Para la dirigente de CCOO, \u201cnos vamos a ver obligados a cambiar h\u00e1bitos personales y laborales\u201d, por lo que es \u201cimprescindible poner a la ecolog\u00eda en el centro del tablero con el apoyo del mundo de la pol\u00edtica y de la lucha social\u201d, a\u00f1ade la responsable del seminario, que est\u00e1 financiado por la Diputaci\u00f3n de Sevilla, la Fundaci\u00f3n Cajasol y el Consejo Social de la Universidad Pablo de Olavide.<\/p>\n<p>La conferencia inaugural del curso estar\u00e1 a cargo de <b>Jos\u00e9 Fiscal<\/b>, consejero de Medio Ambiente y Ordenaci\u00f3n del Territorio de la Junta de Andaluc\u00eda, mientras que en el acto de clausura participar\u00e1n Unai Sordo, secretario general de CCOO; <b>Nuria L\u00f3pez<\/b>, secretaria general de CCOO de Andaluc\u00eda; y <b>Alfonso Vid\u00e1n<\/b>, secretario general de CCOO de Sevilla, quienes disertar\u00e1n sobre \u2018Trabajo decente y cambio clim\u00e1tico\u2019.<\/p>\n<p><b>Jos\u00e9 Mar\u00eda Jim\u00e9nez<\/b>, educador ambiental de Argos Proyectos Educativos, impartir\u00e1 diversos talleres en el transcurso del seminario, como \u2018Imaginario del cambio clim\u00e1tico\u2019, \u2018Efecto domin\u00f3. Una din\u00e1mica para la comprensi\u00f3n de la complejidad ambiental\u2019, \u2018Planes de cambio clim\u00e1tico. \u00bfElaboramos uno para nuestro centro de trabajo?\u2019 o \u2018Nuestro plan de cambio clim\u00e1tico\u2019, mientras que <b>Yayo Herrero<\/b>, antrop\u00f3loga, ecofeminista, profesora, ingeniera y miembro de Ecologistas en Acci\u00f3n hablar\u00e1 sobre el \u2018Panorama general del cambio global\u2019.<\/p>\n<p>Asimismo, participar\u00e1n en el curso <b>Mariano Sanz Lubeiro<\/b>, secretario de Medio Ambiente y Movilidad de CCOO, quien pronunciar\u00e1 la conferencia \u2018Impactos del cambio clim\u00e1tico en sectores socioecon\u00f3micos claves\u2019; y <b>Bego\u00f1a Mar\u00eda-Tom\u00e9 Gil<\/b>, del equipo t\u00e9cnico de Salud Laboral y Medio Ambiente del Instituto Sindical de Trabajo, Ambiente y Salud, quien hablar\u00e1 sobre los \u2018Efectos del cambio clim\u00e1tico sobre la salud\u2019. La actividad prev\u00e9 adem\u00e1s la celebraci\u00f3n de una mesa redonda sobre \u2018Pol\u00edticas contra el cambio clim\u00e1tico\u2019, en la que estar\u00e1n presentes Cristina Narbona, presidenta del PSOE y ex ministra de Medio Ambiente; <b>Juantxo L\u00f3pez Uralde<\/b>, diputado de Unidos Podemos en el Congreso y coportavoz federal de EQUO; <b>Eva Garc\u00eda Sempere<\/b>, diputada de Unidos Podemos en el Congreso y coordinadora del \u00e1rea federal de Medio Ambiente de Izquierda Unida; y <b>Joan Herrera<\/b>, abogado especialista en Medio Ambiente y director de la Escuela de Trabajo de CCOO.<\/p>\n<ul>\n<li>Programa del curso: <a href=\"https:\/\/www.upo.es\/olavideencarmona\/export\/sites\/upo_carmona\/documentos\/2018\/2018cc10.pdf\">PROGRAMA<\/a><\/li>\n<\/ul>\n<ul>\n<li>Matriculaci\u00f3n en el curso: <a href=\"https:\/\/www.upo.es\/olavideencarmona\/cursos_de_verano\/automatricula\/\">AUTOMATR\u00cdCULA<\/a><\/li>\n<\/ul>\n<ul>\n<li>Informaci\u00f3n general sobre los Cursos de Verano: <a href=\"https:\/\/www.upo.es\/olavideencarmona\/cursos_de_verano\/index.jsp\">INFORMACI\u00d3N<\/a><\/li>\n<\/ul>\n","protected":false},"excerpt":{"rendered":"<p>Ante la indiscutible realidad del cambio clim\u00e1tico, el mundo del trabajo tendr\u00e1 que asumir nuevos retos y adaptarse a una situaci\u00f3n in\u00e9dita. El empleo en este nuevo escenario medioambiental es el hilo argumental del curso \u2018Trabajo y cambio clim\u00e1tico. Transici\u00f3n justa hacia nuevos modelos econ\u00f3micos sostenibles\u2019, que se celebrar\u00e1 del 25 al 27 de junio en la sede de la Universidad Pablo de Olavide en Carmona en el marco de la XVI edici\u00f3n de los Cursos de Verano. Con la participaci\u00f3n de la ex ministra de Medio Ambiente Cristina Narbona y del secretario general de CCOO Unai Sordo y bajo la direcci\u00f3n de Sara de los Reyes, secretaria de Organizaci\u00f3n y Finanzas de CCOO de Sevilla.<\/p>\n","protected":false},"author":14,"featured_media":0,"comment_status":"closed","ping_status":"open","sticky":false,"template":"","format":"standard","meta":{"_monsterinsights_skip_tracking":false,"_monsterinsights_sitenote_active":false,"_monsterinsights_sitenote_note":"","_monsterinsights_sitenote_category":0,"footnotes":""},"categories":[6],"tags":[593,5055,5053,22,63,519,832,437,5054],"class_list":["post-26476231","post","type-post","status-publish","format-standard","hentry","category-institucional","tag-cambio-climatico","tag-ccoo","tag-cristina-narbona","tag-cursos-de-verano","tag-economia","tag-olavide-en-carmona","tag-sostenibilidad","tag-trabajo","tag-unai-sordo"],"_links":{"self":[{"href":"https:\/\/www.upo.es\/diario\/wp-json\/wp\/v2\/posts\/26476231","targetHints":{"allow":["GET"]}}],"collection":[{"href":"https:\/\/www.upo.es\/diario\/wp-json\/wp\/v2\/posts"}],"about":[{"href":"https:\/\/www.upo.es\/diario\/wp-json\/wp\/v2\/types\/post"}],"author":[{"embeddable":true,"href":"https:\/\/www.upo.es\/diario\/wp-json\/wp\/v2\/users\/14"}],"replies":[{"embeddable":true,"href":"https:\/\/www.upo.es\/diario\/wp-json\/wp\/v2\/comments?post=26476231"}],"version-history":[{"count":1,"href":"https:\/\/www.upo.es\/diario\/wp-json\/wp\/v2\/posts\/26476231\/revisions"}],"predecessor-version":[{"id":30862505,"href":"https:\/\/www.upo.es\/diario\/wp-json\/wp\/v2\/posts\/26476231\/revisions\/30862505"}],"wp:attachment":[{"href":"https:\/\/www.upo.es\/diario\/wp-json\/wp\/v2\/media?parent=26476231"}],"wp:term":[{"taxonomy":"category","embeddable":true,"href":"https:\/\/www.upo.es\/diario\/wp-json\/wp\/v2\/categories?post=26476231"},{"taxonomy":"post_tag","embeddable":true,"href":"https:\/\/www.upo.es\/diario\/wp-json\/wp\/v2\/tags?post=26476231"}],"curies":[{"name":"wp","href":"https:\/\/api.w.org\/{rel}","templated":true}]}}