{"id":26514224,"date":"2018-05-07T14:58:55","date_gmt":"2018-05-07T14:58:55","guid":{"rendered":"https:\/\/www.upo.es\/diario\/?p=26514224"},"modified":"2018-05-07T14:59:12","modified_gmt":"2018-05-07T14:59:12","slug":"un-armario-virtual-y-un-sistema-para-reutilizar-el-agua-de-ducha-proyectos-ganadores-del-climaton-de-sevilla","status":"publish","type":"post","link":"https:\/\/www.upo.es\/diario\/institucional\/2018\/05\/un-armario-virtual-y-un-sistema-para-reutilizar-el-agua-de-ducha-proyectos-ganadores-del-climaton-de-sevilla\/","title":{"rendered":"Un armario virtual y un sistema para reutilizar el agua de ducha, proyectos ganadores del \u2018Climat\u00f3n de Sevilla\u2019"},"content":{"rendered":"<figure id=\"attachment_26514225\" aria-describedby=\"caption-attachment-26514225\" style=\"width: 600px\" class=\"wp-caption aligncenter\"><a href=\"https:\/\/www.upo.es\/diario\/wp-content\/uploads\/2018\/05\/Premiados-Climaton-Sevilla.jpg\"><img loading=\"lazy\" decoding=\"async\" class=\"size-large wp-image-26514225\" alt=\"Ganadores del 'Climat\u00f3n de Sevilla' con el jurado\" src=\"https:\/\/www.upo.es\/diario\/wp-content\/uploads\/2018\/05\/Premiados-Climaton-Sevilla-600x400.jpg\" width=\"600\" height=\"400\" srcset=\"https:\/\/www.upo.es\/diario\/wp-content\/uploads\/2018\/05\/Premiados-Climaton-Sevilla-600x400.jpg 600w, https:\/\/www.upo.es\/diario\/wp-content\/uploads\/2018\/05\/Premiados-Climaton-Sevilla-320x213.jpg 320w\" sizes=\"auto, (max-width: 600px) 100vw, 600px\" \/><\/a><figcaption id=\"caption-attachment-26514225\" class=\"wp-caption-text\">Ganadores del &#8216;Climat\u00f3n de Sevilla&#8217; con el jurado<\/figcaption><\/figure>\n<p>La Universidad Pablo de Olavide ha sido sede durante el pasado fin de semana del <strong>\u2018Climat\u00f3n de Sevilla\u2019, un marat\u00f3n de emprendimiento sobre el clima<\/strong> que promueve el dise\u00f1o de soluciones empresariales inclusivas y sostenibles frente al cambio clim\u00e1tico. El evento fue inaugurado por<strong> Jos\u00e9 Manuel Feria Dom\u00ednguez<\/strong>, vicerrector de Estrategia, Empleabilidad y Emprendimiento de la UPO, acompa\u00f1ado por <strong>Luis Morales Carballo<\/strong>, organizador del mismo y representante de \u2018Ecoemprendedores por el Clima\u2019, quien explic\u00f3 que esta actividad se enmarca dentro de la iniciativa global \u2018Climatones j\u00f3venes ecoemprendedores 2018\u2019, que est\u00e1 recorriendo diferentes ciudades espa\u00f1olas y de otros pa\u00edses hasta el pr\u00f3ximo oto\u00f1o.<\/p>\n<p>Durante dos d\u00edas, estudiantes de la UPO y j\u00f3venes profesionales han participado en este evento cuyos principales objetivos son proporcionar oportunidades laborales, impulsar el ecoemprendimiento, la innovaci\u00f3n empresarial sostenible, los ecosistemas locales y las redes colaborativas de ciudades como palancas de acci\u00f3n en materia de mitigaci\u00f3n y adaptaci\u00f3n al cambio clim\u00e1tico.<\/p>\n<p>Los proyectos vencedores de esta edici\u00f3n han sido <strong>\u2018Clovi\u2019<\/strong>, una plataforma de econom\u00eda circular que consiste en un armario virtual con gran variedad de prendas que van rotando entre los diferentes usuarios de forma mensual, iniciativa liderada por Francisco S\u00e1nchez y Pilar Olmedo; y<strong> \u2018Sea\u2019<\/strong>, un sistema de recirculaci\u00f3n y reutilizaci\u00f3n del agua de ducha que puede suponer un importante ahorro de agua a viviendas y negocios, una idea de Elena Escudero, Irene Jim\u00e9nez y Mariana Neumann. Los dos proyectos vencedores viajar\u00e1n al Foro de las Ciudades que se celebrar\u00e1 los d\u00edas 13, 14 y 15 de junio en Madrid, donde contar\u00e1n con un espacio asociado a este evento para presentar los proyectos vencedores en cada una de las ciudades en las que se celebran los \u2018Climatones\u2019.<\/p>\n<p>Adem\u00e1s de estos dos proyectos, tambi\u00e9n se han presentado otras iniciativas durante el \u2018Climat\u00f3n de Sevilla\u2019, como \u2018EcoSigno\u2019, una certificaci\u00f3n con sello ecol\u00f3gico para hoteles con el fin de crear turismo sostenible y ecoturismo, presentada por Andrea Dom\u00ednguez, Henry Antonio Jim\u00e9nez, F\u00e1tima Monge y Juan Antonio Perea; y \u2018UrbanChain\u2019, una iniciativa que promueve la sostenibilidad y la mejora continua del uso de la movilidad en las empresas mediante un sistema integrado de consultor\u00eda y tecnolog\u00eda blockchain<i>, <\/i>presentada por Rafael S\u00e1nchez, Marina de la Vega y Barlin Orlando.<\/p>\n<p>El nuevo Centro Andaluz de Emprendimiento y Espacio de Coworking \u2018CADE-UPO\u2019 ha sido sede del \u2018Climat\u00f3n de Sevilla\u2019. Para la mentorizaci\u00f3n y asesoramiento de los ecoemprendedores se ha contado con Jos\u00e9 Mar\u00eda Prieto, t\u00e9cnico de Andaluc\u00eda Emprende asignado al CADE-UPO; Rosario Rodr\u00edguez y Lourdes Moya, t\u00e9cnicas del \u00c1rea de Empleabilidad y Emprendimiento de la Fundaci\u00f3n UPO, as\u00ed como con mentores externos que han impulsado los proyectos, como Carlos Prieto de Impact4C y Carlos Delgado, de Sevilla UP. Este evento es un proyecto apoyado por la C\u00e1tedra de Emprendimiento de Andaluc\u00eda Emprende, Fundaci\u00f3n P\u00fablica Andaluza, perteneciente a la Junta de Andaluc\u00eda.<\/p>\n<p>El jurado encargado de evaluar los proyectos presentados por los diferentes equipos ha estado compuesto por Isabel Ag\u00fcera, directora provincial de Sevilla de Andaluc\u00eda Emprende, Fundaci\u00f3n P\u00fablica Andaluza; Luis Garc\u00eda, de la corporaci\u00f3n de empresas municipales del Ayuntamiento de Sevilla; Jaime Aranda, impulsor del coworking Workincompany, del certamen de empresas Sevilla Startup Weekend y de la Asociaci\u00f3n SevillaUPO y Javier Ramos, coordinador del \u00c1rea de Empleabilidad y Emprendimiento de la Fundaci\u00f3n Universidad Pablo de Olavide.<\/p>\n","protected":false},"excerpt":{"rendered":"<p>\u2018Clovi\u2019, una plataforma de econom\u00eda circular que consiste en un armario virtual con gran variedad de prendas, y \u2018Sea\u2019, un sistema de recirculaci\u00f3n y reutilizaci\u00f3n del agua de ducha que puede suponer un importante ahorro de agua a viviendas y negocios, viajar\u00e1n al Foro de las Ciudades que se celebrar\u00e1 los d\u00edas 13, 14 y 15 de junio en Madrid.<\/p>\n","protected":false},"author":6,"featured_media":0,"comment_status":"closed","ping_status":"open","sticky":false,"template":"","format":"standard","meta":{"_monsterinsights_skip_tracking":false,"_monsterinsights_sitenote_active":false,"_monsterinsights_sitenote_note":"","_monsterinsights_sitenote_category":0,"footnotes":""},"categories":[6],"tags":[4984,958,59,689,2474,429,832,242],"class_list":["post-26514224","post","type-post","status-publish","format-standard","hentry","category-institucional","tag-cade-upo","tag-clima","tag-concurso","tag-emprendimiento","tag-fundacion-universidad-pablo-de-olavide","tag-medio-ambiente","tag-sostenibilidad","tag-upoemprende"],"_links":{"self":[{"href":"https:\/\/www.upo.es\/diario\/wp-json\/wp\/v2\/posts\/26514224","targetHints":{"allow":["GET"]}}],"collection":[{"href":"https:\/\/www.upo.es\/diario\/wp-json\/wp\/v2\/posts"}],"about":[{"href":"https:\/\/www.upo.es\/diario\/wp-json\/wp\/v2\/types\/post"}],"author":[{"embeddable":true,"href":"https:\/\/www.upo.es\/diario\/wp-json\/wp\/v2\/users\/6"}],"replies":[{"embeddable":true,"href":"https:\/\/www.upo.es\/diario\/wp-json\/wp\/v2\/comments?post=26514224"}],"version-history":[{"count":2,"href":"https:\/\/www.upo.es\/diario\/wp-json\/wp\/v2\/posts\/26514224\/revisions"}],"predecessor-version":[{"id":26514227,"href":"https:\/\/www.upo.es\/diario\/wp-json\/wp\/v2\/posts\/26514224\/revisions\/26514227"}],"wp:attachment":[{"href":"https:\/\/www.upo.es\/diario\/wp-json\/wp\/v2\/media?parent=26514224"}],"wp:term":[{"taxonomy":"category","embeddable":true,"href":"https:\/\/www.upo.es\/diario\/wp-json\/wp\/v2\/categories?post=26514224"},{"taxonomy":"post_tag","embeddable":true,"href":"https:\/\/www.upo.es\/diario\/wp-json\/wp\/v2\/tags?post=26514224"}],"curies":[{"name":"wp","href":"https:\/\/api.w.org\/{rel}","templated":true}]}}