{"id":26524148,"date":"2018-05-10T04:42:22","date_gmt":"2018-05-10T02:42:22","guid":{"rendered":"https:\/\/www.upo.es\/diario\/?p=26524148"},"modified":"2020-10-27T16:10:37","modified_gmt":"2020-10-27T15:10:37","slug":"la-upo-recibe-manana-miercoles-y-el-jueves-a-mas-de-1-500-estudiantes-de-23-centros-sevillanos-de-secundaria","status":"publish","type":"post","link":"https:\/\/www.upo.es\/diario\/institucional\/2018\/05\/la-upo-recibe-manana-miercoles-y-el-jueves-a-mas-de-1-500-estudiantes-de-23-centros-sevillanos-de-secundaria\/","title":{"rendered":"M\u00e1s de 1.500 estudiantes de Secundaria visitan la UPO para conocer su oferta de estudios y sus instalaciones"},"content":{"rendered":"<figure id=\"attachment_26537105\" aria-describedby=\"caption-attachment-26537105\" style=\"width: 600px\" class=\"wp-caption aligncenter\"><a href=\"https:\/\/www.upo.es\/diario\/wp-content\/uploads\/2018\/05\/Puertas-Abiertas-4ESO_2018_05_09_05.jpg\"><img loading=\"lazy\" decoding=\"async\" class=\"size-large wp-image-26537105\" alt=\"Jornadas de Puertas Abiertas para alumnado de 4\u00aa de ESO\" src=\"https:\/\/www.upo.es\/diario\/wp-content\/uploads\/2018\/05\/Puertas-Abiertas-4ESO_2018_05_09_05-600x337.jpg\" width=\"600\" height=\"337\" \/><\/a><figcaption id=\"caption-attachment-26537105\" class=\"wp-caption-text\">Jornadas de Puertas Abiertas para alumnado de 4\u00ba de ESO<\/figcaption><\/figure>\n<p>Hoy jueves 10 de mayo contin\u00faan las sesiones de las <b>Jornadas de Puertas Abiertas<\/b> de la Universidad Pablo de Olavide que han convocado a m\u00e1s de 1.500 estudiantes de 4\u00ba curso de Educaci\u00f3n Secundaria Obligatoria (ESO) procedentes de 21 institutos y centros de ESO de Sevilla y su provincia. La jornada comienza en el Paraninfo, donde <b>Mercedes de la Torre<\/b>, directora general de Acceso, Difusi\u00f3n y Captaci\u00f3n de la UPO; y <b>Miguel \u00c1ngel Morales<\/b>, director del \u00c1rea de Gesti\u00f3n Administrativa de Asistencia al Estudiante de Grado, dan la bienvenida al alumnado y presentan la oferta formativa de la Universidad.<\/p>\n<p>Por otra parte, los estudiantes asistir\u00e1n a la representaci\u00f3n de la obra \u201cClitemnestra Encadenada\u201d a cargo de Furor Bacchicus Teatro, grupo de teatro grecolatino formado por estudiantes y profesorado de la Facultad de Humanidades. A continuaci\u00f3n, los alumnos y alumnas realizar\u00e1n\u00a0 un recorrido por el campus acompa\u00f1ados por estudiantes de la propia universidad y, finalmente, podr\u00e1n disfrutar de actividades deportivas y participar en otras din\u00e1micas recreativas de debate, simulaci\u00f3n de un juicio y cinef\u00f3rum.<\/p>\n<p>Los centros que han participado en las Jornadas de Puertas Abiertas son: CDP Nuestra Se\u00f1ora de And\u00e9valo; CDP Nuestra Se\u00f1ora de la Compasi\u00f3n; CDP Ram\u00f3n Carande; CDP Santo Tom\u00e1s de Aquino; IES Alarifes Ruiz Florindo; IES Alvareda; IES Azahar; IES Bellavista; IES Bajo Guadalquivir; IES Carmen Laff\u00f3n; IES Delgado Brackembury; IES Flavio Irnitano; IES Gerena; IES Gonzalo Nazareno; IES Guadalquivir; IES La Campi\u00f1a; IES Maese Rodrigo; IES Mar\u00eda Galiana; IES Mariana Pineda; IES Marismas; IES Nicol\u00e1s Cop\u00e9rnico; IES Punta del Verde; e IES Virgen de Valme.<\/p>\n<p><b>La Universidad Pablo de Olavide <\/b><b>ofertar\u00e1 2.107 plazas de nuevo ingreso en un total de 34 grados para el pr\u00f3ximo curso.<\/b> Las titulaciones ofertadas son:<\/p>\n<p>&#8211; Grados: Humanidades, Traducci\u00f3n e Interpretaci\u00f3n (Ingl\u00e9s, Franc\u00e9s y Alem\u00e1n), Geograf\u00eda e Historia, Derecho, Relaciones Laborales y Recursos Humanos, Ciencias Pol\u00edticas y de la Administraci\u00f3n, Administraci\u00f3n y Direcci\u00f3n de Empresas en espa\u00f1ol y en ingl\u00e9s, Finanzas y Contabilidad, Criminolog\u00eda, An\u00e1lisis Econ\u00f3mico, Trabajo Social, Educaci\u00f3n Social, Ciencias de la Actividad F\u00edsica y del Deporte, Sociolog\u00eda, Biotecnolog\u00eda, Ciencias Ambientales, Ingenier\u00eda Inform\u00e1tica en Sistemas de la Informaci\u00f3n y Nutrici\u00f3n Humana y Diet\u00e9tica.<\/p>\n<p>&#8211; Dobles grados: Humanidades y Traducci\u00f3n e Interpretaci\u00f3n; Administraci\u00f3n y Direcci\u00f3n de Empresas y Derecho (en espa\u00f1ol y con ADE en ingl\u00e9s); Derecho y Finanzas y Contabilidad; Derecho y Ciencias Pol\u00edticas y de la Administraci\u00f3n; Derecho y Criminolog\u00eda; Derecho y Relaciones Laborales y Recursos Humanos; Ciencias Pol\u00edticas y de la Administraci\u00f3n y Sociolog\u00eda; Ingenier\u00eda Agr\u00edcola (US) y Ciencias Ambientales (UPO); Trabajo Social y Educaci\u00f3n Social; Trabajo Social y Sociolog\u00eda; y Ciencias Ambientales y Geograf\u00eda e Historia.<\/p>\n<p>&#8211; Estudios conjuntos en Derecho por la Universidad de Bayreuth (Alemania) y la Universidad Pablo de Olavide.<\/p>\n<p><b>PROGRAMA DE LAS JORNADAS:<\/b><\/p>\n<table width=\"685\" border=\"1\" cellspacing=\"0\" cellpadding=\"0\">\n<tbody>\n<tr>\n<td width=\"138\">\n<p align=\"center\"><b>HORARIO<\/b><\/p>\n<\/td>\n<td width=\"170\">\n<p align=\"center\"><b>ACTIVIDADES<\/b><\/p>\n<\/td>\n<td width=\"106\">\n<p align=\"center\"><b>1\u00ba TURNO<\/b><\/p>\n<\/td>\n<td width=\"272\">\n<p align=\"center\"><b>\u00a0<\/b><\/p>\n<p align=\"center\"><b>INSTALACIONES<\/b><\/p>\n<p align=\"center\"><b>\u00a0<\/b><\/p>\n<\/td>\n<\/tr>\n<tr>\n<td width=\"138\">\n<p align=\"center\"><b>9:15 &#8211; 9:30<\/b><\/p>\n<\/td>\n<td width=\"170\">\n<p align=\"center\">RECEPCI\u00d3N<\/p>\n<\/td>\n<td width=\"106\">\n<p align=\"center\">GRUPOS<\/p>\n<\/td>\n<td width=\"272\">\n<p align=\"center\">PLAZA DE AM\u00c9RICA<\/p>\n<\/td>\n<\/tr>\n<tr>\n<td width=\"138\">\n<p align=\"center\"><b>9:30 &#8211; 10:00<\/b><\/p>\n<\/td>\n<td width=\"170\">\n<p align=\"center\">BIENVENIDA INSTITUCIONAL<\/p>\n<\/td>\n<td rowspan=\"2\" width=\"106\">\n<p align=\"center\">Max. 370<\/p>\n<\/td>\n<td rowspan=\"2\" width=\"272\">\n<p align=\"center\">PARANINFO<\/p>\n<p align=\"center\">GRUPOS 1, 2. 3, 4 y 5<\/p>\n<\/td>\n<\/tr>\n<tr>\n<td width=\"138\">\n<p align=\"center\"><b>10:00 &#8211; 10:45<\/b><\/p>\n<\/td>\n<td width=\"170\">\n<p align=\"center\">TEATRO<\/p>\n<\/td>\n<\/tr>\n<tr>\n<td rowspan=\"5\" width=\"138\">\n<p align=\"center\"><b>10:45 &#8211; 12:15<\/b><\/p>\n<\/td>\n<td width=\"170\">\n<p align=\"center\">DEBATE<\/p>\n<\/td>\n<td width=\"106\">\n<p align=\"center\">1\u00ba<\/p>\n<\/td>\n<td width=\"272\">\n<p align=\"center\">JARDINES EDIF. 2- 4<\/p>\n<\/td>\n<\/tr>\n<tr>\n<td width=\"170\">\n<p align=\"center\">DEPORTE<\/p>\n<\/td>\n<td width=\"106\">\n<p align=\"center\">2\u00ba<\/p>\n<\/td>\n<td width=\"272\">\n<p align=\"center\">PABELL\u00d3N DEPORTIVO<\/p>\n<\/td>\n<\/tr>\n<tr>\n<td width=\"170\">\n<p align=\"center\">PASEO GUIADO<\/p>\n<\/td>\n<td width=\"106\">\n<p align=\"center\">3\u00ba<\/p>\n<\/td>\n<td width=\"272\">\n<p align=\"center\">CAMPUS DE LA UPO<\/p>\n<\/td>\n<\/tr>\n<tr>\n<td width=\"170\">\n<p align=\"center\">CINEFORUM<\/p>\n<\/td>\n<td width=\"106\">\n<p align=\"center\">4\u00ba<\/p>\n<\/td>\n<td width=\"272\">\n<p align=\"center\">AULA3\u00a0 DEL EDIFICIO 3<\/p>\n<\/td>\n<\/tr>\n<tr>\n<td width=\"170\">\n<p align=\"center\">JUCIO<\/p>\n<\/td>\n<td width=\"106\">\n<p align=\"center\">5\u00ba<\/p>\n<\/td>\n<td width=\"272\">\n<p align=\"center\">SALA DE GRADOS DEL EDIF. 7<\/p>\n<\/td>\n<\/tr>\n<tr>\n<td width=\"138\">\n<p align=\"center\"><b>HORARIO<\/b><\/p>\n<\/td>\n<td width=\"170\">\n<p align=\"center\"><b>ACTIVIDADES<\/b><\/p>\n<\/td>\n<td width=\"106\">\n<p align=\"center\"><b>2\u00ba TURNO<\/b><\/p>\n<\/td>\n<td width=\"272\">\n<p align=\"center\"><b>\u00a0<\/b><\/p>\n<p align=\"center\"><b>INSTALACIONES<\/b><\/p>\n<p align=\"center\"><b>\u00a0<\/b><\/p>\n<\/td>\n<\/tr>\n<tr>\n<td width=\"138\">\n<p align=\"center\"><b>11:00 &#8211; 11:15<\/b><\/p>\n<\/td>\n<td width=\"170\">\n<p align=\"center\">RECEPCI\u00d3N<\/p>\n<\/td>\n<td width=\"106\">\n<p align=\"center\">GRUPOS<\/p>\n<\/td>\n<td width=\"272\">\n<p align=\"center\">PLAZA DE AM\u00c9RICA<\/p>\n<\/td>\n<\/tr>\n<tr>\n<td width=\"138\">\n<p align=\"center\"><b>11:15 &#8211; 11:45<\/b><\/p>\n<\/td>\n<td width=\"170\">\n<p align=\"center\">BIENVENIDA INSTITUCIONAL<\/p>\n<\/td>\n<td rowspan=\"2\" width=\"106\">\n<p align=\"center\">Max. 370<\/p>\n<\/td>\n<td rowspan=\"2\" width=\"272\">\n<p align=\"center\">PARANINFO<\/p>\n<p align=\"center\">GRUPOS 6, 7, 8, 9 y 10<\/p>\n<\/td>\n<\/tr>\n<tr>\n<td width=\"138\">\n<p align=\"center\"><b>11:45 &#8211; 12:30<\/b><\/p>\n<\/td>\n<td width=\"170\">\n<p align=\"center\">TEATRO<\/p>\n<\/td>\n<\/tr>\n<tr>\n<td rowspan=\"5\" width=\"138\">\n<p align=\"center\"><b>12:30 &#8211; 14:00<\/b><\/p>\n<\/td>\n<td width=\"170\">\n<p align=\"center\">DEBATE<\/p>\n<\/td>\n<td width=\"106\">\n<p align=\"center\">6\u00ba<\/p>\n<\/td>\n<td width=\"272\">\n<p align=\"center\">JARDINES EDIF. 2- 4<\/p>\n<\/td>\n<\/tr>\n<tr>\n<td width=\"170\">\n<p align=\"center\">DEPORTE<\/p>\n<\/td>\n<td width=\"106\">\n<p align=\"center\">7\u00ba<\/p>\n<\/td>\n<td width=\"272\">\n<p align=\"center\">PABELL\u00d3N DEPORTIVO<\/p>\n<\/td>\n<\/tr>\n<tr>\n<td width=\"170\">\n<p align=\"center\">PASEO GUIADO<\/p>\n<\/td>\n<td width=\"106\">\n<p align=\"center\">8\u00ba<\/p>\n<\/td>\n<td width=\"272\">\n<p align=\"center\">CAMPUS DE LA UPO<\/p>\n<\/td>\n<\/tr>\n<tr>\n<td width=\"170\">\n<p align=\"center\">CINEF\u00d3RUM<\/p>\n<\/td>\n<td width=\"106\">\n<p align=\"center\">9\u00ba<\/p>\n<\/td>\n<td width=\"272\">\n<p align=\"center\">AULA 3\u00a0 DEL EDIFICIO 3<\/p>\n<\/td>\n<\/tr>\n<tr>\n<td width=\"170\">\n<p align=\"center\">JUCIO<\/p>\n<\/td>\n<td width=\"106\">\n<p align=\"center\">10\u00ba<\/p>\n<\/td>\n<td width=\"272\">\n<p align=\"center\">SALA DE GRADOS DEL EDIF. 7<\/p>\n<\/td>\n<\/tr>\n<\/tbody>\n<\/table>\n<p><b>\u00a0<\/b><\/p>\n","protected":false},"excerpt":{"rendered":"<p>La Universidad Pablo de Olavide ha celebrado los d\u00edas 9 y 10 de mayo unas Jornadas de Puertas Abiertas que han convocado a m\u00e1s de 1.500 estudiantes de 4\u00ba curso de Educaci\u00f3n Secundaria Obligatoria (ESO) procedentes de 21 institutos y centros de ESO de Sevilla y su provincia.<\/p>\n","protected":false},"author":14,"featured_media":0,"comment_status":"closed","ping_status":"open","sticky":false,"template":"","format":"standard","meta":{"_monsterinsights_skip_tracking":false,"_monsterinsights_sitenote_active":false,"_monsterinsights_sitenote_note":"","_monsterinsights_sitenote_category":0,"footnotes":""},"categories":[6],"tags":[501,5062,1099,5061,21,360,81,96,266,2730,1684,1382,2114],"class_list":["post-26524148","post","type-post","status-publish","format-standard","hentry","category-institucional","tag-acceso","tag-area-de-asistencia-al-estudiante","tag-centros-educativos","tag-difusion-y-captacion","tag-estudiantes","tag-facultad-de-ciencias-empresariales","tag-facultad-de-derecho","tag-facultad-de-humanidades","tag-grados","tag-jornada-de-puertas-abiertas","tag-paraninfo","tag-secundaria","tag-vicerrectorado-de-estudiantes"],"_links":{"self":[{"href":"https:\/\/www.upo.es\/diario\/wp-json\/wp\/v2\/posts\/26524148","targetHints":{"allow":["GET"]}}],"collection":[{"href":"https:\/\/www.upo.es\/diario\/wp-json\/wp\/v2\/posts"}],"about":[{"href":"https:\/\/www.upo.es\/diario\/wp-json\/wp\/v2\/types\/post"}],"author":[{"embeddable":true,"href":"https:\/\/www.upo.es\/diario\/wp-json\/wp\/v2\/users\/14"}],"replies":[{"embeddable":true,"href":"https:\/\/www.upo.es\/diario\/wp-json\/wp\/v2\/comments?post=26524148"}],"version-history":[{"count":14,"href":"https:\/\/www.upo.es\/diario\/wp-json\/wp\/v2\/posts\/26524148\/revisions"}],"predecessor-version":[{"id":30862495,"href":"https:\/\/www.upo.es\/diario\/wp-json\/wp\/v2\/posts\/26524148\/revisions\/30862495"}],"wp:attachment":[{"href":"https:\/\/www.upo.es\/diario\/wp-json\/wp\/v2\/media?parent=26524148"}],"wp:term":[{"taxonomy":"category","embeddable":true,"href":"https:\/\/www.upo.es\/diario\/wp-json\/wp\/v2\/categories?post=26524148"},{"taxonomy":"post_tag","embeddable":true,"href":"https:\/\/www.upo.es\/diario\/wp-json\/wp\/v2\/tags?post=26524148"}],"curies":[{"name":"wp","href":"https:\/\/api.w.org\/{rel}","templated":true}]}}