{"id":26548685,"date":"2018-05-10T12:47:03","date_gmt":"2018-05-10T12:47:03","guid":{"rendered":"https:\/\/www.upo.es\/diario\/?p=26548685"},"modified":"2018-05-10T12:47:03","modified_gmt":"2018-05-10T12:47:03","slug":"ceremonia-de-egresados-del-grado-en-relaciones-laborales-y-recursos-humanos-y-del-doble-grado-en-derecho-y-relaciones-laborales-y-recursos-humanos-de-la-upo","status":"publish","type":"post","link":"https:\/\/www.upo.es\/diario\/institucional\/2018\/05\/ceremonia-de-egresados-del-grado-en-relaciones-laborales-y-recursos-humanos-y-del-doble-grado-en-derecho-y-relaciones-laborales-y-recursos-humanos-de-la-upo\/","title":{"rendered":"Ceremonia de egresados del Grado en Relaciones Laborales y Recursos Humanos y del Doble Grado en Derecho y Relaciones Laborales y Recursos Humanos de la UPO"},"content":{"rendered":"<figure id=\"attachment_26549092\" aria-describedby=\"caption-attachment-26549092\" style=\"width: 320px\" class=\"wp-caption alignright\"><a href=\"https:\/\/www.upo.es\/diario\/wp-content\/uploads\/2018\/05\/180504-UPO_257_web.jpg\"><img loading=\"lazy\" decoding=\"async\" class=\"size-medium wp-image-26549092\" alt=\"Egresados del grado en Relaciones Laborales y Recursos Humanos\" src=\"https:\/\/www.upo.es\/diario\/wp-content\/uploads\/2018\/05\/180504-UPO_257_web-320x213.jpg\" width=\"320\" height=\"213\" srcset=\"https:\/\/www.upo.es\/diario\/wp-content\/uploads\/2018\/05\/180504-UPO_257_web-320x213.jpg 320w, https:\/\/www.upo.es\/diario\/wp-content\/uploads\/2018\/05\/180504-UPO_257_web-600x400.jpg 600w, https:\/\/www.upo.es\/diario\/wp-content\/uploads\/2018\/05\/180504-UPO_257_web.jpg 1000w\" sizes=\"auto, (max-width: 320px) 100vw, 320px\" \/><\/a><figcaption id=\"caption-attachment-26549092\" class=\"wp-caption-text\">Grado en Relaciones Laborales y Recursos Humanos<\/figcaption><\/figure>\n<p style=\"text-align: justify;\">Las ceremonias de graduaci\u00f3n de la promoci\u00f3n 2014-2018 del Grado en Relaciones Laborales y Recursos Humanos y de la promoci\u00f3n 2013-2018 del Doble Grado en Derecho y Relaciones Laborales y Recursos Humanos se celebraron el mi\u00e9rcoles 9 de mayo en el Paraninfo de la Universidad Pablo de Olavide, presididas por la decana de la Facultad de Derecho, Mar\u00eda Serrano Fern\u00e1ndez.<\/p>\n<p style=\"text-align: justify;\">La madrina de las promociones ha sido Nieves Rico M\u00e1rquez, magistrada-juez del Juzgado de lo Social n\u00ba 4 de Sevilla. A las ceremonias tambi\u00e9n asistieron: Alfonso Ybarra Bores, vicedecano de Relaciones Internacionales y Movilidad de la Facultad de Derecho, C\u00e9sar Hornero M\u00e9ndez, director del Departamento de Derecho Privado y Montserrat Hermos\u00edn \u00c1lvarez, coordinadora del grado.<\/p>\n<figure id=\"attachment_26549093\" aria-describedby=\"caption-attachment-26549093\" style=\"width: 320px\" class=\"wp-caption alignright\"><a href=\"https:\/\/www.upo.es\/diario\/wp-content\/uploads\/2018\/05\/180504-UPO_260_web.jpg\"><img loading=\"lazy\" decoding=\"async\" class=\"size-medium wp-image-26549093\" alt=\"Egresados del Doble Grado en Derecho y Relaciones Laborales y Recursos Humanos\" src=\"https:\/\/www.upo.es\/diario\/wp-content\/uploads\/2018\/05\/180504-UPO_260_web-320x213.jpg\" width=\"320\" height=\"213\" srcset=\"https:\/\/www.upo.es\/diario\/wp-content\/uploads\/2018\/05\/180504-UPO_260_web-320x213.jpg 320w, https:\/\/www.upo.es\/diario\/wp-content\/uploads\/2018\/05\/180504-UPO_260_web-600x400.jpg 600w, https:\/\/www.upo.es\/diario\/wp-content\/uploads\/2018\/05\/180504-UPO_260_web.jpg 866w\" sizes=\"auto, (max-width: 320px) 100vw, 320px\" \/><\/a><figcaption id=\"caption-attachment-26549093\" class=\"wp-caption-text\">Doble Grado en Derecho y Relaciones Laborales y Recursos Humanos<\/figcaption><\/figure>\n<p style=\"text-align: justify;\">En representaci\u00f3n del alumnado egresado, pronunciaron los discursos: Cinta Oliva Garc\u00eda del Grado en Relaciones Laborales y Recursos Humanos; y Mar\u00eda Zayas Zapata del Doble Grado en Derecho y Relaciones Laborales y Recursos Humanos.<\/p>\n<p style=\"text-align: justify;\">\u00a0Un total de 71 egresados y egresadas \u201360 del Grado en Relaciones Laborales y Recursos Humanos y 11 del Doble Grado en Derecho y Relaciones Laborales y Recursos Humanos\u2013 han asistido, junto a sus familiares, a este acto con el que la Universidad Pablo de Olavide recupera una antigua tradici\u00f3n de las universidades europeas.<\/p>\n<p style=\"text-align: justify;\">\n","protected":false},"excerpt":{"rendered":"<p>Las ceremonias de graduaci\u00f3n de la promoci\u00f3n 2014-2018 del Grado en Relaciones Laborales y Recursos Humanos y de la promoci\u00f3n 2013-2018 del Doble Grado en Derecho y Relaciones Laborales y Recursos Humanos se celebraron el mi\u00e9rcoles 9 de mayo en el Paraninfo de la Universidad Pablo de Olavide, presididas por la decana de la Facultad de Derecho, Mar\u00eda Serrano Fern\u00e1ndez. <\/p>\n","protected":false},"author":4,"featured_media":0,"comment_status":"closed","ping_status":"open","sticky":false,"template":"","format":"standard","meta":{"_monsterinsights_skip_tracking":false,"_monsterinsights_sitenote_active":false,"_monsterinsights_sitenote_note":"","_monsterinsights_sitenote_category":0,"footnotes":""},"categories":[6],"tags":[581,5074,5073,81,1390],"class_list":["post-26548685","post","type-post","status-publish","format-standard","hentry","category-institucional","tag-ceremonia-de-egresados","tag-ceremonia-de-graduacion","tag-doble-grado-en-derecho-y-relaciones-laborales-y-recursos-humanos","tag-facultad-de-derecho","tag-grado-en-relaciones-laborales-y-recursos-humanos"],"_links":{"self":[{"href":"https:\/\/www.upo.es\/diario\/wp-json\/wp\/v2\/posts\/26548685","targetHints":{"allow":["GET"]}}],"collection":[{"href":"https:\/\/www.upo.es\/diario\/wp-json\/wp\/v2\/posts"}],"about":[{"href":"https:\/\/www.upo.es\/diario\/wp-json\/wp\/v2\/types\/post"}],"author":[{"embeddable":true,"href":"https:\/\/www.upo.es\/diario\/wp-json\/wp\/v2\/users\/4"}],"replies":[{"embeddable":true,"href":"https:\/\/www.upo.es\/diario\/wp-json\/wp\/v2\/comments?post=26548685"}],"version-history":[{"count":2,"href":"https:\/\/www.upo.es\/diario\/wp-json\/wp\/v2\/posts\/26548685\/revisions"}],"predecessor-version":[{"id":26549095,"href":"https:\/\/www.upo.es\/diario\/wp-json\/wp\/v2\/posts\/26548685\/revisions\/26549095"}],"wp:attachment":[{"href":"https:\/\/www.upo.es\/diario\/wp-json\/wp\/v2\/media?parent=26548685"}],"wp:term":[{"taxonomy":"category","embeddable":true,"href":"https:\/\/www.upo.es\/diario\/wp-json\/wp\/v2\/categories?post=26548685"},{"taxonomy":"post_tag","embeddable":true,"href":"https:\/\/www.upo.es\/diario\/wp-json\/wp\/v2\/tags?post=26548685"}],"curies":[{"name":"wp","href":"https:\/\/api.w.org\/{rel}","templated":true}]}}