{"id":26549596,"date":"2018-05-10T14:34:33","date_gmt":"2018-05-10T14:34:33","guid":{"rendered":"https:\/\/www.upo.es\/diario\/?p=26549596"},"modified":"2018-05-11T06:58:15","modified_gmt":"2018-05-11T06:58:15","slug":"la-facultad-de-humanidades-de-la-upo-organiza-encuentra-un-foro-entre-profesionales-egresados-y-estudiantes","status":"publish","type":"post","link":"https:\/\/www.upo.es\/diario\/institucional\/2018\/05\/la-facultad-de-humanidades-de-la-upo-organiza-encuentra-un-foro-entre-profesionales-egresados-y-estudiantes\/","title":{"rendered":"La Facultad de Humanidades de la UPO organiza \u2018Encuentra\u2019, un foro entre profesionales, egresados y estudiantes"},"content":{"rendered":"<figure id=\"attachment_26549597\" aria-describedby=\"caption-attachment-26549597\" style=\"width: 600px\" class=\"wp-caption aligncenter\"><a href=\"https:\/\/www.upo.es\/diario\/wp-content\/uploads\/2018\/05\/Foro-Encuentra_20180510.jpg\"><img loading=\"lazy\" decoding=\"async\" class=\"size-large wp-image-26549597\" alt=\"Rosario Moreno, decana de la Facultad de Humanidades, en la apertura del foro 'Encuentra' en el Paraninfo de la UPO\" src=\"https:\/\/www.upo.es\/diario\/wp-content\/uploads\/2018\/05\/Foro-Encuentra_20180510-600x400.jpg\" width=\"600\" height=\"400\" srcset=\"https:\/\/www.upo.es\/diario\/wp-content\/uploads\/2018\/05\/Foro-Encuentra_20180510-600x400.jpg 600w, https:\/\/www.upo.es\/diario\/wp-content\/uploads\/2018\/05\/Foro-Encuentra_20180510-320x213.jpg 320w\" sizes=\"auto, (max-width: 600px) 100vw, 600px\" \/><\/a><figcaption id=\"caption-attachment-26549597\" class=\"wp-caption-text\">Rosario Moreno, decana de la Facultad de Humanidades, en la apertura del foro &#8216;Encuentra&#8217; en el Paraninfo<\/figcaption><\/figure>\n<p>El vicerrector de Estrategia, Empleabilidad y Emprendimiento de la Universidad Pablo de Olavide, Jos\u00e9 Manuel Feria, y la decana de la Facultad de Humanidades, Rosario Moreno, han abierto esta tarde en el Paraninfo de la UPO el foro <b>\u2018Encuentra. Di\u00e1logos entre profesionales, egresados y estudiantes\u2019<\/b>; organizado por este centro con el doble objetivo de acercar a estudiantes y egresados el mundo empresarial, y compartir experiencias entre la academia y profesionales e instituciones que trabajan en el campo de las Humanidades.<\/p>\n<p>ENCUENTRA se ha estructurado en torno a cinco mesas tem\u00e1ticas transversales: Mundo Audiovisual; Mundo Digital; Educaci\u00f3n; Gesti\u00f3n Cultural; y Derecho y cooperaci\u00f3n Internacional. Estudiantes y egresados han podido acercarse de una manera directa al mundo profesional, al tiempo que los profesionales han conocido de primera mano c\u00f3mo se forman los titulados de la Facultad de Humanidades, aportando su experiencia a la mejora de esa formaci\u00f3n.<\/p>\n<p>La Facultad de Humanidades de la Universidad Pablo de Olavide imparte cinco titulaciones de grado: Traducci\u00f3n e Interpretaci\u00f3n en ingl\u00e9s, franc\u00e9s o alem\u00e1n; Geograf\u00eda e Historia; Humanidades; el doble t\u00edtulo en Humanidades y Traducci\u00f3n e Interpretaci\u00f3n en Ingl\u00e9s; y como novedad para el pr\u00f3ximo curso ofertar\u00e1 el doble grado en Ciencias Ambientales\u00a0 y Geograf\u00eda e Historia, conjuntamente con la Faculta de Ciencias Experimentales.<\/p>\n<p><a href=\"https:\/\/www.upo.es\/upo_opencms\/export\/sites\/upo\/Galerias\/Descargas\/InfoEstudiantes\/ENCUENTRA_Programa.pdf\">Encuentra. Di\u00e1logos entre profesionales, egresados y estudiantes de la Facultad de Humanidades \u2013 Programa (PDF)<\/a><\/p>\n","protected":false},"excerpt":{"rendered":"<p>El vicerrector de Estrategia, Empleabilidad y Emprendimiento de la Universidad Pablo de Olavide, Jos\u00e9 Manuel Feria, y la decana de la Facultad de Humanidades, Rosario Moreno, han abierto en el Paraninfo de la UPO el foro \u2018Encuentra. Di\u00e1logos entre profesionales, egresados y estudiantes\u2019; organizado por este centro con el doble objetivo de acercar a estudiantes y egresados el mundo empresarial, y compartir experiencias entre la academia y profesionales e instituciones que trabajan en el campo de las Humanidades.<\/p>\n","protected":false},"author":6,"featured_media":0,"comment_status":"closed","ping_status":"open","sticky":false,"template":"","format":"standard","meta":{"_monsterinsights_skip_tracking":false,"_monsterinsights_sitenote_active":false,"_monsterinsights_sitenote_note":"","_monsterinsights_sitenote_category":0,"footnotes":""},"categories":[6],"tags":[669,66,21,96,132,2022,754],"class_list":["post-26549596","post","type-post","status-publish","format-standard","hentry","category-institucional","tag-egresados","tag-empresa","tag-estudiantes","tag-facultad-de-humanidades","tag-humanidades","tag-jose-manuel-feria","tag-traduccion-e-interpretacion"],"_links":{"self":[{"href":"https:\/\/www.upo.es\/diario\/wp-json\/wp\/v2\/posts\/26549596","targetHints":{"allow":["GET"]}}],"collection":[{"href":"https:\/\/www.upo.es\/diario\/wp-json\/wp\/v2\/posts"}],"about":[{"href":"https:\/\/www.upo.es\/diario\/wp-json\/wp\/v2\/types\/post"}],"author":[{"embeddable":true,"href":"https:\/\/www.upo.es\/diario\/wp-json\/wp\/v2\/users\/6"}],"replies":[{"embeddable":true,"href":"https:\/\/www.upo.es\/diario\/wp-json\/wp\/v2\/comments?post=26549596"}],"version-history":[{"count":3,"href":"https:\/\/www.upo.es\/diario\/wp-json\/wp\/v2\/posts\/26549596\/revisions"}],"predecessor-version":[{"id":26558064,"href":"https:\/\/www.upo.es\/diario\/wp-json\/wp\/v2\/posts\/26549596\/revisions\/26558064"}],"wp:attachment":[{"href":"https:\/\/www.upo.es\/diario\/wp-json\/wp\/v2\/media?parent=26549596"}],"wp:term":[{"taxonomy":"category","embeddable":true,"href":"https:\/\/www.upo.es\/diario\/wp-json\/wp\/v2\/categories?post=26549596"},{"taxonomy":"post_tag","embeddable":true,"href":"https:\/\/www.upo.es\/diario\/wp-json\/wp\/v2\/tags?post=26549596"}],"curies":[{"name":"wp","href":"https:\/\/api.w.org\/{rel}","templated":true}]}}