{"id":26561106,"date":"2018-05-11T13:13:12","date_gmt":"2018-05-11T13:13:12","guid":{"rendered":"https:\/\/www.upo.es\/diario\/?p=26561106"},"modified":"2018-05-11T13:24:43","modified_gmt":"2018-05-11T13:24:43","slug":"la-upo-pondra-en-marcha-la-escuela-y-pequescuela-deportiva-de-verano","status":"publish","type":"post","link":"https:\/\/www.upo.es\/diario\/institucional\/2018\/05\/la-upo-pondra-en-marcha-la-escuela-y-pequescuela-deportiva-de-verano\/","title":{"rendered":"La UPO pondr\u00e1 en marcha la Escuela y Pequescuela Deportiva de verano"},"content":{"rendered":"<figure id=\"attachment_26561107\" aria-describedby=\"caption-attachment-26561107\" style=\"width: 320px\" class=\"wp-caption alignright\"><a href=\"https:\/\/www.upo.es\/diario\/wp-content\/uploads\/2018\/05\/FUPO2018-escuela-de-verano.jpg\"><img loading=\"lazy\" decoding=\"async\" class=\"size-medium wp-image-26561107\" alt=\"Alumnos de la Escuela de Verano de la pasada edici\u00f3n realizando actividades deportivas.\" src=\"https:\/\/www.upo.es\/diario\/wp-content\/uploads\/2018\/05\/FUPO2018-escuela-de-verano-320x174.jpg\" width=\"320\" height=\"174\" srcset=\"https:\/\/www.upo.es\/diario\/wp-content\/uploads\/2018\/05\/FUPO2018-escuela-de-verano-320x174.jpg 320w, https:\/\/www.upo.es\/diario\/wp-content\/uploads\/2018\/05\/FUPO2018-escuela-de-verano-600x327.jpg 600w, https:\/\/www.upo.es\/diario\/wp-content\/uploads\/2018\/05\/FUPO2018-escuela-de-verano.jpg 1100w\" sizes=\"auto, (max-width: 320px) 100vw, 320px\" \/><\/a><figcaption id=\"caption-attachment-26561107\" class=\"wp-caption-text\">Alumnos de la Escuela de Verano de la pasada edici\u00f3n realizando actividades deportivas.<\/figcaption><\/figure>\n<p style=\"text-align: justify;\">La Universidad Pablo de Olavide pondr\u00e1 en marcha <strong>del 25 de junio al 30 de julio<\/strong>, de lunes a viernes, la <strong>Escuela Deportiva de Verano<\/strong>, que ofrecer\u00e1 actividades para ni\u00f1os <strong>de entre 6 y 12 a\u00f1os<\/strong> en las instalaciones de la Universidad. En esta ocasi\u00f3n se celebrar\u00e1 la decimocuarta edici\u00f3n, organizada un a\u00f1o m\u00e1s por el Servicio de Deportes de la Universidad a trav\u00e9s de la Fundaci\u00f3n UPO.<\/p>\n<p style=\"text-align: justify;\">El plazo de inscripci\u00f3n estar\u00e1 abierto desde el lunes 28 de mayo para hijos del personal de la UPO y de la Fundaci\u00f3n; y a partir del 4 de junio para familiares indirectos del personal de la Universidad (nietos y sobrinos) y todo el personal ajeno a la comunidad universitaria. Las inscripciones se realizar\u00e1n a trav\u00e9s de la web del Servicio de Deportes (www.upo.es\/sdupo) y se atender\u00e1n por riguroso orden de llegada. Una vez que el SDUPO haya corroborado los datos, se pondr\u00e1 en contacto con los usuarios para confirmar la inscripci\u00f3n y asignar un n\u00famero de plaza, por lo que hasta que no llegue la confirmaci\u00f3n no ser\u00e1 efectiva la inscripci\u00f3n.<\/p>\n<p style=\"text-align: justify;\">Igualmente, tambi\u00e9n se pone en marcha la sexta <strong>Pequescuela Deportiva de Verano<\/strong>, una alternativa l\u00fadica para los m\u00e1s peque\u00f1os, con edades comprendidas<strong> entre los 3 y 6 a\u00f1os<\/strong> (2\u00ba ciclo de Educaci\u00f3n Infantil). Los plazos de inscripci\u00f3n de la Pequescuela coinciden con los de la Escuela Deportiva de Verano.<\/p>\n<p style=\"text-align: justify;\">En esta edici\u00f3n, tanto en la Escuela como la Pequescuela se realizar\u00e1n actividades en torno a los medios de comunicaci\u00f3n y el deporte. Para ello, se celebrar\u00e1n diversos talleres en torno a esta tem\u00e1tica, como \u201cLa magia de la radio\u201d o \u201cPresentadores por un d\u00eda\u201d. Asimismo, se pondr\u00e1n en marcha actividades deportivas, juegos populares y tradicionales o juegos de agua con el objetivo de que los ni\u00f1os se diviertan y aprendan jugando en un marco ludomotriz y de potenciaci\u00f3n de valores educativos. El horario de ambas escuelas ser\u00e1 de 09:00 a 14:00 horas, aunque habr\u00e1 un servicio de ludoteca gratuito de 08:30 a 09:00 horas y de 14:00 a 15:00 horas.<\/p>\n","protected":false},"excerpt":{"rendered":"<p>La Universidad Pablo de Olavide pondr\u00e1 en marcha del 25 de junio al 30 de julio, de lunes a viernes, la Escuela Deportiva de Verano, que ofrecer\u00e1 actividades para ni\u00f1os de entre 6 y 12 a\u00f1os en las instalaciones de la Universidad. En esta ocasi\u00f3n se celebrar\u00e1 la decimocuarta edici\u00f3n, organizada un a\u00f1o m\u00e1s por el Servicio de Deportes de la Universidad a trav\u00e9s de la Fundaci\u00f3n UPO. <\/p>\n","protected":false},"author":4,"featured_media":0,"comment_status":"closed","ping_status":"open","sticky":false,"template":"","format":"standard","meta":{"_monsterinsights_skip_tracking":false,"_monsterinsights_sitenote_active":false,"_monsterinsights_sitenote_note":"","_monsterinsights_sitenote_category":0,"footnotes":""},"categories":[6],"tags":[1646,2474,5076,232,5077],"class_list":["post-26561106","post","type-post","status-publish","format-standard","hentry","category-institucional","tag-escuela-de-verano","tag-fundacion-universidad-pablo-de-olavide","tag-pequeescuela","tag-sdupo","tag-sevicio-de-deportes"],"_links":{"self":[{"href":"https:\/\/www.upo.es\/diario\/wp-json\/wp\/v2\/posts\/26561106","targetHints":{"allow":["GET"]}}],"collection":[{"href":"https:\/\/www.upo.es\/diario\/wp-json\/wp\/v2\/posts"}],"about":[{"href":"https:\/\/www.upo.es\/diario\/wp-json\/wp\/v2\/types\/post"}],"author":[{"embeddable":true,"href":"https:\/\/www.upo.es\/diario\/wp-json\/wp\/v2\/users\/4"}],"replies":[{"embeddable":true,"href":"https:\/\/www.upo.es\/diario\/wp-json\/wp\/v2\/comments?post=26561106"}],"version-history":[{"count":3,"href":"https:\/\/www.upo.es\/diario\/wp-json\/wp\/v2\/posts\/26561106\/revisions"}],"predecessor-version":[{"id":26561109,"href":"https:\/\/www.upo.es\/diario\/wp-json\/wp\/v2\/posts\/26561106\/revisions\/26561109"}],"wp:attachment":[{"href":"https:\/\/www.upo.es\/diario\/wp-json\/wp\/v2\/media?parent=26561106"}],"wp:term":[{"taxonomy":"category","embeddable":true,"href":"https:\/\/www.upo.es\/diario\/wp-json\/wp\/v2\/categories?post=26561106"},{"taxonomy":"post_tag","embeddable":true,"href":"https:\/\/www.upo.es\/diario\/wp-json\/wp\/v2\/tags?post=26561106"}],"curies":[{"name":"wp","href":"https:\/\/api.w.org\/{rel}","templated":true}]}}