{"id":26561681,"date":"2018-05-11T14:47:08","date_gmt":"2018-05-11T14:47:08","guid":{"rendered":"https:\/\/www.upo.es\/diario\/?p=26561681"},"modified":"2018-05-14T21:34:29","modified_gmt":"2018-05-14T21:34:29","slug":"el-ayuntamiento-de-sevilla-y-la-universidad-pablo-de-olavide-convocan-el-concurso-murillo-y-su-epoca","status":"publish","type":"post","link":"https:\/\/www.upo.es\/diario\/cultura\/2018\/05\/el-ayuntamiento-de-sevilla-y-la-universidad-pablo-de-olavide-convocan-el-concurso-murillo-y-su-epoca\/","title":{"rendered":"El Ayuntamiento de Sevilla y la Universidad Pablo de Olavide convocan el concurso \u2018Murillo y su \u00e9poca\u2019"},"content":{"rendered":"<figure id=\"attachment_26562119\" aria-describedby=\"caption-attachment-26562119\" style=\"width: 600px\" class=\"wp-caption aligncenter\"><a href=\"https:\/\/www.upo.es\/diario\/wp-content\/uploads\/2018\/05\/Concurso-Murillo-UPO-ICAS.jpg\"><img loading=\"lazy\" decoding=\"async\" class=\"size-large wp-image-26562119\" alt=\"En el centro, Antonio Mu\u00f1oz y Elodia Hern\u00e1ndez\" src=\"https:\/\/www.upo.es\/diario\/wp-content\/uploads\/2018\/05\/Concurso-Murillo-UPO-ICAS-600x358.jpg\" width=\"600\" height=\"358\" srcset=\"https:\/\/www.upo.es\/diario\/wp-content\/uploads\/2018\/05\/Concurso-Murillo-UPO-ICAS-600x358.jpg 600w, https:\/\/www.upo.es\/diario\/wp-content\/uploads\/2018\/05\/Concurso-Murillo-UPO-ICAS-320x191.jpg 320w, https:\/\/www.upo.es\/diario\/wp-content\/uploads\/2018\/05\/Concurso-Murillo-UPO-ICAS.jpg 872w\" sizes=\"auto, (max-width: 600px) 100vw, 600px\" \/><\/a><figcaption id=\"caption-attachment-26562119\" class=\"wp-caption-text\">En el centro, Antonio Mu\u00f1oz y Elodia Hern\u00e1ndez<\/figcaption><\/figure>\n<p>El delegado de H\u00e1bitat Urbano, Cultura y Turismo, <strong>Antonio Mu\u00f1oz<\/strong>, y la vicerrectora de Cultura y Compromiso Social de la Universidad Pablo de Olavide, <strong>Elodia Hern\u00e1ndez<\/strong>, han firmado este viernes en el Sal\u00f3n Santo Tom\u00e1s del Ayuntamiento de Sevilla un <strong>convenio de colaboraci\u00f3n para el A\u00f1o Murillo<\/strong>.<\/p>\n<p>El acuerdo comprende la celebraci\u00f3n del <strong>Concurso \u2018Murillo y su \u00e9poca\u2019<\/strong> y est\u00e1 destinado a j\u00f3venes investigadores que pueden presentarse con trabajos in\u00e9ditos relacionados con el maestro y su tiempo. Como ha explicado el delegado, acercar al pintor a la investigaci\u00f3n y las ense\u00f1anzas superiores es uno de los fines de A\u00f1o Murillo. \u201cQueremos fomentar la vocaci\u00f3n investigadora entre la juventud internacional a trav\u00e9s de trabajos que arrojen nuevas aportaciones y visiones sobre la historia de Sevilla, sus personalidades y acontecimientos, en este caso en relaci\u00f3n con Murillo y su contexto\u201d.<\/p>\n<p>Entre las finalidades del Concurso tambi\u00e9n figura promocionar Sevilla a trav\u00e9s de una cultura investigadora y cient\u00edfica vinculada a las efem\u00e9rides del patrimonio local, comunicar y difundir los trabajos, animar a los j\u00f3venes investigadores a abordar tem\u00e1ticas sevillanas para generar nuevas visiones del pasado de la ciudad, fomentar nuevos programas y actividades culturales y promover la investigaci\u00f3n cient\u00edfica en el \u00e1mbito de las humanidades.<\/p>\n<p>La vicerrectora de Cultura y Compromiso Social de la UPO, Elodia Hern\u00e1ndez, ha declarado que la firma del convenio es expresi\u00f3n del fomento de la relaci\u00f3n de la Universidad con su entorno pr\u00f3ximo y, en concreto, de la estrecha colaboraci\u00f3n que vienen realizando con el Ayuntamiento de Sevilla.\u00a0 \u201cEsta colaboraci\u00f3n parte del convencimiento de que la profundizaci\u00f3n en el conocimiento de nuestro patrimonio cultural es imprescindible para el desarrollo integral de nuestra ciudad. La alta implicaci\u00f3n de la Facultad de Humanidades de la UPO a trav\u00e9s de su decana, Rosario Moreno Soldevilla, y del Profesor Fernando Quiles, garantiza la excelencia cient\u00edfica de este Concurso\u201d.<\/p>\n<p>En esta nueva iniciativa de A\u00f1o Murillo pueden participar estudiantes internacionales que est\u00e9n cursando el \u00faltimo a\u00f1o de grado o los que hayan obtenido el t\u00edtulo entre los a\u00f1os 2012 y 2016, debiendo tener entre 18 y 35 a\u00f1os de edad en el momento de la publicaci\u00f3n en el BOP de esta Convocatoria. En cuanto a los contenidos, pueden versar sobre la vida y la obra de Bartolom\u00e9 Esteban Murillo, sobre su entorno y su producci\u00f3n, sobre las actividades culturales que se realizaban en Sevilla entre 1617 y 1682 y su vinculaci\u00f3n con el artista, sobre la fortuna de Murillo despu\u00e9s de su muerte y sobre los aspectos culturales, sociales, pol\u00edticos, econ\u00f3micos y tur\u00edsticos que se asociaron al pintor y a su ciudad.<\/p>\n<p>El jurado, que emitir\u00e1 una relaci\u00f3n de los diez trabajos de investigaci\u00f3n finalistas en octubre de 2018 y fallar\u00e1 los premios el 30 de noviembre de 2018, est\u00e1 presidido por la propia Elodia Hern\u00e1ndez y la vicepresidenta es la directora de Cultura del Ayuntamiento de Sevilla, Isabel Ojeda. Forman tambi\u00e9n parte de \u00e9l Fernando Quiles, profesor de Historia del Arte de la Universidad Pablo de Olavide, la decana de la Facultad de Humanidades y dos profesores de Historia del Arte de la misma instituci\u00f3n, un especialista externo, un representante del Comit\u00e9 Cient\u00edfico de A\u00f1o Murillo y un representante de la Unidad de Cultura y Participaci\u00f3n Social de la UPO. El primer premio est\u00e1 dotado con 6.000 euros, el segundo con 3.000 y el tercero con 1.500.<\/p>\n","protected":false},"excerpt":{"rendered":"<p>El delegado de H\u00e1bitat Urbano, Cultura y Turismo, Antonio Mu\u00f1oz; y la vicerrectora de Cultura y Compromiso Social de la Universidad Pablo de Olavide, Elodia Hern\u00e1ndez, han firmado un convenio de colaboraci\u00f3n para el A\u00f1o Murillo. El acuerdo comprende la celebraci\u00f3n del Concurso \u2018Murillo y su \u00e9poca\u2019 y est\u00e1 destinado a j\u00f3venes investigadores que pueden presentarse con trabajos in\u00e9ditos relacionados con el maestro y su tiempo. En concreto, pueden participar estudiantes internacionales que est\u00e9n cursando el \u00faltimo a\u00f1o de grado o los que hayan obtenido el t\u00edtulo entre los a\u00f1os 2012 y 2016, debiendo tener entre 18 y 35 a\u00f1os de edad en el momento de la publicaci\u00f3n en el BOP de esta Convocatoria.<\/p>\n","protected":false},"author":6,"featured_media":0,"comment_status":"closed","ping_status":"open","sticky":false,"template":"","format":"standard","meta":{"_monsterinsights_skip_tracking":false,"_monsterinsights_sitenote_active":false,"_monsterinsights_sitenote_note":"","_monsterinsights_sitenote_category":0,"footnotes":""},"categories":[7],"tags":[3933,621,59,747,56,161,2667],"class_list":["post-26561681","post","type-post","status-publish","format-standard","hentry","category-cultura","tag-ano-murillo","tag-ayuntamiento-de-sevilla","tag-concurso","tag-elodia-hernandez","tag-investigacion","tag-sevilla","tag-vicerrectorado-de-cultura-y-compromiso-social"],"_links":{"self":[{"href":"https:\/\/www.upo.es\/diario\/wp-json\/wp\/v2\/posts\/26561681","targetHints":{"allow":["GET"]}}],"collection":[{"href":"https:\/\/www.upo.es\/diario\/wp-json\/wp\/v2\/posts"}],"about":[{"href":"https:\/\/www.upo.es\/diario\/wp-json\/wp\/v2\/types\/post"}],"author":[{"embeddable":true,"href":"https:\/\/www.upo.es\/diario\/wp-json\/wp\/v2\/users\/6"}],"replies":[{"embeddable":true,"href":"https:\/\/www.upo.es\/diario\/wp-json\/wp\/v2\/comments?post=26561681"}],"version-history":[{"count":3,"href":"https:\/\/www.upo.es\/diario\/wp-json\/wp\/v2\/posts\/26561681\/revisions"}],"predecessor-version":[{"id":26602168,"href":"https:\/\/www.upo.es\/diario\/wp-json\/wp\/v2\/posts\/26561681\/revisions\/26602168"}],"wp:attachment":[{"href":"https:\/\/www.upo.es\/diario\/wp-json\/wp\/v2\/media?parent=26561681"}],"wp:term":[{"taxonomy":"category","embeddable":true,"href":"https:\/\/www.upo.es\/diario\/wp-json\/wp\/v2\/categories?post=26561681"},{"taxonomy":"post_tag","embeddable":true,"href":"https:\/\/www.upo.es\/diario\/wp-json\/wp\/v2\/tags?post=26561681"}],"curies":[{"name":"wp","href":"https:\/\/api.w.org\/{rel}","templated":true}]}}