{"id":26597083,"date":"2018-05-14T01:19:04","date_gmt":"2018-05-14T01:19:04","guid":{"rendered":"https:\/\/www.upo.es\/diario\/?p=26597083"},"modified":"2018-05-14T11:23:12","modified_gmt":"2018-05-14T11:23:12","slug":"jose-luis-sarasola-la-mediacion-como-instrumento-para-resolver-conflictos-esta-inmersa-en-la-vida-cotidiana","status":"publish","type":"post","link":"https:\/\/www.upo.es\/diario\/docencia-formacion\/2018\/05\/jose-luis-sarasola-la-mediacion-como-instrumento-para-resolver-conflictos-esta-inmersa-en-la-vida-cotidiana\/","title":{"rendered":"Jos\u00e9 Luis Sarasola: \u201cLa mediaci\u00f3n, como instrumento para resolver conflictos, est\u00e1 inmersa en la vida cotidiana\u201d"},"content":{"rendered":"<figure id=\"attachment_20597141\" aria-describedby=\"caption-attachment-20597141\" style=\"width: 320px\" class=\"wp-caption alignright\"><a href=\"https:\/\/www.upo.es\/diario\/wp-content\/uploads\/2017\/05\/Sarasola.jpg\"><img loading=\"lazy\" decoding=\"async\" class=\"size-medium wp-image-20597141\" alt=\"Jos\u00e9 Luis Sarasola\" src=\"https:\/\/www.upo.es\/diario\/wp-content\/uploads\/2017\/05\/Sarasola-320x212.jpg\" width=\"320\" height=\"212\" srcset=\"https:\/\/www.upo.es\/diario\/wp-content\/uploads\/2017\/05\/Sarasola-320x212.jpg 320w, https:\/\/www.upo.es\/diario\/wp-content\/uploads\/2017\/05\/Sarasola-600x398.jpg 600w\" sizes=\"auto, (max-width: 320px) 100vw, 320px\" \/><\/a><figcaption id=\"caption-attachment-20597141\" class=\"wp-caption-text\">Jos\u00e9 Luis Sarasola<\/figcaption><\/figure>\n<p>El pr\u00f3ximo 17 de mayo finaliza en la Universidad Pablo de Olavide la segunda edici\u00f3n del <strong>m\u00e1ster propio \u2018La mediaci\u00f3n: estrategias y metodolog\u00edas de prevenci\u00f3n y resoluci\u00f3n de conflictos\u2019<\/strong> que desde el pasado mes de noviembre se ven\u00eda impartiendo. El m\u00e1ster, <strong>dirigido por el profesor de la UPO Jos\u00e9 Luis Sarasola<\/strong>, tambi\u00e9n presidente del Colegio de Trabajo Social de Sevilla, est\u00e1 basado en la transversalidad de la aplicaci\u00f3n en los supuestos de mediaci\u00f3n, y en la resoluci\u00f3n de los conflictos. Para su director, \u201cla mediaci\u00f3n, como instrumento para resolver conflictos, est\u00e1 inmersa en la vida cotidiana. Por esta raz\u00f3n, le ofrecemos al alumnado una formaci\u00f3n general y a su vez espec\u00edfica, en terrenos cotidianos donde los conflictos surgen habitualmente\u201d.<\/p>\n<p>La figura del mediador cada vez cobra m\u00e1s importancia en la sociedad actual. Y entre los rasgos que definen un buen mediador,<strong> Jos\u00e9 Luis Sarasola se\u00f1ala que \u201cla mejor cualidad es que deben ser personas que busquen consenso<\/strong>\u201d, aunque tambi\u00e9n destaca que es muy importante que sean buenas personas, emp\u00e1ticas y asertivas. Como explica \u201cel mediador nunca impone una soluci\u00f3n, la soluci\u00f3n, aunque al mediador le parezca mala, ser\u00e1 la que han consensuado y acordado como la m\u00e1s adecuada para sus problemas las partes en conflicto que hayan acudido al proceso de mediaci\u00f3n\u201d. El fin del mediador es buscar soluciones que las dos partes acepten libremente, que sientan que est\u00e1n siendo bien tratadas en la negociaci\u00f3n, que las dos partes den su anuencia para alcanzar el acuerdo.<\/p>\n<p>Uno de los grandes retos a los que tienen que hacer frente los mediadores es la adaptaci\u00f3n continua a los nuevos tiempos, puesto que la sociedad est\u00e1 en continuo cambio y los medios de comunicaci\u00f3n han dejado atr\u00e1s la comunicaci\u00f3n verbal directa para adentrarse en el mundo de las redes sociales, donde la comunicaci\u00f3n es m\u00e1s r\u00e1pida, fluida, individual o con un grupo de personas a la vez. \u201cPero esto conlleva situaciones de conflicto, que un mediador online, con conocimientos expertos, puede trabajar y obtener resultados excelentes\u201d, explica el profesor. En este sentido, este t\u00edtulo oferta dentro de su formaci\u00f3n el m\u00f3dulo \u2018Mediaci\u00f3n y nuevas tecnolog\u00edas\u2019, que permite al alumnado ampliar sus conocimientos en esta materia.<\/p>\n<p>A nivel pr\u00e1ctico los alumnos de este m\u00e1ster estudian diferentes formas de intervenci\u00f3n social, al tiempo que se les facilita la toma de conciencia de los nuevos yacimientos de empleo que est\u00e1n surgiendo en el contexto europeo y que pretenden construir nuevas estructuras sociales para satisfacer la resoluci\u00f3n consensuada de conflictos. El objetivo, favorecer el trabajo de forma coherente con los valores que se atribuyen a la mediaci\u00f3n: justicia, democracia, cohesi\u00f3n social y sostenibilidad.<\/p>\n<p>Adem\u00e1s de las nuevas posibilidades de inserci\u00f3n al mercado laboral, \u201ceste t\u00edtulo combina la teor\u00eda y la pr\u00e1ctica aplicada a situaciones reales, teniendo un protagonismo destacado la aplicaci\u00f3n de las TICs, para poder alcanzar las competencias generales y espec\u00edficas del t\u00edtulo\u201d, apunta el director.<\/p>\n<p>El m\u00e1ster \u2018La mediaci\u00f3n: estrategias y metodolog\u00edas de prevenci\u00f3n y resoluci\u00f3n de conflictos\u2019 es un t\u00edtulo propio de la Universidad Pablo de Olavide, que est\u00e1 gestionado por su Fundaci\u00f3n. Un programa que han cursado fundamentalmente estudiantes provenientes de disciplinas como el Trabajo Social, la Educaci\u00f3n Social y el Derecho pero que, como reconoce su director, est\u00e1 enfocado a que se conozca y profundice en la mediaci\u00f3n y se aprenda a ejercer como mediador, por lo que va dirigido a cualquier profesional interesado en este \u00e1mbito.\u00a0Este t\u00edtulo, cuya tercera edici\u00f3n comenzar\u00e1 el pr\u00f3ximo mes de noviembre, tiene en estos momentos la reserva de plaza abierta.<\/p>\n<p>Para m\u00e1s informaci\u00f3n: <a href=\"http:\/\/www.upo.es\/postgrado\/Master-La-mediacion-estrategias-y-metodologias-de-prevencion-y-resolucion-de-conflictos\">M\u00e1ster La mediaci\u00f3n: estrategias de prevenci\u00f3n y resoluci\u00f3n de conflictos<\/a><\/p>\n","protected":false},"excerpt":{"rendered":"<p>La figura del mediador cada vez cobra m\u00e1s importancia en la sociedad actual. Y entre los rasgos que definen un buen mediador, Jos\u00e9 Luis Sarasola se\u00f1ala que \u201cla mejor cualidad es que deben ser personas que busquen consenso\u201d, aunque tambi\u00e9n destaca que es muy importante que sean buenas personas, emp\u00e1ticas y asertivas.<\/p>\n","protected":false},"author":6,"featured_media":0,"comment_status":"closed","ping_status":"open","sticky":false,"template":"","format":"standard","meta":{"_monsterinsights_skip_tracking":false,"_monsterinsights_sitenote_active":false,"_monsterinsights_sitenote_note":"","_monsterinsights_sitenote_category":0,"footnotes":""},"categories":[2779],"tags":[633,2474,118,157,166,103],"class_list":["post-26597083","post","type-post","status-publish","format-standard","hentry","category-docencia-formacion","tag-conflictos","tag-fundacion-universidad-pablo-de-olavide","tag-master","tag-mediacion","tag-titulo-propio","tag-trabajo-social"],"_links":{"self":[{"href":"https:\/\/www.upo.es\/diario\/wp-json\/wp\/v2\/posts\/26597083","targetHints":{"allow":["GET"]}}],"collection":[{"href":"https:\/\/www.upo.es\/diario\/wp-json\/wp\/v2\/posts"}],"about":[{"href":"https:\/\/www.upo.es\/diario\/wp-json\/wp\/v2\/types\/post"}],"author":[{"embeddable":true,"href":"https:\/\/www.upo.es\/diario\/wp-json\/wp\/v2\/users\/6"}],"replies":[{"embeddable":true,"href":"https:\/\/www.upo.es\/diario\/wp-json\/wp\/v2\/comments?post=26597083"}],"version-history":[{"count":1,"href":"https:\/\/www.upo.es\/diario\/wp-json\/wp\/v2\/posts\/26597083\/revisions"}],"predecessor-version":[{"id":26597085,"href":"https:\/\/www.upo.es\/diario\/wp-json\/wp\/v2\/posts\/26597083\/revisions\/26597085"}],"wp:attachment":[{"href":"https:\/\/www.upo.es\/diario\/wp-json\/wp\/v2\/media?parent=26597083"}],"wp:term":[{"taxonomy":"category","embeddable":true,"href":"https:\/\/www.upo.es\/diario\/wp-json\/wp\/v2\/categories?post=26597083"},{"taxonomy":"post_tag","embeddable":true,"href":"https:\/\/www.upo.es\/diario\/wp-json\/wp\/v2\/tags?post=26597083"}],"curies":[{"name":"wp","href":"https:\/\/api.w.org\/{rel}","templated":true}]}}