{"id":26732334,"date":"2018-05-25T11:15:16","date_gmt":"2018-05-25T09:15:16","guid":{"rendered":"https:\/\/www.upo.es\/diario\/?p=26732334"},"modified":"2020-10-27T16:11:42","modified_gmt":"2020-10-27T15:11:42","slug":"los-cursos-de-verano-de-la-pablo-de-olavide-abordan-la-produccion-de-moda-y-el-desarrollo-de-ideas-creativas","status":"publish","type":"post","link":"https:\/\/www.upo.es\/diario\/institucional\/2018\/05\/los-cursos-de-verano-de-la-pablo-de-olavide-abordan-la-produccion-de-moda-y-el-desarrollo-de-ideas-creativas\/","title":{"rendered":"Los Cursos de Verano de la Pablo de Olavide abordan la producci\u00f3n de moda y el desarrollo de ideas creativas"},"content":{"rendered":"<figure id=\"attachment_26732335\" aria-describedby=\"caption-attachment-26732335\" style=\"width: 320px\" class=\"wp-caption alignright\"><a href=\"https:\/\/www.upo.es\/diario\/wp-content\/uploads\/2018\/05\/CuVe-Moda.jpg\"><img loading=\"lazy\" decoding=\"async\" class=\"size-medium wp-image-26732335\" alt=\"Sesi\u00f3n del curso sobre moda de la edici\u00f3n anterior\" src=\"https:\/\/www.upo.es\/diario\/wp-content\/uploads\/2018\/05\/CuVe-Moda-320x213.jpg\" width=\"320\" height=\"213\" \/><\/a><figcaption id=\"caption-attachment-26732335\" class=\"wp-caption-text\">Sesi\u00f3n del curso sobre moda de la edici\u00f3n anterior<\/figcaption><\/figure>\n<p>Conocer el proceso creativo en el sector de la moda desde el principio hasta el final. \u00c9ste es el objetivo del curso titulado \u2018<b>Iniciaci\u00f3n a la producci\u00f3n de moda y direcci\u00f3n creativa<\/b>\u2019, que dirige la estilista y directora de arte <b>Tala \u00c1lvarez Pareja-Obreg\u00f3n<\/b> en la XVI edici\u00f3n de los Cursos de Verano de la Universidad Pablo de Olavide en la sede de Olavide en Carmona-Rectora Rosario Valpuesta. Entre los d\u00edas 18 y 22 de junio, los estudiantes recibir\u00e1n los conocimientos b\u00e1sicos para la producci\u00f3n de moda y el desarrollo de la idea creativa de una producci\u00f3n de una forma te\u00f3rica-pr\u00e1ctica en la que ser\u00e1n part\u00edcipes durante todo el desarrollo del proceso de producci\u00f3n, de la mano de profesionales en activo del sector de la moda.<\/p>\n<p>Seg\u00fan explica Tala \u00c1lvarez, directora de la agencia Yaramma, el curso cuenta con un n\u00famero limitado de plazas \u201cpara que la formaci\u00f3n sea personalizada y, de esta forma, poder crear un ambiente de sinergias o <i>networking<\/i>\u201d para abordar \u201cdesde el camino de cada profesional hasta la imagen de marca personal, el desarrollo de una idea creativa o aprender a relacionarse con los medios de comunicaci\u00f3n\u201d. En este sentido, la conferencia inaugural ser\u00e1 pronunciada por <b>Roc\u00edo \u00c1lvarez de la Campa<\/b>, directora de eventos de Hearst Magazine, quien hablar\u00e1 sobre la importancia de la imagen en cualquier evento o campa\u00f1a y la conexi\u00f3n entre ambos, mientras que la clausura correr\u00e1 a cargo de la periodista <b>Roc\u00edo Ponce<\/b>, coordinadora de Bulevar Sur y fundadora de Relier, quien entrevistar\u00e1 al dise\u00f1ador de moda <b>Iv\u00e1n Campa\u00f1a<\/b>.<\/p>\n<p>A lo largo de una semana, participar\u00e1n en el curso distintos profesionales relacionados con el sector de la moda como <b>Ana Mar\u00eda Ort\u00ed<\/b>, docente experta en marketing y <i>coaching<\/i> en la Universidad de Sevilla, adem\u00e1s de fundadora de Siscapem, quien hablar\u00e1 sobre el concepto de marca personal a trav\u00e9s de la t\u00e9cnica del <i>coaching<\/i>; <b>Carol Mar\u00edn<\/b>, psic\u00f3loga y experta en neuromarketing, que pronunciar\u00e1 una conferencia sobre los conceptos del <i>branding<\/i>, las emociones y el impacto en publicidad; el fot\u00f3grafo de moda <b>Emmanuel Rola<\/b> o el maquillador <b>Gerardo Vergara<\/b>. Asimismo, intervendr\u00e1n como ponentes los periodistas de televisi\u00f3n <b>Beatriz Jarr\u00edn<\/b>, colaboradora del programa \u2018Hora Punta\u2019 de TVE y estrechamente vinculada a la moda; y <b>Jos\u00e9 Antonio Le\u00f3n<\/b>, reportero del programa \u2018S\u00e1lvame\u2019 de Telecinco, personaje p\u00fablico y vinculado a la moda a trav\u00e9s de su firma Craff. Ambos hablar\u00e1n sobre el fen\u00f3meno del \u2018<i>Blogging influencer<\/i>\u2019.<\/p>\n<p><b>Victoria Pozuelo<\/b>, directora de Comunicaci\u00f3n de Doble Erre y de la revista Surrealista Flamenca, describir\u00e1 el trabajo de una <i>booker<\/i> y <i>castings<\/i> de modelos, mientras que <b>Mar\u00eda Jos\u00e9 Fern\u00e1ndez<\/b>, directora de la Escuela Imagen Shopper, contar\u00e1 las claves para acertar en colores y morfolog\u00eda. Por \u00faltimo, las periodistas <b>Teresa R\u00f3denas<\/b> y <b>Susana Molina<\/b>, pronunciar\u00e1n sendas conferencias sobre el marketing digital y la prensa online en la nueva era digital.<\/p>\n<ul>\n<li>Programa del curso: <a href=\"https:\/\/www.upo.es\/olavideencarmona\/export\/sites\/upo_carmona\/documentos\/2018\/2018cc01.pdf\">PROGRAMA<\/a><\/li>\n<\/ul>\n<ul>\n<li>Para matricularse en el curso: <a href=\"https:\/\/www.upo.es\/olavideencarmona\/cursos_de_verano\/automatricula\/\">AUTOMATR\u00cdCULA<\/a><\/li>\n<\/ul>\n<ul>\n<li>Informaci\u00f3n general sobre los Cursos de Verano: <a href=\"https:\/\/www.upo.es\/olavideencarmona\/cursos_de_verano\/automatricula\/\">INFORMACI\u00d3N<\/a><\/li>\n<\/ul>\n","protected":false},"excerpt":{"rendered":"<p>Conocer el proceso creativo en el sector de la moda desde el principio hasta el final. \u00c9ste es el objetivo del curso titulado \u2018Iniciaci\u00f3n a la producci\u00f3n de moda y direcci\u00f3n creativa\u2019, que dirige la estilista y directora de arte Tala \u00c1lvarez Pareja-Obreg\u00f3n en la XVI edici\u00f3n de los Cursos de Verano de la Universidad Pablo de Olavide en la sede de Olavide en Carmona-Rectora Rosario Valpuesta. Entre los d\u00edas 18 y 22 de junio, los estudiantes recibir\u00e1n los conocimientos b\u00e1sicos para la producci\u00f3n de moda y el desarrollo de la idea creativa de una producci\u00f3n de una forma te\u00f3rica-pr\u00e1ctica.<\/p>\n","protected":false},"author":14,"featured_media":0,"comment_status":"closed","ping_status":"open","sticky":false,"template":"","format":"standard","meta":{"_monsterinsights_skip_tracking":false,"_monsterinsights_sitenote_active":false,"_monsterinsights_sitenote_note":"","_monsterinsights_sitenote_category":0,"footnotes":""},"categories":[6],"tags":[5140,757,22,5122,5138,803,445,1610,519,5139],"class_list":["post-26732334","post","type-post","status-publish","format-standard","hentry","category-institucional","tag-blogging","tag-coaching","tag-cursos-de-verano","tag-eventos","tag-ideas-creativas","tag-imagen","tag-marketing","tag-moda","tag-olavide-en-carmona","tag-tala-alvarez-pareja-obregon"],"_links":{"self":[{"href":"https:\/\/www.upo.es\/diario\/wp-json\/wp\/v2\/posts\/26732334","targetHints":{"allow":["GET"]}}],"collection":[{"href":"https:\/\/www.upo.es\/diario\/wp-json\/wp\/v2\/posts"}],"about":[{"href":"https:\/\/www.upo.es\/diario\/wp-json\/wp\/v2\/types\/post"}],"author":[{"embeddable":true,"href":"https:\/\/www.upo.es\/diario\/wp-json\/wp\/v2\/users\/14"}],"replies":[{"embeddable":true,"href":"https:\/\/www.upo.es\/diario\/wp-json\/wp\/v2\/comments?post=26732334"}],"version-history":[{"count":2,"href":"https:\/\/www.upo.es\/diario\/wp-json\/wp\/v2\/posts\/26732334\/revisions"}],"predecessor-version":[{"id":30862532,"href":"https:\/\/www.upo.es\/diario\/wp-json\/wp\/v2\/posts\/26732334\/revisions\/30862532"}],"wp:attachment":[{"href":"https:\/\/www.upo.es\/diario\/wp-json\/wp\/v2\/media?parent=26732334"}],"wp:term":[{"taxonomy":"category","embeddable":true,"href":"https:\/\/www.upo.es\/diario\/wp-json\/wp\/v2\/categories?post=26732334"},{"taxonomy":"post_tag","embeddable":true,"href":"https:\/\/www.upo.es\/diario\/wp-json\/wp\/v2\/tags?post=26732334"}],"curies":[{"name":"wp","href":"https:\/\/api.w.org\/{rel}","templated":true}]}}