{"id":26732338,"date":"2018-05-25T11:34:53","date_gmt":"2018-05-25T09:34:53","guid":{"rendered":"https:\/\/www.upo.es\/diario\/?p=26732338"},"modified":"2020-10-27T16:11:53","modified_gmt":"2020-10-27T15:11:53","slug":"el-rector-inaugura-los-nuevos-jardines-dedicados-a-carlos-de-montufar-en-la-universidad-pablo-de-olavide","status":"publish","type":"post","link":"https:\/\/www.upo.es\/diario\/institucional\/2018\/05\/el-rector-inaugura-los-nuevos-jardines-dedicados-a-carlos-de-montufar-en-la-universidad-pablo-de-olavide\/","title":{"rendered":"El rector inaugura los nuevos jardines dedicados a Carlos de Mont\u00fafar en la Universidad Pablo de Olavide"},"content":{"rendered":"<figure id=\"attachment_26732339\" aria-describedby=\"caption-attachment-26732339\" style=\"width: 600px\" class=\"wp-caption aligncenter\"><a href=\"https:\/\/www.upo.es\/diario\/wp-content\/uploads\/2018\/05\/Jardin-Carlos_Montufar_20180525.jpg\"><img loading=\"lazy\" decoding=\"async\" class=\"size-large wp-image-26732339\" alt=\"Modesto Luceno, Vicente Guzm\u00e1n, Francisco J. Fern\u00e1ndez y Mar\u00eda Jos\u00e9 Trigueros\" src=\"https:\/\/www.upo.es\/diario\/wp-content\/uploads\/2018\/05\/Jardin-Carlos_Montufar_20180525-600x399.jpg\" width=\"600\" height=\"399\" \/><\/a><figcaption id=\"caption-attachment-26732339\" class=\"wp-caption-text\">Modesto Luceno, Vicente Guzm\u00e1n, Francisco J. Fern\u00e1ndez y Mar\u00eda Jos\u00e9 Trigueros<\/figcaption><\/figure>\n<p><span style=\"text-decoration: underline;\">El rector <b>Vicente Guzm\u00e1n Fluja<\/b> ha inaugurado esta ma\u00f1ana los nuevos jardines de la Universidad Pablo de Olavide dedicados a <b>Carlos de Mont\u00fafar<\/b>. Con esta iniciativa, la Universidad simboliza el esfuerzo que se viene haciendo para favorecer un entorno sostenible con la creaci\u00f3n de numerosas zonas verdes, la recuperaci\u00f3n de la laguna y los huertos ecol\u00f3gicos entre otros proyectos.<\/span><\/p>\n<p>Los nuevos jardines inaugurados hoy suponen la primera fase del ajardinamiento del edificio 45 \u201cAlexander von Humboldt\u201d, que se completar\u00e1 con un jard\u00edn similar en el otro lateral de la construcci\u00f3n, en este caso dedicado a <b>Aim\u00e9 Bopland<\/b>, conocido bot\u00e1nico franc\u00e9s que, junto a Mont\u00fafar, acompa\u00f1\u00f3 a Von Humboldt en la expedici\u00f3n al volc\u00e1n Chimborazo (Ecuador) \u2013volc\u00e1n de 6.263 metros\u2013 en el momento en que se consideraba el punto m\u00e1s elevado de la Tierra.<\/p>\n<p>Carlos de Mont\u00fafar, noble y militar criollo considerado uno de los libertadores del actual Ecuador, ha sido olvidado en cierta medida por los historiadores espa\u00f1oles a pesar de que contribuy\u00f3 enormemente con sus notas y dibujos al conocimiento de la flora de los Andes. Al pasarse al bando de los bolivarianos, tras haber sido condecorado por sus haza\u00f1as contra Napole\u00f3n en la Guerra de la Independencia espa\u00f1ola, fue considerado traidor por la corona y fusilado. Por otro lado, su relaci\u00f3n con \u00a0Humboldt, hizo pasar por alto su meritoria carrera como naturalista a la que ahora hace honores la UPO como universidad inspirada en los principios de la Ilustraci\u00f3n.<\/p>\n<p>En el jard\u00edn que hay inaugurado hoy el rector Vicente Guzm\u00e1n se pueden encontrar, entre otras plantas, macollas de grama arom\u00e1tica &#8211;<i>Cymbopogon citratus<\/i>-, grama de la Pampa &#8211;<i>Cortaderia selloana<\/i>-, dos especies de higueras tropicales &#8211;<i>Ficus retusa y microcarpa-<\/i> y la palmera de origen americano Washingtonia robusta.<\/p>\n","protected":false},"excerpt":{"rendered":"<p>El rector Vicente Guzm\u00e1n Fluja ha inaugurado los nuevos jardines de la Universidad Pablo de Olavide dedicados a Carlos de Mont\u00fafar. Con esta iniciativa, la Universidad simboliza el esfuerzo que se viene haciendo para favorecer un entorno sostenible con la creaci\u00f3n de numerosas zonas verdes, la recuperaci\u00f3n de la laguna y los huertos ecol\u00f3gicos entre otros proyectos.<\/p>\n","protected":false},"author":14,"featured_media":0,"comment_status":"closed","ping_status":"open","sticky":false,"template":"","format":"standard","meta":{"_monsterinsights_skip_tracking":false,"_monsterinsights_sitenote_active":false,"_monsterinsights_sitenote_note":"","_monsterinsights_sitenote_category":0,"footnotes":""},"categories":[6],"tags":[5142,1118,2410,38,832,5141],"class_list":["post-26732338","post","type-post","status-publish","format-standard","hentry","category-institucional","tag-carlos-de-montufar","tag-edificios","tag-jardines","tag-rector","tag-sostenibilidad","tag-zonas-verdes"],"_links":{"self":[{"href":"https:\/\/www.upo.es\/diario\/wp-json\/wp\/v2\/posts\/26732338","targetHints":{"allow":["GET"]}}],"collection":[{"href":"https:\/\/www.upo.es\/diario\/wp-json\/wp\/v2\/posts"}],"about":[{"href":"https:\/\/www.upo.es\/diario\/wp-json\/wp\/v2\/types\/post"}],"author":[{"embeddable":true,"href":"https:\/\/www.upo.es\/diario\/wp-json\/wp\/v2\/users\/14"}],"replies":[{"embeddable":true,"href":"https:\/\/www.upo.es\/diario\/wp-json\/wp\/v2\/comments?post=26732338"}],"version-history":[{"count":1,"href":"https:\/\/www.upo.es\/diario\/wp-json\/wp\/v2\/posts\/26732338\/revisions"}],"predecessor-version":[{"id":26788017,"href":"https:\/\/www.upo.es\/diario\/wp-json\/wp\/v2\/posts\/26732338\/revisions\/26788017"}],"wp:attachment":[{"href":"https:\/\/www.upo.es\/diario\/wp-json\/wp\/v2\/media?parent=26732338"}],"wp:term":[{"taxonomy":"category","embeddable":true,"href":"https:\/\/www.upo.es\/diario\/wp-json\/wp\/v2\/categories?post=26732338"},{"taxonomy":"post_tag","embeddable":true,"href":"https:\/\/www.upo.es\/diario\/wp-json\/wp\/v2\/tags?post=26732338"}],"curies":[{"name":"wp","href":"https:\/\/api.w.org\/{rel}","templated":true}]}}