{"id":26786953,"date":"2018-05-29T15:06:54","date_gmt":"2018-05-29T15:06:54","guid":{"rendered":"https:\/\/www.upo.es\/diario\/?p=26786953"},"modified":"2018-06-01T12:19:36","modified_gmt":"2018-06-01T12:19:36","slug":"la-universidad-pablo-de-olavide-presenta-su-nueva-sede-en-el-centro-de-sevilla-a-la-comunidad-universitaria","status":"publish","type":"post","link":"https:\/\/www.upo.es\/diario\/institucional\/2018\/05\/la-universidad-pablo-de-olavide-presenta-su-nueva-sede-en-el-centro-de-sevilla-a-la-comunidad-universitaria\/","title":{"rendered":"La UPO presenta su nueva sede en el centro de Sevilla a la comunidad universitaria"},"content":{"rendered":"<figure id=\"attachment_26786954\" aria-describedby=\"caption-attachment-26786954\" style=\"width: 600px\" class=\"wp-caption aligncenter\"><a href=\"https:\/\/www.upo.es\/diario\/wp-content\/uploads\/2018\/05\/Sede-Olavide-Centro_09.jpg\"><img loading=\"lazy\" decoding=\"async\" class=\"size-large wp-image-26786954\" alt=\"La nueva sede cuenta con una superficie de 260 m2 que incluye un sal\u00f3n de grados \" src=\"https:\/\/www.upo.es\/diario\/wp-content\/uploads\/2018\/05\/Sede-Olavide-Centro_09-600x337.jpg\" width=\"600\" height=\"337\" srcset=\"https:\/\/www.upo.es\/diario\/wp-content\/uploads\/2018\/05\/Sede-Olavide-Centro_09-600x337.jpg 600w, https:\/\/www.upo.es\/diario\/wp-content\/uploads\/2018\/05\/Sede-Olavide-Centro_09-320x180.jpg 320w\" sizes=\"auto, (max-width: 600px) 100vw, 600px\" \/><\/a><figcaption id=\"caption-attachment-26786954\" class=\"wp-caption-text\">La nueva sede cuenta con una superficie de 260 m2 que incluye un sal\u00f3n de grados<\/figcaption><\/figure>\n<p>El rector <b>Vicente Guzm\u00e1n Fluja<\/b>, acompa\u00f1ado por la presidenta del Consejo Social <b>Amparo Rubiales Torrej\u00f3n<\/b> y el vicerrector de Estrategia, Empleabilidad y Emprendimiento <b>Jos\u00e9 Manuel Feria Dom\u00ednguez<\/b>, ha presidido esta ma\u00f1ana el acto de presentaci\u00f3n de la nueva sede de la Universidad Pablo de Olavide en el centro de Sevilla a su comunidad universitaria. El edificio, ubicado en el n\u00famero 4 de la calle Lara\u00f1a (segunda planta) fue el centro cultural de la <b>Fundaci\u00f3n Cajasol<\/b>, una de las tres entidades que han suscrito el convenio marco de colaboraci\u00f3n para hacer realidad esta nueva sede de la UPO adem\u00e1s del <b>Ayuntamiento de Sevilla<\/b> y la propia universidad.<\/p>\n<p>La sede \u201c<b>Olavide en Sevilla &#8211; Centro<\/b>\u201d responde a la idea visibilizar la instituci\u00f3n en el casco hist\u00f3rico de la ciudad para llevar a cabo en ella actividades acad\u00e9micas y culturales. Se trata de un nuevo espacio p\u00fablico, abierto a la ciudadan\u00eda que acerca, a\u00fan m\u00e1s, la UPO a la ciudad de Sevilla reforzando su posicionamiento estrat\u00e9gico como universidad, no s\u00f3lo en t\u00e9rminos de presencia y representaci\u00f3n institucional, sino tambi\u00e9n permitiendo implementar la estrategia de compromiso y transformaci\u00f3n social como queda reflejado en el IV Plan Estrat\u00e9gico 2017-2020 de la UPO. Adem\u00e1s, este nuevo espacio acoger\u00e1 la sede permanente del <b>Consejo Social<\/b>.<\/p>\n<figure id=\"attachment_26786955\" aria-describedby=\"caption-attachment-26786955\" style=\"width: 226px\" class=\"wp-caption alignright\"><a href=\"https:\/\/www.upo.es\/diario\/wp-content\/uploads\/2018\/05\/Sede-Olavide-Centro_22.jpg\"><img loading=\"lazy\" decoding=\"async\" class=\"size-medium wp-image-26786955\" alt=\"La sede \u201cOlavide en Sevilla - Centro\u201d, en el n\u00famero 4 de la calle Lara\u00f1a\" src=\"https:\/\/www.upo.es\/diario\/wp-content\/uploads\/2018\/05\/Sede-Olavide-Centro_22-226x320.jpg\" width=\"226\" height=\"320\" srcset=\"https:\/\/www.upo.es\/diario\/wp-content\/uploads\/2018\/05\/Sede-Olavide-Centro_22-226x320.jpg 226w, https:\/\/www.upo.es\/diario\/wp-content\/uploads\/2018\/05\/Sede-Olavide-Centro_22-424x600.jpg 424w, https:\/\/www.upo.es\/diario\/wp-content\/uploads\/2018\/05\/Sede-Olavide-Centro_22-600x848.jpg 600w\" sizes=\"auto, (max-width: 226px) 100vw, 226px\" \/><\/a><figcaption id=\"caption-attachment-26786955\" class=\"wp-caption-text\">La sede \u201cOlavide en Sevilla &#8211; Centro\u201d, en el n\u00famero 4 de la calle Lara\u00f1a<\/figcaption><\/figure>\n<p>El espacio cuenta con una superficie de 260 m<sup>2<\/sup> que incluyen un sal\u00f3n de grados con capacidad para 60 personas equipado con las \u00faltimas tecnolog\u00edas y una zona multifuncional donde desarrollar actividades. Por otra parte, en virtud del convenio suscrito con el Ayuntamiento de Sevilla, la nueva sede gozar\u00e1 de cierta escalabilidad por cuanto podr\u00e1 utilizar ocasionalmente los espacios del <b>Instituto de la Cultura y las Artes de Sevilla<\/b> (ICAS), situados en la planta baja del mismo edificio.<\/p>\n<p>El rector ha comenzado su intervenci\u00f3n agradeciendo el esfuerzo de las personas que han hecho posible que la Universidad Pablo de Olavide tenga una sede en el casco hist\u00f3rico, \u201cen un lugar emblem\u00e1tico que responde a las expectativas que nos planteamos. Gracias al trabajo del vicerrector Jos\u00e9 Manuel Feria y el apoyo del Consejo Social, da comienzo un proyecto abierto que tiene como principal misi\u00f3n hacer visible a la UPO en el centro de Sevilla. No hay una idea preconcebida de lo que haremos a partir de ahora, por lo que esto lo tenemos que construir entre todos y todas con actividades que lleguen desde cualquier estamento de la Universidad. Pondremos cosas muy interesantes al alcance de la mano de la gente que vive en esta ciudad, acercando la diversidad a las personas. Vamos a conectar la UPO con la gente\u201d. Vicente Guzm\u00e1n tambi\u00e9n ha se\u00f1alado que este proyecto no termina aqu\u00ed sino que crecer\u00e1 porque \u201cqueremos tener una sede acad\u00e9mica permanente en el centro de Sevilla. Nuestra meta es ser una universidad innovadora que d\u00e9 respuesta a los retos actuales en formaci\u00f3n e investigaci\u00f3n: la digitalizaci\u00f3n, la flexibilidad y la modularidad de las ense\u00f1anzas que faciliten la inserci\u00f3n laboral de los estudiantes. Si pensamos que tenemos que hacer que nuestra universidad sea lo mejor posible, no se trata de seguir haciendo lo mismo sino de pensar a lo grande\u201d.<\/p>\n<p>Por su parte, <b>Amparo Rubiales<\/b> ha recordado que el proyecto de una sede de la UPO en el centro de Sevilla lleva mucho tiempo siendo considerado cuando la que fuera presidenta del Consejo Social Carmen Calleja de Pablo la propuso como sede del mismo por tratarse de \u00f3rgano de relaciones que deb\u00eda tener un sitio en el centro pol\u00edtico y cultural de la ciudad. Por otra parte, la presidenta ha agradecido al vicerrector Feria su trabajo por realizar un proyecto a la altura de la Universidad Pablo de Olavide. \u201cTenemos un lugar privilegiado y la UPO est\u00e1 aqu\u00ed para poner un pie en el centro de la ciudad\u201d, ha concluido Amparo Rubiales.<\/p>\n<p>En palabras de <b>Jos\u00e9 Manuel Feria<\/b>, \u201ceste nuevo enclave supone un desembarco modesto pero muy planificado en el centro de la ciudad, si bien a medio plazo nuestro objetivo es encontrar un edificio hist\u00f3rico que rememore el Palacio de los Briones en Carmona y que permita dimensionar todas nuestras actividades de extensi\u00f3n universitaria\u201d. Seg\u00fan el vicerrector, \u201ceste trocito de la UPO en un enclave tan valioso une la ciudad con la Universidad y sirve para intensificar nuestra estrategia de comunicaci\u00f3n y posicionamiento de manera que las actividades de extensi\u00f3n universitaria sirvan para aportar a una ciudad universitaria como Sevilla\u201d.<\/p>\n<p><a title=\"Presentaci\u00f3n de la sede 'Olavide en Sevilla - Centro'\" href=\"https:\/\/www.flickr.com\/photos\/pablodeolavide\/albums\/72157669541821288\" data-flickr-embed=\"true\" data-header=\"true\"><img loading=\"lazy\" decoding=\"async\" alt=\"Presentaci\u00f3n de la sede 'Olavide en Sevilla - Centro'\" src=\"https:\/\/farm2.staticflickr.com\/1747\/40625081120_f0ca94c2f5_z.jpg\" width=\"640\" height=\"427\" \/><\/a><script charset=\"utf-8\" type=\"text\/javascript\" src=\"\/\/embedr.flickr.com\/assets\/client-code.js\" async=\"\"><\/script><\/p>\n","protected":false},"excerpt":{"rendered":"<p>El rector Vicente Guzm\u00e1n Fluja, acompa\u00f1ado por la presidenta del Consejo Social Amparo Rubiales Torrej\u00f3n y el vicerrector de Estrategia, Empleabilidad y Emprendimiento Jos\u00e9 Manuel Feria Dom\u00ednguez, ha presidido el acto de presentaci\u00f3n de la nueva sede de la Universidad Pablo de Olavide en el centro de Sevilla a su comunidad universitaria. El edificio, ubicado en el n\u00famero 4 de la calle Lara\u00f1a (segunda planta) fue el centro cultural de la Fundaci\u00f3n Cajasol, una de las tres entidades que han suscrito el convenio marco de colaboraci\u00f3n para hacer realidad esta nueva sede de la UPO adem\u00e1s del Ayuntamiento de Sevilla y la propia universidad.<\/p>\n","protected":false},"author":6,"featured_media":0,"comment_status":"closed","ping_status":"open","sticky":false,"template":"","format":"standard","meta":{"_monsterinsights_skip_tracking":false,"_monsterinsights_sitenote_active":false,"_monsterinsights_sitenote_note":"","_monsterinsights_sitenote_category":0,"footnotes":""},"categories":[6],"tags":[1557,621,112,4751,2078,2022,5154,334,38,161,106,4775],"class_list":["post-26786953","post","type-post","status-publish","format-standard","hentry","category-institucional","tag-amparo-rubiales","tag-ayuntamiento-de-sevilla","tag-consejo-social","tag-equipo-de-gobierno","tag-fundacion-cajasol","tag-jose-manuel-feria","tag-olavide-en-sevilla-centro","tag-presentacion","tag-rector","tag-sevilla","tag-vicente-c-guzman","tag-vicerrector-de-estrategia-empleabilidad-y-emprendimiento"],"_links":{"self":[{"href":"https:\/\/www.upo.es\/diario\/wp-json\/wp\/v2\/posts\/26786953","targetHints":{"allow":["GET"]}}],"collection":[{"href":"https:\/\/www.upo.es\/diario\/wp-json\/wp\/v2\/posts"}],"about":[{"href":"https:\/\/www.upo.es\/diario\/wp-json\/wp\/v2\/types\/post"}],"author":[{"embeddable":true,"href":"https:\/\/www.upo.es\/diario\/wp-json\/wp\/v2\/users\/6"}],"replies":[{"embeddable":true,"href":"https:\/\/www.upo.es\/diario\/wp-json\/wp\/v2\/comments?post=26786953"}],"version-history":[{"count":2,"href":"https:\/\/www.upo.es\/diario\/wp-json\/wp\/v2\/posts\/26786953\/revisions"}],"predecessor-version":[{"id":26786958,"href":"https:\/\/www.upo.es\/diario\/wp-json\/wp\/v2\/posts\/26786953\/revisions\/26786958"}],"wp:attachment":[{"href":"https:\/\/www.upo.es\/diario\/wp-json\/wp\/v2\/media?parent=26786953"}],"wp:term":[{"taxonomy":"category","embeddable":true,"href":"https:\/\/www.upo.es\/diario\/wp-json\/wp\/v2\/categories?post=26786953"},{"taxonomy":"post_tag","embeddable":true,"href":"https:\/\/www.upo.es\/diario\/wp-json\/wp\/v2\/tags?post=26786953"}],"curies":[{"name":"wp","href":"https:\/\/api.w.org\/{rel}","templated":true}]}}