{"id":2679670,"date":"2014-01-28T13:35:46","date_gmt":"2014-01-28T13:35:46","guid":{"rendered":"https:\/\/www.upo.es\/diario\/?p=2679670"},"modified":"2014-01-28T13:36:00","modified_gmt":"2014-01-28T13:36:00","slug":"la-pena-sentir-flamenco-organiza-clases-de-guitarra-y-baile-en-la-universidad-pablo-de-olavide","status":"publish","type":"post","link":"https:\/\/www.upo.es\/diario\/infoupo\/2014\/01\/la-pena-sentir-flamenco-organiza-clases-de-guitarra-y-baile-en-la-universidad-pablo-de-olavide\/","title":{"rendered":"La Pe\u00f1a \u2018Sentir Flamenco\u2019 organiza clases de guitarra y baile en la Universidad Pablo de Olavide"},"content":{"rendered":"<figure id=\"attachment_2679671\" aria-describedby=\"caption-attachment-2679671\" style=\"width: 213px\" class=\"wp-caption alignright\"><a href=\"https:\/\/www.upo.es\/diario\/wp-content\/uploads\/2014\/01\/154_2893794-W.jpg\"><img loading=\"lazy\" decoding=\"async\" class=\"size-medium wp-image-2679671\" alt=\"Detalle de los pies de una 'bailaora' de flamenco\" src=\"https:\/\/www.upo.es\/diario\/wp-content\/uploads\/2014\/01\/154_2893794-W-213x320.jpg\" width=\"213\" height=\"320\" srcset=\"https:\/\/www.upo.es\/diario\/wp-content\/uploads\/2014\/01\/154_2893794-W-213x320.jpg 213w, https:\/\/www.upo.es\/diario\/wp-content\/uploads\/2014\/01\/154_2893794-W.jpg 533w\" sizes=\"auto, (max-width: 213px) 100vw, 213px\" \/><\/a><figcaption id=\"caption-attachment-2679671\" class=\"wp-caption-text\">Foto: Jeremy Woodhouse \/ Blend \/ Learning Pictures \/ Universal Images Group<\/figcaption><\/figure>\n<p>La Pe\u00f1a Universitaria \u2018Sentir Flamenco\u2019 de la Universidad Pablo de Olavide, ha organizado <b>clases de guitarra y baile flamenco que dar\u00e1n comienzo el pr\u00f3ximo mes de febrero<\/b>. Los talleres tendr\u00e1n lugar en el espacio cultural \u2018Antigua Guarder\u00eda\u2019, a la entrada del campus.<\/p>\n<p>La inscripci\u00f3n se encuentra abierta a trav\u00e9s de la Pe\u00f1a \u2018Sentir Flamenco\u2019, quienes cuentan como monitores con profesionales de ampl\u00eda experiencia en baile y m\u00fasica flamenca. M\u00e1s informaci\u00f3n, consulta de horarios e inscripciones a trav\u00e9s de las direcciones de correo siguientes:<\/p>\n<p><b>Clases de baile: <\/b><a href=\"mailto:pfsentirflamenco@gmail.com\">pfsentirflamenco@gmail.com<\/a><\/p>\n<p><b>Clases de guitarra<\/b>: <a href=\"mailto:guitarraupo@gmail.com\">guitarraupo@gmail.com<\/a><\/p>\n","protected":false},"excerpt":{"rendered":"<p>La Pe\u00f1a Universitaria \u2018Sentir Flamenco\u2019 de la Universidad Pablo de Olavide, ha organizado clases de guitarra y baile flamenco que dar\u00e1n comienzo el pr\u00f3ximo mes de febrero. Los talleres tendr\u00e1n lugar en el espacio cultural \u2018Antigua Guarder\u00eda\u2019, a la entrada del campus. La inscripci\u00f3n se encuentra abierta a trav\u00e9s de la Pe\u00f1a \u2018Sentir Flamenco\u2019.<\/p>\n","protected":false},"author":6,"featured_media":0,"comment_status":"closed","ping_status":"open","sticky":false,"template":"","format":"standard","meta":{"_monsterinsights_skip_tracking":false,"_monsterinsights_sitenote_active":false,"_monsterinsights_sitenote_note":"","_monsterinsights_sitenote_category":0,"footnotes":""},"categories":[5],"tags":[571,93,402,972,279],"class_list":["post-2679670","post","type-post","status-publish","format-standard","hentry","category-infoupo","tag-danza","tag-flamenco","tag-musica","tag-pena","tag-taller"],"_links":{"self":[{"href":"https:\/\/www.upo.es\/diario\/wp-json\/wp\/v2\/posts\/2679670","targetHints":{"allow":["GET"]}}],"collection":[{"href":"https:\/\/www.upo.es\/diario\/wp-json\/wp\/v2\/posts"}],"about":[{"href":"https:\/\/www.upo.es\/diario\/wp-json\/wp\/v2\/types\/post"}],"author":[{"embeddable":true,"href":"https:\/\/www.upo.es\/diario\/wp-json\/wp\/v2\/users\/6"}],"replies":[{"embeddable":true,"href":"https:\/\/www.upo.es\/diario\/wp-json\/wp\/v2\/comments?post=2679670"}],"version-history":[{"count":3,"href":"https:\/\/www.upo.es\/diario\/wp-json\/wp\/v2\/posts\/2679670\/revisions"}],"predecessor-version":[{"id":2679674,"href":"https:\/\/www.upo.es\/diario\/wp-json\/wp\/v2\/posts\/2679670\/revisions\/2679674"}],"wp:attachment":[{"href":"https:\/\/www.upo.es\/diario\/wp-json\/wp\/v2\/media?parent=2679670"}],"wp:term":[{"taxonomy":"category","embeddable":true,"href":"https:\/\/www.upo.es\/diario\/wp-json\/wp\/v2\/categories?post=2679670"},{"taxonomy":"post_tag","embeddable":true,"href":"https:\/\/www.upo.es\/diario\/wp-json\/wp\/v2\/tags?post=2679670"}],"curies":[{"name":"wp","href":"https:\/\/api.w.org\/{rel}","templated":true}]}}