{"id":26823322,"date":"2018-06-08T00:39:17","date_gmt":"2018-06-07T22:39:17","guid":{"rendered":"https:\/\/www.upo.es\/diario\/?p=26823322"},"modified":"2020-10-27T16:13:07","modified_gmt":"2020-10-27T15:13:07","slug":"la-escuela-politecnica-superior-de-la-upo-organiza-las-jornadas-profesiones-con-futuro","status":"publish","type":"post","link":"https:\/\/www.upo.es\/diario\/institucional\/2018\/06\/la-escuela-politecnica-superior-de-la-upo-organiza-las-jornadas-profesiones-con-futuro\/","title":{"rendered":"La Escuela Polit\u00e9cnica Superior de la UPO organiza las Jornadas \u201cProfesiones con Futuro\u201d"},"content":{"rendered":"<figure id=\"attachment_26916682\" aria-describedby=\"caption-attachment-26916682\" style=\"width: 320px\" class=\"wp-caption alignright\"><a href=\"https:\/\/www.upo.es\/diario\/wp-content\/uploads\/2018\/06\/NuevasProfesionesEPS3.jpg\"><img loading=\"lazy\" decoding=\"async\" class=\"size-medium wp-image-26916682\" alt=\"Mesa redonda con Adri\u00e1n Vereda, \u00d3scar Terol y Javier Quintas\" src=\"https:\/\/www.upo.es\/diario\/wp-content\/uploads\/2018\/06\/NuevasProfesionesEPS3-320x208.jpg\" width=\"320\" height=\"208\" srcset=\"https:\/\/www.upo.es\/diario\/wp-content\/uploads\/2018\/06\/NuevasProfesionesEPS3-320x208.jpg 320w, https:\/\/www.upo.es\/diario\/wp-content\/uploads\/2018\/06\/NuevasProfesionesEPS3-600x390.jpg 600w\" sizes=\"auto, (max-width: 320px) 100vw, 320px\" \/><\/a><figcaption id=\"caption-attachment-26916682\" class=\"wp-caption-text\">Mesa redonda con Adri\u00e1n Vereda, \u00d3scar Terol y Javier Quintas<\/figcaption><\/figure>\n<p>La Escuela Polit\u00e9cnica Superior de la Universidad Pablo de Olavide ha organizado hoy viernes las Jornadas \u00abProfesiones con Futuro\u00bb. El acto ha sido inaugurado por el director de la Escuela, Norberto D\u00edaz D\u00edaz, acompa\u00f1ado por Javier Ramos Valenzuela, coordinador del \u00c1rea de Empleabilidad y Emprendimiento de la Fundaci\u00f3n UPO, y Mar\u00eda del Pilar Moreno Navarro, directora acad\u00e9mica del Grado en Ingenier\u00eda Inform\u00e1tica en Sistemas de Informaci\u00f3n.<\/p>\n<p>Este encuentro tiene el objetivo de que sus estudiantes conozcan de primera mano las necesidades del mercado laboral actual de la mano de consultoras l\u00edderes del sector tecnol\u00f3gico. La primera actividad de la jornada, adem\u00e1s, ha contado con la presencia de \u00d3scar Terol -actor, guionista y creador de la serie \u201cAll\u00ed abajo\u201d de A3media-; Adri\u00e1n Vereda \u2013actor de la misma serie-; y Javier Quintas -director de \u201cLa Casa de Papel\u201d de Netflix y \u201cAll\u00ed abajo\u201d- que han participado en una mesa redonda que ha analizado la influencia de las nuevas tecnolog\u00edas en el consumo de material audiovisual.<\/p>\n<figure id=\"attachment_26916683\" aria-describedby=\"caption-attachment-26916683\" style=\"width: 320px\" class=\"wp-caption alignright\"><a href=\"https:\/\/www.upo.es\/diario\/wp-content\/uploads\/2018\/06\/NuevasProfesionesEPS1.jpg\"><img loading=\"lazy\" decoding=\"async\" class=\"size-medium wp-image-26916683\" alt=\"Inauguraci\u00f3n de las Jornadas a cargo del diirector de la Escuela, Norberto D\u00edaz D\u00edaz, acompa\u00f1ado por Javier Ramos Valenzuela, coordinador del \u00c1rea de Empleabilidad y Emprendimiento de la Fundaci\u00f3n UPO, y Mar\u00eda del Pilar Moreno Navarro, directora acad\u00e9mica del Grado en Ingenier\u00eda Inform\u00e1tica en Sistemas de Informaci\u00f3n.\" src=\"https:\/\/www.upo.es\/diario\/wp-content\/uploads\/2018\/06\/NuevasProfesionesEPS1-320x213.jpg\" width=\"320\" height=\"213\" srcset=\"https:\/\/www.upo.es\/diario\/wp-content\/uploads\/2018\/06\/NuevasProfesionesEPS1-320x213.jpg 320w, https:\/\/www.upo.es\/diario\/wp-content\/uploads\/2018\/06\/NuevasProfesionesEPS1-600x400.jpg 600w\" sizes=\"auto, (max-width: 320px) 100vw, 320px\" \/><\/a><figcaption id=\"caption-attachment-26916683\" class=\"wp-caption-text\">Inauguraci\u00f3n de las Jornadas a cargo del director de la Escuela, Norberto D\u00edaz, acompa\u00f1ado por Javier Ramos, coordinador del \u00c1rea de Empleabilidad y Emprendimiento de la Fundaci\u00f3n UPO, y Mar\u00eda del Pilar Moreno, directora acad\u00e9mica del Grado en Ingenier\u00eda Inform\u00e1tica en Sistemas de Informaci\u00f3n<\/figcaption><\/figure>\n<p>Por otra parte, estas jornadas suponen un punto de encuentro donde adem\u00e1s de las ponencias que se desarrollar\u00e1n, los alumnos y alumnas asistentes podr\u00e1n compartir un coffee-break con las empresas que participan en el foro, lo que supondr\u00e1 una oportunidad de contactar con los departamentos de recursos humanos por parte de los estudiantes. Por este motivo, esta actividad est\u00e1 enfocada principalmente a estudiantes de \u00faltimo curso del Grado en Ingenier\u00eda Inform\u00e1tica, m\u00e1s pr\u00f3ximos a la entrada en el mercado. En ese sentido, las empresas se presentar\u00e1n al alumnado asistente para explicarle las oportunidades que tienen en su organizaci\u00f3n as\u00ed como su proyecci\u00f3n futura.<\/p>\n<p>Tambi\u00e9n han asistido a las Jornadas \u201cProfesiones con Futuro\u201d: Carmen V\u00e1zquez y Bego\u00f1a L\u00f3pez de Ayesa; Alberto Peri\u00e1\u00f1ez y Laura Rodero de Babel; Iv\u00e1n Alba de Miratech; Deloitte; Luis Enrique Mesa y Cristina Yegros de Open Sistemas; Joaqu\u00edn L\u00f3pez de Kolokium; In\u00e9s Jim\u00e9nez de Emergya; y Accenture.<\/p>\n<p><iframe loading=\"lazy\" src=\"https:\/\/www.youtube.com\/embed\/1ArPdzGDqEk\" height=\"315\" width=\"560\" allowfullscreen=\"\" frameborder=\"0\"><\/iframe><\/p>\n","protected":false},"excerpt":{"rendered":"<p>Este encuentro tiene el objetivo de que sus estudiantes conozcan de primera mano las necesidades del mercado laboral actual de la mano de consultoras l\u00edderes del sector tecnol\u00f3gico.  La primera actividad de la jornada, adem\u00e1s, ha contado con la presencia de \u00d3scar Terol -actor, guionista y creador de la serie \u201cAll\u00ed abajo\u201d de A3media-;  Adri\u00e1n Vereda \u2013actor de la misma serie-; y Javier Quintas -director de \u201cLa Casa de Papel\u201d de Netflix y \u201cAll\u00ed abajo\u201d- que han participado en una mesa redonda sobre las nuevas tecnolog\u00edas en el consumo de material audiovisual.<\/p>\n","protected":false},"author":14,"featured_media":0,"comment_status":"closed","ping_status":"open","sticky":false,"template":"","format":"standard","meta":{"_monsterinsights_skip_tracking":false,"_monsterinsights_sitenote_active":false,"_monsterinsights_sitenote_note":"","_monsterinsights_sitenote_category":0,"footnotes":""},"categories":[6],"tags":[99,152,2479,5171,84,5168,567,217,5169,1684],"class_list":["post-26823322","post","type-post","status-publish","format-standard","hentry","category-institucional","tag-creacion-de-empresas","tag-escuela-politecnica-superior","tag-grado-en-ingenieria-informatica-en-sistemas-de-informacion","tag-javier-quintas","tag-jornadas","tag-la-casa-de-papel","tag-mercado-laboral","tag-nuevas-tecnologias","tag-oscar-terol","tag-paraninfo"],"_links":{"self":[{"href":"https:\/\/www.upo.es\/diario\/wp-json\/wp\/v2\/posts\/26823322","targetHints":{"allow":["GET"]}}],"collection":[{"href":"https:\/\/www.upo.es\/diario\/wp-json\/wp\/v2\/posts"}],"about":[{"href":"https:\/\/www.upo.es\/diario\/wp-json\/wp\/v2\/types\/post"}],"author":[{"embeddable":true,"href":"https:\/\/www.upo.es\/diario\/wp-json\/wp\/v2\/users\/14"}],"replies":[{"embeddable":true,"href":"https:\/\/www.upo.es\/diario\/wp-json\/wp\/v2\/comments?post=26823322"}],"version-history":[{"count":8,"href":"https:\/\/www.upo.es\/diario\/wp-json\/wp\/v2\/posts\/26823322\/revisions"}],"predecessor-version":[{"id":30862540,"href":"https:\/\/www.upo.es\/diario\/wp-json\/wp\/v2\/posts\/26823322\/revisions\/30862540"}],"wp:attachment":[{"href":"https:\/\/www.upo.es\/diario\/wp-json\/wp\/v2\/media?parent=26823322"}],"wp:term":[{"taxonomy":"category","embeddable":true,"href":"https:\/\/www.upo.es\/diario\/wp-json\/wp\/v2\/categories?post=26823322"},{"taxonomy":"post_tag","embeddable":true,"href":"https:\/\/www.upo.es\/diario\/wp-json\/wp\/v2\/tags?post=26823322"}],"curies":[{"name":"wp","href":"https:\/\/api.w.org\/{rel}","templated":true}]}}