{"id":26876606,"date":"2018-06-06T06:19:42","date_gmt":"2018-06-06T04:19:42","guid":{"rendered":"https:\/\/www.upo.es\/diario\/?p=26876606"},"modified":"2020-10-27T16:12:51","modified_gmt":"2020-10-27T15:12:51","slug":"el-proyecto-cei-cambio-de-la-upo-organiza-una-conferencia-por-el-dia-mundial-del-medio-ambiente","status":"publish","type":"post","link":"https:\/\/www.upo.es\/diario\/institucional\/2018\/06\/el-proyecto-cei-cambio-de-la-upo-organiza-una-conferencia-por-el-dia-mundial-del-medio-ambiente\/","title":{"rendered":"El Proyecto CEI CamBio de la UPO organiza una conferencia por el D\u00eda Mundial del Medio Ambiente"},"content":{"rendered":"<p><span style=\"text-decoration: underline;\"><a href=\"https:\/\/www.upo.es\/diario\/wp-content\/uploads\/2018\/06\/pollution-3441119__340.jpg\"><img loading=\"lazy\" decoding=\"async\" class=\"alignright size-medium wp-image-26876607\" alt=\"pollution-3441119__340\" src=\"https:\/\/www.upo.es\/diario\/wp-content\/uploads\/2018\/06\/pollution-3441119__340-320x213.jpg\" width=\"320\" height=\"213\" \/><\/a>Con motivo del <b>D\u00eda Mundial del Medio Ambiente<\/b> que se celebra el<\/span><span style=\"text-decoration-line: underline;\">\u00a05 de junio, el proyecto Campus de Excelencia Internacional de Medio Ambiente, Biodiversidad y Cambio Global (<\/span><b>CEI CamBio<\/b><span style=\"text-decoration-line: underline;\">) de la Universidad Pablo de Olavide ha organizado la conferencia \u201c<\/span><b>Basura Cero: Un futuro sin desperdicios<\/b><span style=\"text-decoration-line: underline;\">\u201d que pronunciar\u00e1 <\/span><b>Paul Connett<\/b><span style=\"text-decoration-line: underline;\">, profesor em\u00e9rito de Qu\u00edmica Ambiental de la Universidad St. Lawrence, Canton (Nueva York, Estados Unidos). El acto tendr\u00e1 lugar hoy mi\u00e9rcoles 6 de junio a las 12:00 horas en el Sal\u00f3n de Actos del Centro Andaluz de Biolog\u00eda del Desarrollo (CABD).<\/span><\/p>\n<p>El profesor Paul Connett es uno de los principales especialistas en los riesgos de la incineraci\u00f3n a nivel mundial. Graduado de la Universidad de Cambridge (Reino Unido) y doctor en Qu\u00edmica, es especialista en toxicolog\u00eda ambiental y uno de los mayores exponentes de \u201c<a href=\"http:\/\/www.zerowasteheroes.org\/\">Basura Cero<\/a>\u201d como alternativa al manejo de residuos s\u00f3lidos urbanos. Connett es el autor principal del libro \u201c<b>Basura Cero: una revoluci\u00f3n en curso<\/b>\u201d (2012).<\/p>\n<p>Cada a\u00f1o, el <a href=\"http:\/\/www.un.org\/es\/events\/environmentday\/\">D\u00eda Mundial del Medio Ambiente<\/a> se organiza en torno a un tema y sirve para centrar la atenci\u00f3n en una cuesti\u00f3n particular apremiante. El tema de este a\u00f1o hace un llamamiento a la poblaci\u00f3n de todo el mundo en favor de un planeta \u201c<b>Sin contaminaci\u00f3n por pl\u00e1sticos<\/b>\u201d para concienciar sobre la necesidad de reducir la cantidad de pl\u00e1stico que llega a los oc\u00e9anos. Cada a\u00f1o se vierten en ellos 8 millones de toneladas de pl\u00e1stico, lo que amenaza la vida marina y humana, adem\u00e1s de destruir los ecosistemas naturales.<\/p>\n","protected":false},"excerpt":{"rendered":"<p>Con motivo del D\u00eda Mundial del Medio Ambiente que se celebra el 5 de junio, el proyecto Campus de Excelencia Internacional de Medio Ambiente, Biodiversidad y Cambio Global (CEI CamBio) de la Universidad Pablo de Olavide ha organizado la conferencia \u201cBasura Cero: Un futuro sin desperdicios\u201d que pronunciar\u00e1 Paul Connett, profesor em\u00e9rito de Qu\u00edmica Ambiental de la Universidad St. Lawrence, Canton (Nueva York, Estados Unidos). El acto tendr\u00e1 lugar hoy mi\u00e9rcoles 6 de junio a las 12:00 horas en el Sal\u00f3n de Actos del Centro Andaluz de Biolog\u00eda del Desarrollo (CABD).<\/p>\n","protected":false},"author":14,"featured_media":0,"comment_status":"closed","ping_status":"open","sticky":false,"template":"","format":"standard","meta":{"_monsterinsights_skip_tracking":false,"_monsterinsights_sitenote_active":false,"_monsterinsights_sitenote_note":"","_monsterinsights_sitenote_category":0,"footnotes":""},"categories":[6],"tags":[5183,227,4087,429,5184,5113,4820],"class_list":["post-26876606","post","type-post","status-publish","format-standard","hentry","category-institucional","tag-basura","tag-conferencia","tag-dia-mundial-medio-ambiente","tag-medio-ambiente","tag-paul-connett","tag-proyecto-cei-cambio","tag-salon-de-actos-del-cabd"],"_links":{"self":[{"href":"https:\/\/www.upo.es\/diario\/wp-json\/wp\/v2\/posts\/26876606","targetHints":{"allow":["GET"]}}],"collection":[{"href":"https:\/\/www.upo.es\/diario\/wp-json\/wp\/v2\/posts"}],"about":[{"href":"https:\/\/www.upo.es\/diario\/wp-json\/wp\/v2\/types\/post"}],"author":[{"embeddable":true,"href":"https:\/\/www.upo.es\/diario\/wp-json\/wp\/v2\/users\/14"}],"replies":[{"embeddable":true,"href":"https:\/\/www.upo.es\/diario\/wp-json\/wp\/v2\/comments?post=26876606"}],"version-history":[{"count":4,"href":"https:\/\/www.upo.es\/diario\/wp-json\/wp\/v2\/posts\/26876606\/revisions"}],"predecessor-version":[{"id":30862548,"href":"https:\/\/www.upo.es\/diario\/wp-json\/wp\/v2\/posts\/26876606\/revisions\/30862548"}],"wp:attachment":[{"href":"https:\/\/www.upo.es\/diario\/wp-json\/wp\/v2\/media?parent=26876606"}],"wp:term":[{"taxonomy":"category","embeddable":true,"href":"https:\/\/www.upo.es\/diario\/wp-json\/wp\/v2\/categories?post=26876606"},{"taxonomy":"post_tag","embeddable":true,"href":"https:\/\/www.upo.es\/diario\/wp-json\/wp\/v2\/tags?post=26876606"}],"curies":[{"name":"wp","href":"https:\/\/api.w.org\/{rel}","templated":true}]}}