{"id":26888247,"date":"2018-06-06T10:32:51","date_gmt":"2018-06-06T08:32:51","guid":{"rendered":"https:\/\/www.upo.es\/diario\/?p=26888247"},"modified":"2020-10-27T16:13:01","modified_gmt":"2020-10-27T15:13:01","slug":"el-ministro-de-educacion-de-guatemala-abre-en-carmona-el-vi-congreso-de-universidades-iberoamericanas-2","status":"publish","type":"post","link":"https:\/\/www.upo.es\/diario\/institucional\/2018\/06\/el-ministro-de-educacion-de-guatemala-abre-en-carmona-el-vi-congreso-de-universidades-iberoamericanas-2\/","title":{"rendered":"El ministro de educaci\u00f3n de Guatemala abre en Carmona el VI Congreso de Universidades Iberoamericanas"},"content":{"rendered":"<figure id=\"attachment_26888248\" aria-describedby=\"caption-attachment-26888248\" style=\"width: 600px\" class=\"wp-caption aligncenter\"><a href=\"https:\/\/www.upo.es\/diario\/wp-content\/uploads\/2018\/06\/DSC_0166.jpg\"><img loading=\"lazy\" decoding=\"async\" class=\"size-large wp-image-26888248\" alt=\"Mesa inaugural del VI Congreso de Universidades Iberoamericanas\" src=\"https:\/\/www.upo.es\/diario\/wp-content\/uploads\/2018\/06\/DSC_0166-600x401.jpg\" width=\"600\" height=\"401\" \/><\/a><figcaption id=\"caption-attachment-26888248\" class=\"wp-caption-text\">De izquierda a derecha: Armando Mart\u00ednez, \u00d3scar Hugo L\u00f3pez, Justo Cu\u00f1o y Diana Elvira Soto<\/figcaption><\/figure>\n<p><b>\u00d3scar Hugo L\u00f3pez<\/b>, ministro de Educaci\u00f3n de Guatemala y vicepresidente del Consejo Directivo de la Organizaci\u00f3n de Estados Iberoamericanos (OEI), ha sido el encargado de inaugurar el <b>VI Congreso Internacional de Universidades Iberoamericanas<\/b>, que se celebra en la sede de Olavide en Carmona-Rectora Rosario Valpuesta entre este mi\u00e9rcoles y el viernes.<\/p>\n<p>El tambi\u00e9n ex director de Profesorado de la Universidad San Carlos de Guatemala ha pronunciado la conferencia de apertura sobre \u2018Presente y futuro de la Universidad Latinoamericana\u2019 ante m\u00e1s de 25 docentes e investigadores procedentes de instituciones de Espa\u00f1a, Portugal, M\u00e9xico, Guatemala, Colombia, Argentina, Chile, Per\u00fa y Brasil que, reunidos en este foro, se dan cita por primera vez en Europa bajo el ep\u00edgrafe \u2018El nuevo dise\u00f1o de la universidad del futuro en Espa\u00f1a, Am\u00e9rica Latina y el Caribe: investigaci\u00f3n, desarrollo e innovaci\u00f3n como estrategias para el progreso aut\u00f3nomo de las sociedades iberoamericanas\u2019. Durante dicho acto se ha guardado un minuto de silencio en memoria de las v\u00edctimas del Volc\u00e1n de Fuego, que ha dejado hasta el momento 75 muertes y casi 200 personas desaparecidas.<\/p>\n<p>Seg\u00fan explica <b>Justo Cu\u00f1o<\/b>, profesor de la UPO y miembro del comit\u00e9 organizador, el objetivo del congreso es \u201creflexionar sobre el modelo de universidad implantado en el \u00e1mbito iberoamericano\u201d, abordando los problemas que enfrentan las instituciones p\u00fablicas de formaci\u00f3n superior y proponiendo soluciones factibles, sostenibles econ\u00f3micamente y comprometidas con su entorno socioecon\u00f3mico. Entre \u00e9stas, Cu\u00f1o destaca la autonom\u00eda universitaria y el pensamiento cr\u00edtico desde una perspectiva hist\u00f3rica, la calidad educativa y la eficiencia en el manejo de los recursos p\u00fablicos, la cuesti\u00f3n de g\u00e9nero e interculturalidad, la transferencia de conocimiento o la democratizaci\u00f3n de los gobiernos universitarios, tem\u00e1ticas que, a su juicio, \u201cdeben ser abordadas con urgencia planteando modelos alternativos a los actualmente vigentes\u201d.<\/p>\n<p>En este sentido, el profesor asegura que el mundo acad\u00e9mico est\u00e1 \u201censimismado, encerrado y s\u00f3lo pendiente de s\u00ed mismo, de su vanagloria y de la autocita y \u00e9sta es la gran tragedia de las instituciones universitarias p\u00fablicas\u201d. Los estudiantes, por su parte, \u201cno se sienten representados en unas instituciones que ni conocen, ni valoran, ni estiman\u201d, por las que pasan \u201ccomo por un McDonalds: buscando un producto barato, r\u00e1pido y que les sacie\u201d, por lo que insta a prestar m\u00e1s atenci\u00f3n a la funci\u00f3n social de las universidades. En relaci\u00f3n a los \u00faltimos hechos irregulares denunciados en universidades espa\u00f1olas, Justo Cu\u00f1o asegura que el prestigio de la instituci\u00f3n se encuentra \u201cmuy da\u00f1ado\u201d debido a una \u201cfallida autonom\u00eda universitaria que ha sucumbido a la injerencia insoportable del poder pol\u00edtico\u201d, por lo que reclama un pacto nacional en materia educativa \u201cque dote a las instituciones universitarias de instrumentos eficaces para ejercer la autonom\u00eda\u201d.<\/p>\n<figure id=\"attachment_26888249\" aria-describedby=\"caption-attachment-26888249\" style=\"width: 320px\" class=\"wp-caption alignright\"><a href=\"https:\/\/www.upo.es\/diario\/wp-content\/uploads\/2018\/06\/DSC_0169.jpg\"><img loading=\"lazy\" decoding=\"async\" class=\"size-medium wp-image-26888249\" alt=\"Primera sesi\u00f3n del Congreso en la sede Olavide en Carmona\" src=\"https:\/\/www.upo.es\/diario\/wp-content\/uploads\/2018\/06\/DSC_0169-320x214.jpg\" width=\"320\" height=\"214\" \/><\/a><figcaption id=\"caption-attachment-26888249\" class=\"wp-caption-text\">Primera sesi\u00f3n del Congreso en la sede Olavide en Carmona<\/figcaption><\/figure>\n<p>Entre los asistentes al evento, destaca la presencia de los decanos de las facultades de Educaci\u00f3n de la Universidad Cat\u00f3lica de Temuco en Chile y de la Universidad Pedag\u00f3gica y Tecnol\u00f3gica de Colombia, as\u00ed como de <b>Carmen Rodr\u00edguez Mart\u00ednez<\/b>, profesora de la Universidad de M\u00e1laga y ex directora general de Ordenaci\u00f3n y Evaluaci\u00f3n Educativa de la Junta de Andaluc\u00eda; y docentes e investigadores de la Universidad Jaume I de Castell\u00f3n, de la Universidad de Murcia y el prestigioso investigador del Centro de Humanidades <b>Jos\u00e9 Dami\u00e2o Rodrigues<\/b>, docente y representante del decano de la Facultad de Letras de la Universidad de Lisboa. Las sesiones se dividen en seis paneles tem\u00e1ticos sobre autonom\u00eda universitaria, calidad educativa, la funci\u00f3n social de la universidad, g\u00e9nero e interculturalidad, transferencia de conocimientos y democratizaci\u00f3n de los gobiernos universitarios. Y como conclusi\u00f3n del evento se plantear\u00e1 la elaboraci\u00f3n de un \u2018<b>Libro blanco de la educaci\u00f3n superior e investigaci\u00f3n en Espa\u00f1a, Am\u00e9rica Latina y el Caribe<\/b>\u2019 que ilustre a los responsables universitarios sobre la conveniencia de elaborar modelos propios y sistemas que se adapten a las necesidades y posibilidades concretas de los entornos socioecon\u00f3micos.<\/p>\n<p>Con car\u00e1cter especial, esta edici\u00f3n del Congreso Internacional de Universidades Iberoamericanas pretende recordar una doble conmemoraci\u00f3n. Por un lado, el centenario de la Reforma Universitaria de C\u00f3rdoba (Argentina) de junio de 1918, cuando los estudiantes se alzaron reclamando un gobierno estrictamente democr\u00e1tico y, por otro, el 50 aniversario de la matanza de Tlatelolco (M\u00e9xico), donde murieron unos 400 trabajadores, docentes y estudiantes asesinados por un grupo paramilitar del ej\u00e9rcito mexicano a las \u00f3rdenes del presidente Gustavo D\u00edaz Ordaz.<\/p>\n","protected":false},"excerpt":{"rendered":"<p>\u00d3scar Hugo L\u00f3pez, ministro de Educaci\u00f3n de Guatemala y vicepresidente del Consejo Directivo de la Organizaci\u00f3n de Estados Iberoamericanos (OEI), ha sido el encargado de inaugurar el VI Congreso Internacional de Universidades Iberoamericanas, que se celebra en la sede de Olavide en Carmona-Rectora Rosario Valpuesta hasta el viernes. El tambi\u00e9n ex rector de la Universidad San Carlos de Guatemala ha pronunciado la conferencia de apertura sobre \u2018Presente y futuro de la Universidad Latinoamericana\u2019 ante m\u00e1s de 25 docentes e investigadores procedentes de instituciones de Espa\u00f1a, Portugal, M\u00e9xico, Guatemala, Colombia, Argentina, Chile, Per\u00fa y Brasil.<\/p>\n","protected":false},"author":14,"featured_media":0,"comment_status":"closed","ping_status":"open","sticky":false,"template":"","format":"standard","meta":{"_monsterinsights_skip_tracking":false,"_monsterinsights_sitenote_active":false,"_monsterinsights_sitenote_note":"","_monsterinsights_sitenote_category":0,"footnotes":""},"categories":[6],"tags":[354,465,425,805,2555,3175,519,5186,39],"class_list":["post-26888247","post","type-post","status-publish","format-standard","hentry","category-institucional","tag-congreso","tag-educacion","tag-guatemala","tag-iberoamerica","tag-latinoamerica","tag-oei","tag-olavide-en-carmona","tag-oscar-hugo-lopez","tag-universidades"],"_links":{"self":[{"href":"https:\/\/www.upo.es\/diario\/wp-json\/wp\/v2\/posts\/26888247","targetHints":{"allow":["GET"]}}],"collection":[{"href":"https:\/\/www.upo.es\/diario\/wp-json\/wp\/v2\/posts"}],"about":[{"href":"https:\/\/www.upo.es\/diario\/wp-json\/wp\/v2\/types\/post"}],"author":[{"embeddable":true,"href":"https:\/\/www.upo.es\/diario\/wp-json\/wp\/v2\/users\/14"}],"replies":[{"embeddable":true,"href":"https:\/\/www.upo.es\/diario\/wp-json\/wp\/v2\/comments?post=26888247"}],"version-history":[{"count":2,"href":"https:\/\/www.upo.es\/diario\/wp-json\/wp\/v2\/posts\/26888247\/revisions"}],"predecessor-version":[{"id":30862837,"href":"https:\/\/www.upo.es\/diario\/wp-json\/wp\/v2\/posts\/26888247\/revisions\/30862837"}],"wp:attachment":[{"href":"https:\/\/www.upo.es\/diario\/wp-json\/wp\/v2\/media?parent=26888247"}],"wp:term":[{"taxonomy":"category","embeddable":true,"href":"https:\/\/www.upo.es\/diario\/wp-json\/wp\/v2\/categories?post=26888247"},{"taxonomy":"post_tag","embeddable":true,"href":"https:\/\/www.upo.es\/diario\/wp-json\/wp\/v2\/tags?post=26888247"}],"curies":[{"name":"wp","href":"https:\/\/api.w.org\/{rel}","templated":true}]}}