{"id":2689428,"date":"2014-01-30T12:00:51","date_gmt":"2014-01-30T12:00:51","guid":{"rendered":"https:\/\/www.upo.es\/diario\/?p=2689428"},"modified":"2014-01-30T12:35:17","modified_gmt":"2014-01-30T12:35:17","slug":"manana-presentacion-del-libro-tiempos-de-revolucion-en-la-escuela-de-estudios-hispanoamericanos","status":"publish","type":"post","link":"https:\/\/www.upo.es\/diario\/institucional\/2014\/01\/manana-presentacion-del-libro-tiempos-de-revolucion-en-la-escuela-de-estudios-hispanoamericanos\/","title":{"rendered":"Hoy, presentaci\u00f3n del libro \u201cTiempos de revoluci\u00f3n\u201d en la Escuela de Estudios Hispanoamericanos"},"content":{"rendered":"<figure id=\"attachment_2689429\" aria-describedby=\"caption-attachment-2689429\" style=\"width: 208px\" class=\"wp-caption alignright\"><a href=\"https:\/\/www.upo.es\/diario\/wp-content\/uploads\/2014\/01\/portada-tiempos-revolucion_grande.jpg\"><img loading=\"lazy\" decoding=\"async\" class=\"size-medium wp-image-2689429\" alt=\"El libro se presenta ma\u00f1ana jueves, 30 de enero, a las 19 horas en la Escuela de Estudios Hispanoamericanos \" src=\"https:\/\/www.upo.es\/diario\/wp-content\/uploads\/2014\/01\/portada-tiempos-revolucion_grande-208x320.jpg\" width=\"208\" height=\"320\" srcset=\"https:\/\/www.upo.es\/diario\/wp-content\/uploads\/2014\/01\/portada-tiempos-revolucion_grande-208x320.jpg 208w, https:\/\/www.upo.es\/diario\/wp-content\/uploads\/2014\/01\/portada-tiempos-revolucion_grande.jpg 500w\" sizes=\"auto, (max-width: 208px) 100vw, 208px\" \/><\/a><figcaption id=\"caption-attachment-2689429\" class=\"wp-caption-text\">El libro se presenta ma\u00f1ana jueves, 30 de enero, a las 19 horas en la Escuela de Estudios Hispanoamericanos<\/figcaption><\/figure>\n<p style=\"text-align: justify;\"><span style=\"text-decoration: underline;\">Hoyjueves 30 de enero, a las 19 horas en la Escuela de Estudios Hispanoamericanos (Calle Alfonso XII, 16)<\/span>, tendr\u00e1 lugar la presentaci\u00f3n del libro coeditado por Taurus y la Fundaci\u00f3n Mapfre \u201cTiempos de revoluci\u00f3n: Comprender las independencias iberoamericanas\u201d, de Manuel Chust, catedr\u00e1tico de Historia Contempor\u00e1nea en la Universidad Jaume I de Castell\u00f3n, y de Ivana Frasquet, profesora de la Universidad de Valencia. El acto est\u00e1 organizado por el \u00c1rea de Historia de Am\u00e9rica de la Universidad Pablo de Olavide, la Escuela de Estudios Hispanoamericanos &#8211; CSIC y la Unidad Asociada UPO\/EEHA\/CCHS-CSIC.<\/p>\n<p style=\"text-align: justify;\">En el acto de presentaci\u00f3n intervendr\u00e1n, adem\u00e1s de los autores, Juan Marchena, director del \u00c1rea de Historia de Am\u00e9rica de la Universidad Pablo de Olavide; Antonio Guti\u00e9rrez, director de la Escuela de Estudios Hispanoamericanos-CSIC, y Consuelo Naranjo, directora del Instituto de Historia, CCHS-CSIC.<\/p>\n<p style=\"text-align: justify;\">\u201cTiempos de revoluci\u00f3n. Comprender las independencias iberoamericanas\u201d es un estudio que propone la caracterizaci\u00f3n de las independencias como procesos revolucionarios, tanto por su car\u00e1cter din\u00e1mico como porque conllevaron el triunfo de los estados-naciones, lo que estableci\u00f3 la base para superar el Antiguo R\u00e9gimen en Am\u00e9rica. Las independencias en Iberoam\u00e9rica constituyen uno de los acontecimientos m\u00e1s importantes de la historia contempor\u00e1nea. Mucho se ha escrito sobre las causas, las particularidades y las consecuencias que llevaron a los americanos, despu\u00e9s de trescientos a\u00f1os de imperio, a separarse de las metr\u00f3polis espa\u00f1ola y lusa para convertirse en ciudadanos de estados independientes.<\/p>\n","protected":false},"excerpt":{"rendered":"<p>Hoy jueves 30 de enero, a las 19 horas en la Escuela de Estudios Hispanoamericanos (Calle Alfonso XII, 16), tendr\u00e1 lugar la presentaci\u00f3n del libro coeditado por Taurus y la Fundaci\u00f3n Mapfre \u201cTiempos de revoluci\u00f3n: Comprender las independencias iberoamericanas\u201d, de Manuel Chust, catedr\u00e1tico de Historia Contempor\u00e1nea en la Universidad Jaume I de Castell\u00f3n, y de Ivana Frasquet, profesora de la Universidad de Valencia.<\/p>\n","protected":false},"author":4,"featured_media":0,"comment_status":"closed","ping_status":"open","sticky":false,"template":"","format":"standard","meta":{"_monsterinsights_skip_tracking":false,"_monsterinsights_sitenote_active":false,"_monsterinsights_sitenote_note":"","_monsterinsights_sitenote_category":0,"footnotes":""},"categories":[6,7],"tags":[45,1113,1114,1115,333,334],"class_list":["post-2689428","post","type-post","status-publish","format-standard","hentry","category-institucional","category-cultura","tag-csic","tag-eeha","tag-historia-de-america","tag-juan-marchena","tag-libro","tag-presentacion"],"_links":{"self":[{"href":"https:\/\/www.upo.es\/diario\/wp-json\/wp\/v2\/posts\/2689428","targetHints":{"allow":["GET"]}}],"collection":[{"href":"https:\/\/www.upo.es\/diario\/wp-json\/wp\/v2\/posts"}],"about":[{"href":"https:\/\/www.upo.es\/diario\/wp-json\/wp\/v2\/types\/post"}],"author":[{"embeddable":true,"href":"https:\/\/www.upo.es\/diario\/wp-json\/wp\/v2\/users\/4"}],"replies":[{"embeddable":true,"href":"https:\/\/www.upo.es\/diario\/wp-json\/wp\/v2\/comments?post=2689428"}],"version-history":[{"count":5,"href":"https:\/\/www.upo.es\/diario\/wp-json\/wp\/v2\/posts\/2689428\/revisions"}],"predecessor-version":[{"id":2698826,"href":"https:\/\/www.upo.es\/diario\/wp-json\/wp\/v2\/posts\/2689428\/revisions\/2698826"}],"wp:attachment":[{"href":"https:\/\/www.upo.es\/diario\/wp-json\/wp\/v2\/media?parent=2689428"}],"wp:term":[{"taxonomy":"category","embeddable":true,"href":"https:\/\/www.upo.es\/diario\/wp-json\/wp\/v2\/categories?post=2689428"},{"taxonomy":"post_tag","embeddable":true,"href":"https:\/\/www.upo.es\/diario\/wp-json\/wp\/v2\/tags?post=2689428"}],"curies":[{"name":"wp","href":"https:\/\/api.w.org\/{rel}","templated":true}]}}