{"id":26916135,"date":"2018-06-11T00:09:30","date_gmt":"2018-06-10T22:09:30","guid":{"rendered":"https:\/\/www.upo.es\/diario\/?p=26916135"},"modified":"2020-10-27T16:13:28","modified_gmt":"2020-10-27T15:13:28","slug":"cientificos-de-toda-espana-se-reunen-en-la-sede-de-la-upo-en-carmona-en-el-xv-curso-nacional-de-neurociencia","status":"publish","type":"post","link":"https:\/\/www.upo.es\/diario\/institucional\/2018\/06\/cientificos-de-toda-espana-se-reunen-en-la-sede-de-la-upo-en-carmona-en-el-xv-curso-nacional-de-neurociencia\/","title":{"rendered":"Cient\u00edficos de toda Espa\u00f1a se re\u00fanen en la sede de la UPO en Carmona en el XV Curso Nacional de Neurociencia"},"content":{"rendered":"<figure id=\"attachment_26953816\" aria-describedby=\"caption-attachment-26953816\" style=\"width: 320px\" class=\"wp-caption alignright\"><a href=\"https:\/\/www.upo.es\/diario\/wp-content\/uploads\/2018\/06\/DSC_0206.jpg\"><img loading=\"lazy\" decoding=\"async\" class=\"size-medium wp-image-26953816\" alt=\"Jose Mar\u00eda Delgado en el Curso Nacional de Neurociencia\" src=\"https:\/\/www.upo.es\/diario\/wp-content\/uploads\/2018\/06\/DSC_0206-320x214.jpg\" width=\"320\" height=\"214\" \/><\/a><figcaption id=\"caption-attachment-26953816\" class=\"wp-caption-text\">Jose Mar\u00eda Delgado en el Curso Nacional de Neurociencia<\/figcaption><\/figure>\n<p>Con el objetivo de poner en com\u00fan sus conocimientos sobre la estructura y funciones del cerebro humano y animal, m\u00e1s de 50 expertos y expertas de toda Espa\u00f1a se re\u00fanen esta semana en Carmona en el <b>XV Curso Nacional de Neurociencia<\/b>, en el que participan unos 30 alumnos y alumnas postdoctorales recientes y una veintena de profesores e investigadoras. Organizado por los profesores <b>Jos\u00e9 Mar\u00eda Delgado Garc\u00eda<\/b>, de la Divisi\u00f3n de Neurociencias de la Universidad Pablo de Olavide; y <b>Alberto Ferr\u00fas Gamero<\/b>, del Instituto Cajal (Consejo Superior de Investigaciones Cient\u00edficas) de Madrid, el evento se desarrollar\u00e1 entre los d\u00edas 11 y 15 de junio en la Sede Universitaria Olavide en Carmona-Rectora Rosario Valpuesta.<\/p>\n<p>Seg\u00fan explica el profesor Delgado, la finalidad de este encuentro es actualizar los conocimientos en el \u00e1rea de las neurociencias \u201cdesde una perspectiva comparada, considerando muchos modelos animales\u201d, pero tambi\u00e9n \u201cmultidisciplinaria, es decir, considerando resultados obtenidos con muy diversas t\u00e9cnicas experimentales\u201d. Para ello, se realizar\u00e1n presentaciones y se llevar\u00e1n a cabo debates sobre diversos aspectos, \u201cdesde el desarrollo del cerebro hasta las funciones m\u00e1s complejas como pueden ser los mecanismos neuronales que subyacen al aprendizaje y la memoria\u201d, subraya.<\/p>\n<p>La Neurociencia se ocupa de la estructura y funciones del cerebro humano y del animal \u201cdesde todos los puntos de vista posibles\u201d y en los \u00faltimos 20 a\u00f1os se han desarrollado \u201cnuevas y muy diversas t\u00e9cnicas para el estudio del cerebro, tanto de su estructura como de sus funciones, si bien es cierto que se echa en falta la disponibilidad de nuevas y originales hip\u00f3tesis acerca de su funcionamiento\u201d, considera el profesor de la UPO, para quien el funcionamiento del cerebro sigue siendo un gran desconocido, sobre todo en \u201cc\u00f3mo se produce nuestra actividad mental, nuestras ideas, pensamientos y emociones\u201d.<\/p>\n<p>Lo que s\u00ed tiene claro el personal investigador es que el funcionamiento cerebral se ve afectado por determinados procesos y condiciones, \u201cdesde una alimentaci\u00f3n inadecuada a la falta de formaci\u00f3n durante las primeras etapas de la vida\u201d. Asimismo, hay diversas patolog\u00edas que \u201cafectan al funcionamiento del cerebro, como tumores, hipertensi\u00f3n, defectos gen\u00e9ticos y estructurales\u2026 Pero tambi\u00e9n los accidentes laborales y de tr\u00e1fico han incrementado considerablemente los casos de lesiones cerebrales traum\u00e1ticas\u201d. A estos factores hay que a\u00f1adir el aumento de la esperanza de vida, que \u201cha hecho m\u00e1s ostensible la presencia de enfermedades neurodegenerativas como el Parkinson o el Alzheimer\u201d.<\/p>\n<figure id=\"attachment_26953817\" aria-describedby=\"caption-attachment-26953817\" style=\"width: 320px\" class=\"wp-caption alignright\"><a href=\"https:\/\/www.upo.es\/diario\/wp-content\/uploads\/2018\/06\/DSC_0203.jpg\"><img loading=\"lazy\" decoding=\"async\" class=\"size-medium wp-image-26953817\" alt=\"Participantes en el curso que ha comenzado hoy\" src=\"https:\/\/www.upo.es\/diario\/wp-content\/uploads\/2018\/06\/DSC_0203-320x214.jpg\" width=\"320\" height=\"214\" \/><\/a><figcaption id=\"caption-attachment-26953817\" class=\"wp-caption-text\">Participantes en el curso que ha comenzado hoy<\/figcaption><\/figure>\n<p>En la organizaci\u00f3n de la decimoquinta edici\u00f3n del Curso Nacional de Neurociencia, foro que se re\u00fane desde 1990 y por el que han pasado varias generaciones de neurocient\u00edficos y neurocient\u00edficas espa\u00f1olas, tanto en su etapa de formaci\u00f3n como investigadores de renombre, colaboran el Ayuntamiento de Carmona, la Sociedad Espa\u00f1ola de Neurociencia, la Universidad Pablo de Olavide, la Asociaci\u00f3n CelastiC, el Hospital de Parapl\u00e9jicos de Toledo, Cibertec S.A, BioAvan I+D+I y el programa de Doctorado Interuniversitario de A Coru\u00f1a, Castilla-La Mancha, Pa\u00eds Vasco, Pablo de Olavide y Rovira i Virgili.<\/p>\n<p>&nbsp;<\/p>\n","protected":false},"excerpt":{"rendered":"<p>Con el objetivo de poner en com\u00fan sus conocimientos sobre la estructura y funciones del cerebro humano y animal, m\u00e1s de 50 expertos y expertas de toda Espa\u00f1a se re\u00fanen esta semana en Carmona en el XV Curso Nacional de Neurociencia, en el que participan unos 30 alumnos y alumnas postdoctorales recientes y una veintena de profesores e investigadoras. <\/p>\n","protected":false},"author":14,"featured_media":0,"comment_status":"closed","ping_status":"open","sticky":false,"template":"","format":"standard","meta":{"_monsterinsights_skip_tracking":false,"_monsterinsights_sitenote_active":false,"_monsterinsights_sitenote_note":"","_monsterinsights_sitenote_category":0,"footnotes":""},"categories":[6],"tags":[2413,141,219,592,114,519],"class_list":["post-26916135","post","type-post","status-publish","format-standard","hentry","category-institucional","tag-cerebro","tag-curso","tag-division-de-neurociencias","tag-jose-maria-delgado","tag-neurociencia","tag-olavide-en-carmona"],"_links":{"self":[{"href":"https:\/\/www.upo.es\/diario\/wp-json\/wp\/v2\/posts\/26916135","targetHints":{"allow":["GET"]}}],"collection":[{"href":"https:\/\/www.upo.es\/diario\/wp-json\/wp\/v2\/posts"}],"about":[{"href":"https:\/\/www.upo.es\/diario\/wp-json\/wp\/v2\/types\/post"}],"author":[{"embeddable":true,"href":"https:\/\/www.upo.es\/diario\/wp-json\/wp\/v2\/users\/14"}],"replies":[{"embeddable":true,"href":"https:\/\/www.upo.es\/diario\/wp-json\/wp\/v2\/comments?post=26916135"}],"version-history":[{"count":3,"href":"https:\/\/www.upo.es\/diario\/wp-json\/wp\/v2\/posts\/26916135\/revisions"}],"predecessor-version":[{"id":30862523,"href":"https:\/\/www.upo.es\/diario\/wp-json\/wp\/v2\/posts\/26916135\/revisions\/30862523"}],"wp:attachment":[{"href":"https:\/\/www.upo.es\/diario\/wp-json\/wp\/v2\/media?parent=26916135"}],"wp:term":[{"taxonomy":"category","embeddable":true,"href":"https:\/\/www.upo.es\/diario\/wp-json\/wp\/v2\/categories?post=26916135"},{"taxonomy":"post_tag","embeddable":true,"href":"https:\/\/www.upo.es\/diario\/wp-json\/wp\/v2\/tags?post=26916135"}],"curies":[{"name":"wp","href":"https:\/\/api.w.org\/{rel}","templated":true}]}}