{"id":26956546,"date":"2018-06-12T07:26:58","date_gmt":"2018-06-12T05:26:58","guid":{"rendered":"https:\/\/www.upo.es\/diario\/?p=26956546"},"modified":"2020-10-27T16:13:39","modified_gmt":"2020-10-27T15:13:39","slug":"manana-martes-comienza-en-el-real-alcazar-la-ii-reunion-de-la-red-de-universidades-magallanicas","status":"publish","type":"post","link":"https:\/\/www.upo.es\/diario\/institucional\/2018\/06\/manana-martes-comienza-en-el-real-alcazar-la-ii-reunion-de-la-red-de-universidades-magallanicas\/","title":{"rendered":"Se presenta en el Ayuntamiento la II Reuni\u00f3n de la Red de Universidades Magall\u00e1nicas"},"content":{"rendered":"<figure id=\"attachment_26956547\" aria-describedby=\"caption-attachment-26956547\" style=\"width: 600px\" class=\"wp-caption aligncenter\"><a href=\"https:\/\/www.upo.es\/diario\/wp-content\/uploads\/2018\/06\/IMG-20180611-WA0008.jpg\"><img loading=\"lazy\" decoding=\"async\" class=\"size-large wp-image-26956547\" alt=\"De izquierda a derecha: Bruno Mart\u00ednez, Antonio Mu\u00f1oz y Juan Marchena\" src=\"https:\/\/www.upo.es\/diario\/wp-content\/uploads\/2018\/06\/IMG-20180611-WA0008-600x450.jpg\" width=\"600\" height=\"450\" \/><\/a><figcaption id=\"caption-attachment-26956547\" class=\"wp-caption-text\">De izquierda a derecha: Bruno Mart\u00ednez, Antonio Mu\u00f1oz y Juan Marchena<\/figcaption><\/figure>\n<p>El vicerrector de Investigaci\u00f3n y Transferencia de Tecnolog\u00eda de la Universidad Pablo de Olavide, <b>Bruno Mart\u00ednez Haya<\/b>; el delegado del Ayuntamiento para el \u00c1rea de H\u00e1bitat Urbano, Cultura y Turismo, <b>Antonio Mu\u00f1oz Mart\u00ednez;<\/b> y el catedr\u00e1tico de Historia de Am\u00e9rica de la UPO, <b>Juan Marchena Fern\u00e1ndez<\/b> han presentado en el Ayuntamiento de Sevilla la <b><a href=\"https:\/\/www.upo.es\/portal\/impe\/web\/contenido\/4483b9d7-6b02-11e8-9210-3fe5a96f4a88\">II Reuni\u00f3n de la Red Mundial de Universidades Magall\u00e1nicas para la Investigaci\u00f3n, la Ciencia y la Cultura<\/a><\/b> que se celebra del 12 al 14 de junio en Sevilla y Sanl\u00facar de Barrameda (C\u00e1diz), coordinada por la UPO.<\/p>\n<p>Hoy martes 12 de junio a las 19:00 horas en el Real Alc\u00e1zar de Sevilla, el rector de la Universidad Pablo de Olavide <b>Vicente Guzm\u00e1n Fluja<\/b> y el alcalde de Sevilla <b>Juan Espadas Cejas<\/b> inaugurar\u00e1n este encuentro al que asistir\u00e1n representantes de la Red de cuatro continentes. Entre otras cuestiones, la reuni\u00f3n servir\u00e1 para trazar un plan de concepci\u00f3n, gesti\u00f3n y desarrollo de una plataforma tecnol\u00f3gica conjunta, organizada por la Estructura de Misi\u00f3n del Gobierno de Portugal, con el objetivo de contener, inventariar, compartir y difundir los trabajos de investigaci\u00f3n producidos en el contexto de la conmemoraci\u00f3n del V Centenario de la Ruta de Magallanes.<\/p>\n<p>En este sentido, el vicerrector de la UPO ha se\u00f1alado que este proyecto necesita una base lo m\u00e1s s\u00f3lida posible que d\u00e9 contenido a la efem\u00e9ride. \u201cPocas cosas hay m\u00e1s transversales que la primera circunnavegaci\u00f3n del globo terr\u00e1queo, que fue una etapa m\u00e1s de lo que hoy llamamos globalizaci\u00f3n. Por otra parte, este proyecto est\u00e1 para quedarse y debe consolidarse como una red de investigaci\u00f3n internacional, que es la manera en la que hay que trabajar hoy en d\u00eda\u201d, ha subrayado. Finalmente, <b>Bruno Mart\u00ednez<\/b> ha destacado que desde su origen, la proyecci\u00f3n latinoamericana fue una l\u00ednea estrat\u00e9gica para la UPO y, por este motivo, no es casualidad este liderazgo en el proyecto.<\/p>\n<p>Por su parte, <b>Antonio Mu\u00f1oz<\/b> se ha referido a la II Reuni\u00f3n de la Red como \u201cuna oportunidad de potenciar una l\u00ednea de investigaci\u00f3n m\u00e1s all\u00e1 de los grandes eventos. Sevilla ostenta la vicepresidencia de la Red de Ciudades Magall\u00e1nicas y el pr\u00f3ximo a\u00f1o recogeremos el testigo para pilotarla. Estas redes son complementarias y necesarias para garantizar que, en materia cient\u00edfica, est\u00e9 plasmado un programa ambicioso\u201d.<\/p>\n<p>Finalmente, <b>Juan Marchena<\/b> se ha referido al proyecto de la Red de Universidades Magall\u00e1nicas subrayando la necesidad de \u201cmirar nuestro presente para entender los procesos que hemos vivido y poder empezar a planificar un futuro mejor, donde la ciencia, la t\u00e9cnica y las humanidades colaboren en la construcci\u00f3n del mundo\u201d. El catedr\u00e1tico ha explicado que en este encuentro, por primera vez, se van a analizar los proyectos de las universidades para entrelazarlos y crear sinergias nuevas. Tambi\u00e9n ha se\u00f1alado que una de las sesiones se desarrollar\u00e1 en Sanl\u00facar de Barrameda \u201cpara entrar en contacto con la Gran Sevilla del R\u00edo, que es uno de los elementos patrimoniales que queremos incorporar\u201d.<\/p>\n<p>La Red Mundial de Universidades Magall\u00e1nicas se constituy\u00f3 hace m\u00e1s de un a\u00f1o como plataforma cient\u00edfica y acad\u00e9mica en torno a la efem\u00e9ride del quinto centenario del viaje de circunnavegaci\u00f3n realizado por Fernando de Magallanes y culminado por Juan Sebasti\u00e1n Elcano entre 1519 y 1522, con el objetivo de analizar y difundir el impacto de dicha navegaci\u00f3n en la construcci\u00f3n de un mundo moderno y global conformado por primera vez a escala planetaria. Esta Red trabaja en estrecho contacto con la <b>Red Mundial de Ciudades Magall\u00e1nicas<\/b> para colaborar en el desarrollo y aprobaci\u00f3n de la candidatura de la Ruta de Magallanes como <b>Patrimonio Mundial por parte de la UNESCO<\/b>.<\/p>\n<p>Las entidades que componen la Red son: Universidad Nova de Lisboa, Universidad de Lisboa y Universidad Tras os Montes e Alto Douro (Portugal); Universidad Pablo de Olavide; Universidad de Sevilla; Universidad de La Laguna; Universidad de Cabo Verde; Universidad Federal Fluminense (Brasil); Universidad Cat\u00f3lica (Uruguay); Universidad de Buenos Aires y Universidad Nacional de la Patagonia Austral (Argentina); Universidad de Magallanes (Chile); y University of Cebu (Filipinas). Adem\u00e1s, son invitadas: Universidad de C\u00e1diz; Universidad de Las Palmas de Gran Canaria; Universidad de Barcelona; Universidad Pompeu Fabra; y Universidad de Ciudad del Cabo (Rep\u00fablica Sudafricana).<\/p>\n","protected":false},"excerpt":{"rendered":"<p>El vicerrector de Investigaci\u00f3n y Transferencia de Tecnolog\u00eda de la Universidad Pablo de Olavide, Bruno Mart\u00ednez Haya; el delegado del Ayuntamiento para el \u00c1rea de H\u00e1bitat Urbano, Cultura y Turismo, Antonio Mu\u00f1oz Mart\u00ednez; y el catedr\u00e1tico de Historia de Am\u00e9rica de la UPO, Juan Marchena Fern\u00e1ndez han presentado en el Ayuntamiento de Sevilla la II Reuni\u00f3n de la Red Mundial de Universidades Magall\u00e1nicas para la Investigaci\u00f3n, la Ciencia y la Cultura que se celebra del 12 al 14 de junio en Sevilla y Sanl\u00facar de Barrameda (C\u00e1diz), coordinada por la UPO.<\/p>\n","protected":false},"author":14,"featured_media":0,"comment_status":"closed","ping_status":"open","sticky":false,"template":"","format":"standard","meta":{"_monsterinsights_skip_tracking":false,"_monsterinsights_sitenote_active":false,"_monsterinsights_sitenote_note":"","_monsterinsights_sitenote_category":0,"footnotes":""},"categories":[6],"tags":[621,1818,56,3941,3330,1845,38,5212,39],"class_list":["post-26956546","post","type-post","status-publish","format-standard","hentry","category-institucional","tag-ayuntamiento-de-sevilla","tag-bruno-martinez-haya","tag-investigacion","tag-juan-marchena-fernandez","tag-magallanes","tag-real-alcazar-de-sevilla","tag-rector","tag-red-de-universidades-magallanicas","tag-universidades"],"_links":{"self":[{"href":"https:\/\/www.upo.es\/diario\/wp-json\/wp\/v2\/posts\/26956546","targetHints":{"allow":["GET"]}}],"collection":[{"href":"https:\/\/www.upo.es\/diario\/wp-json\/wp\/v2\/posts"}],"about":[{"href":"https:\/\/www.upo.es\/diario\/wp-json\/wp\/v2\/types\/post"}],"author":[{"embeddable":true,"href":"https:\/\/www.upo.es\/diario\/wp-json\/wp\/v2\/users\/14"}],"replies":[{"embeddable":true,"href":"https:\/\/www.upo.es\/diario\/wp-json\/wp\/v2\/comments?post=26956546"}],"version-history":[{"count":4,"href":"https:\/\/www.upo.es\/diario\/wp-json\/wp\/v2\/posts\/26956546\/revisions"}],"predecessor-version":[{"id":26966268,"href":"https:\/\/www.upo.es\/diario\/wp-json\/wp\/v2\/posts\/26956546\/revisions\/26966268"}],"wp:attachment":[{"href":"https:\/\/www.upo.es\/diario\/wp-json\/wp\/v2\/media?parent=26956546"}],"wp:term":[{"taxonomy":"category","embeddable":true,"href":"https:\/\/www.upo.es\/diario\/wp-json\/wp\/v2\/categories?post=26956546"},{"taxonomy":"post_tag","embeddable":true,"href":"https:\/\/www.upo.es\/diario\/wp-json\/wp\/v2\/tags?post=26956546"}],"curies":[{"name":"wp","href":"https:\/\/api.w.org\/{rel}","templated":true}]}}