{"id":26956551,"date":"2018-06-11T08:41:50","date_gmt":"2018-06-11T06:41:50","guid":{"rendered":"https:\/\/www.upo.es\/diario\/?p=26956551"},"modified":"2020-10-27T16:13:34","modified_gmt":"2020-10-27T15:13:34","slug":"impacto-y-explotacion-de-resultados-en-h2020-nueva-jornada-de-formacion-para-personal-de-investigacion","status":"publish","type":"post","link":"https:\/\/www.upo.es\/diario\/institucional\/2018\/06\/impacto-y-explotacion-de-resultados-en-h2020-nueva-jornada-de-formacion-para-personal-de-investigacion\/","title":{"rendered":"\u201cImpacto y explotaci\u00f3n de resultados en H2020\u201d, nueva jornada de formaci\u00f3n para personal de investigaci\u00f3n"},"content":{"rendered":"<figure id=\"attachment_26956552\" aria-describedby=\"caption-attachment-26956552\" style=\"width: 320px\" class=\"wp-caption alignright\"><a href=\"https:\/\/www.upo.es\/diario\/wp-content\/uploads\/2018\/06\/IMG_5538.jpg\"><img loading=\"lazy\" decoding=\"async\" class=\"size-medium wp-image-26956552\" alt=\"Curso &quot;Impacto y explotaci\u00f3n de resultados H2020&quot;\" src=\"https:\/\/www.upo.es\/diario\/wp-content\/uploads\/2018\/06\/IMG_5538-320x240.jpg\" width=\"320\" height=\"240\" \/><\/a><figcaption id=\"caption-attachment-26956552\" class=\"wp-caption-text\">Curso \u00abImpacto y explotaci\u00f3n de resultados H2020\u00bb<\/figcaption><\/figure>\n<p><span style=\"text-decoration: underline;\">La Oficina de Transferencia de Resultados de Investigaci\u00f3n (OTRI) de la Universidad Pablo de Olavide ha organizado hoy una nueva jornada de los \u201cDesayunos Europeos de la UPO\u201d con la tem\u00e1tica \u201c<b>Impacto y explotaci\u00f3n de resultados H2020<\/b>\u201d que ha tenido lugar en el Sal\u00f3n de Actos del CEI CamBio.<\/span><\/p>\n<p>Los investigadores e investigadoras de la UPO inscritos en este taller han podido conocer las t\u00e9cnicas e instrucciones necesarias para la redacci\u00f3n de la secci\u00f3n \u201cImpacto\u201d en una propuesta de H2020 durante un taller que ha sido impartido por <b>\u00c1ngel Adell<\/b>, director gerente de la consultora internacional Euradia. Para ello, Adell ha desvelado c\u00f3mo redactar la propuesta t\u00e9cnica destacando la importancia de un buen enfoque del impacto de los resultados del proyecto.<\/p>\n<p>En comparaci\u00f3n con Programas Marco anteriores, la Comisi\u00f3n Europea otorga en Horizonte 2020 un mayor peso a los impactos generados por los resultados globales de los proyectos, ya sean de tipo cient\u00edfico, econ\u00f3mico, pol\u00edtico o social. Con esta jornada, se pretende formar al personal de investigaci\u00f3n en la adquisici\u00f3n de herramientas que le facilite la redacci\u00f3n de esta secci\u00f3n con la mayor garant\u00eda de \u00e9xito.<\/p>\n<p>El taller ha sido organizado por la OTRI en el marco del proyecto Europa Redes y Gestores, concedido por el MINECO en su \u00faltima convocatoria. El proyecto CAPACITA concedido a la UPO tiene como objetivo mejorar la participaci\u00f3n de los investigadores e investigadoras de la Universidad en el Programa Marco de Innovaci\u00f3n de la Uni\u00f3n Europea H2020.<\/p>\n","protected":false},"excerpt":{"rendered":"<p>La Oficina de Transferencia de Resultados de Investigaci\u00f3n (OTRI) de la Universidad Pablo de Olavide ha organizado una nueva jornada de los \u201cDesayunos Europeos de la UPO\u201d con la tem\u00e1tica \u201cImpacto y explotaci\u00f3n de resultados H2020\u201d que ha tenido lugar en el Sal\u00f3n de Actos del CEI CamBio.<\/p>\n","protected":false},"author":14,"featured_media":0,"comment_status":"closed","ping_status":"open","sticky":false,"template":"","format":"standard","meta":{"_monsterinsights_skip_tracking":false,"_monsterinsights_sitenote_active":false,"_monsterinsights_sitenote_note":"","_monsterinsights_sitenote_category":0,"footnotes":""},"categories":[6],"tags":[5215,5216,509,733,83,4991],"class_list":["post-26956551","post","type-post","status-publish","format-standard","hentry","category-institucional","tag-euradia","tag-europa-redes-y-gestores","tag-formacion","tag-h2020","tag-otri","tag-personal-de-investigacion"],"_links":{"self":[{"href":"https:\/\/www.upo.es\/diario\/wp-json\/wp\/v2\/posts\/26956551","targetHints":{"allow":["GET"]}}],"collection":[{"href":"https:\/\/www.upo.es\/diario\/wp-json\/wp\/v2\/posts"}],"about":[{"href":"https:\/\/www.upo.es\/diario\/wp-json\/wp\/v2\/types\/post"}],"author":[{"embeddable":true,"href":"https:\/\/www.upo.es\/diario\/wp-json\/wp\/v2\/users\/14"}],"replies":[{"embeddable":true,"href":"https:\/\/www.upo.es\/diario\/wp-json\/wp\/v2\/comments?post=26956551"}],"version-history":[{"count":1,"href":"https:\/\/www.upo.es\/diario\/wp-json\/wp\/v2\/posts\/26956551\/revisions"}],"predecessor-version":[{"id":30862556,"href":"https:\/\/www.upo.es\/diario\/wp-json\/wp\/v2\/posts\/26956551\/revisions\/30862556"}],"wp:attachment":[{"href":"https:\/\/www.upo.es\/diario\/wp-json\/wp\/v2\/media?parent=26956551"}],"wp:term":[{"taxonomy":"category","embeddable":true,"href":"https:\/\/www.upo.es\/diario\/wp-json\/wp\/v2\/categories?post=26956551"},{"taxonomy":"post_tag","embeddable":true,"href":"https:\/\/www.upo.es\/diario\/wp-json\/wp\/v2\/tags?post=26956551"}],"curies":[{"name":"wp","href":"https:\/\/api.w.org\/{rel}","templated":true}]}}