{"id":26983382,"date":"2018-06-13T14:31:37","date_gmt":"2018-06-13T12:31:37","guid":{"rendered":"https:\/\/www.upo.es\/diario\/?p=26983382"},"modified":"2020-10-27T16:14:15","modified_gmt":"2020-10-27T15:14:15","slug":"el-rector-y-el-alcalde-inauguran-la-nueve-sede-de-la-universidad-pablo-de-olavide-en-el-centro-de-sevilla","status":"publish","type":"post","link":"https:\/\/www.upo.es\/diario\/institucional\/2018\/06\/el-rector-y-el-alcalde-inauguran-la-nueve-sede-de-la-universidad-pablo-de-olavide-en-el-centro-de-sevilla\/","title":{"rendered":"El rector y el alcalde inauguran la nueve sede de la Universidad Pablo de Olavide en el centro de Sevilla"},"content":{"rendered":"<figure id=\"attachment_26983383\" aria-describedby=\"caption-attachment-26983383\" style=\"width: 600px\" class=\"wp-caption aligncenter\"><a href=\"https:\/\/www.upo.es\/diario\/wp-content\/uploads\/2018\/06\/Inaug-Sede-Olavide-Centro_1.jpg\"><img loading=\"lazy\" decoding=\"async\" class=\"size-large wp-image-26983383\" alt=\"Vicente Guzm\u00e1n y Juan Espadas en el exterior de la sede de la UPO en la calle Lara\u00f1a\" src=\"https:\/\/www.upo.es\/diario\/wp-content\/uploads\/2018\/06\/Inaug-Sede-Olavide-Centro_1-600x400.jpg\" width=\"600\" height=\"400\" \/><\/a><figcaption id=\"caption-attachment-26983383\" class=\"wp-caption-text\">Vicente Guzm\u00e1n y Juan Espadas en el exterior de la sede de la UPO en la calle Lara\u00f1a<\/figcaption><\/figure>\n<p><span style=\"text-decoration: underline;\">El rector de la Universidad Pablo de Olavide <b>Vicente Guzm\u00e1n<\/b> y el alcalde de Sevilla <b>Juan Espadas<\/b>, acompa\u00f1ados por la presidenta del Consejo Social de la UPO <b>Amparo Rubiales<\/b> y el vicerrector de Estrategia, Empleabilidad y Emprendimiento <b>Jos\u00e9 Manuel Feria<\/b>, han inaugurado esta ma\u00f1ana la nueva sede de la UPO en el centro de Sevilla.<\/span> El edificio, ubicado en el n\u00famero 4 de la calle Lara\u00f1a (segunda planta) fue el centro cultural de la <b>Fundaci\u00f3n Cajasol<\/b>, una de las tres entidades que han suscrito el convenio marco de colaboraci\u00f3n para hacer realidad este proyecto adem\u00e1s del <b>Ayuntamiento de Sevilla<\/b> y la propia Universidad.<\/p>\n<p>La sede \u201c<b>Olavide en Sevilla &#8211; Centro<\/b>\u201d responde a la idea de visibilizar la instituci\u00f3n en el casco hist\u00f3rico de la ciudad para llevar a cabo en ella actividades acad\u00e9micas y culturales. Se trata de un nuevo espacio p\u00fablico, abierto a la ciudadan\u00eda que acerca, a\u00fan m\u00e1s, la UPO a la ciudad de Sevilla reforzando su posicionamiento estrat\u00e9gico como universidad, no s\u00f3lo en t\u00e9rminos de presencia y representaci\u00f3n institucional, sino tambi\u00e9n permitiendo implementar la estrategia de compromiso y transformaci\u00f3n social como queda reflejado en el IV Plan Estrat\u00e9gico 2017-2020 de la UPO. Adem\u00e1s, este nuevo enclave, con una superficie de 260 m<sup>2<\/sup> que incluyen un sal\u00f3n de grados con capacidad para 60 personas equipado con las \u00faltimas tecnolog\u00edas y una zona multifuncional donde desarrollar actividades, acoger\u00e1 la sede permanente del <b>Consejo Social<\/b>.<\/p>\n<p><b>Vicente Guzm\u00e1n<\/b> ha agradecido al vicerrector Jos\u00e9 Manuel Feria y su equipo, as\u00ed como a la Fundaci\u00f3n Universidad Pablo de Olavide, a la Fundaci\u00f3n Cajasol y al Ayuntamiento por el trabajo desarrollado: \u201cCon Cajasol, adem\u00e1s, hemos sido capaces de llegar a un tipo de colaboraci\u00f3n que contempla otras actuaciones dentro de la acci\u00f3n social y cultural que lleva a cabo la Fundaci\u00f3n. Con el Ayuntamiento, siempre ha habido voluntad de colaboraci\u00f3n y, adem\u00e1s, contemplamos otras acciones para que esta iniciativa resulte \u00fatil a la sociedad sevillana\u201d. El rector se ha referido a la nueva sede de la UPO en el centro como \u201cun proyecto coral porque queremos sumar a lo que ya se est\u00e1 haciendo en la ciudad. Venimos a colaborar con la Universidad de Sevilla de manera que seamos capaces de hacer cosas conjuntas para enriquecer a la ciudad, llevando el conocimiento y los valores a las personas para hacer una sociedad mejor. Esta es nuestra vocaci\u00f3n\u201d.<\/p>\n<figure id=\"attachment_26983384\" aria-describedby=\"caption-attachment-26983384\" style=\"width: 320px\" class=\"wp-caption alignright\"><a href=\"https:\/\/www.upo.es\/diario\/wp-content\/uploads\/2018\/06\/Inaug-Sede-Olavide-Centro_2.jpg\"><img loading=\"lazy\" decoding=\"async\" class=\"size-medium wp-image-26983384\" alt=\"Amparo Rubiales, Vicente Guzm\u00e1n, Juan Espadas y Jos\u00e9 Manuel Feria en la mesa inaugural\" src=\"https:\/\/www.upo.es\/diario\/wp-content\/uploads\/2018\/06\/Inaug-Sede-Olavide-Centro_2-320x213.jpg\" width=\"320\" height=\"213\" \/><\/a><figcaption id=\"caption-attachment-26983384\" class=\"wp-caption-text\">Amparo Rubiales, Vicente Guzm\u00e1n, Juan Espadas y Jos\u00e9 Manuel Feria en la mesa inaugural<\/figcaption><\/figure>\n<p>El alcalde ha se\u00f1alado la importancia de este acto \u201cquerido y buscado por la UPO desde hace tiempo. Hemos hablado muchas veces de esta idea para que la Universidad ganara en accesibilidad en cuanto a cierto tipo de iniciativas propias\u201d. Por otra parte, ha alabado la l\u00ednea de trabajo de la instituci\u00f3n: \u201cLa Universidad Pablo de Olavide est\u00e1 en Pol\u00edgono Sur, as\u00ed que hay que tom\u00e1rsela en serio cuando dice que quiere estar en otros sitios, en otras realidades y vincular su marca a los proyectos de la ciudad\u201d. En este sentido, ha recordado la importancia del papel del Consejo Social para llevar esta iniciativa a t\u00e9rmino porque \u201cnecesitamos que las universidades se fundan m\u00e1s en la imagen de Sevilla que damos al exterior generando nuevos proyectos. Esperamos que en los pr\u00f3ximos a\u00f1os, esta sede se convierta en una maquinaria potente de dise\u00f1ar nuevos proyectos para la ciudad en clave universitaria\u201d. Durante su intervenci\u00f3n, <b>Juan Espadas<\/b> ha recordado con cari\u00f1o su participaci\u00f3n en los or\u00edgenes de la Universidad Pablo de Olavide cuando el alcalde estaba vinculado a la Consejer\u00eda de Educaci\u00f3n \u201cy puse mi granito de arena para que la UPO se llamase as\u00ed\u201d.<\/p>\n","protected":false},"excerpt":{"rendered":"<p>El rector de la Universidad Pablo de Olavide Vicente Guzm\u00e1n y el alcalde de Sevilla Juan Espadas han inaugurado la nueva sede de la UPO en el centro de Sevilla. El rector se ha referido a la nueva sede de la UPO en el centro como \u201cun proyecto coral porque queremos sumar a lo que ya se est\u00e1 haciendo en la ciudad. Venimos a colaborar con la Universidad de Sevilla de manera que seamos capaces de hacer cosas conjuntas para enriquecer a la ciudad, llevando el conocimiento y los valores a las personas para hacer una sociedad mejor. Esta es nuestra vocaci\u00f3n\u201d.<\/p>\n","protected":false},"author":14,"featured_media":0,"comment_status":"closed","ping_status":"open","sticky":false,"template":"","format":"standard","meta":{"_monsterinsights_skip_tracking":false,"_monsterinsights_sitenote_active":false,"_monsterinsights_sitenote_note":"","_monsterinsights_sitenote_category":0,"footnotes":""},"categories":[6],"tags":[5229,112,2078,38,39,3437],"class_list":["post-26983382","post","type-post","status-publish","format-standard","hentry","category-institucional","tag-centro-de-sevilla","tag-consejo-social","tag-fundacion-cajasol","tag-rector","tag-universidades","tag-vicerrectorado-de-estrategia-empleabilidad-y-emprendimiento"],"_links":{"self":[{"href":"https:\/\/www.upo.es\/diario\/wp-json\/wp\/v2\/posts\/26983382","targetHints":{"allow":["GET"]}}],"collection":[{"href":"https:\/\/www.upo.es\/diario\/wp-json\/wp\/v2\/posts"}],"about":[{"href":"https:\/\/www.upo.es\/diario\/wp-json\/wp\/v2\/types\/post"}],"author":[{"embeddable":true,"href":"https:\/\/www.upo.es\/diario\/wp-json\/wp\/v2\/users\/14"}],"replies":[{"embeddable":true,"href":"https:\/\/www.upo.es\/diario\/wp-json\/wp\/v2\/comments?post=26983382"}],"version-history":[{"count":1,"href":"https:\/\/www.upo.es\/diario\/wp-json\/wp\/v2\/posts\/26983382\/revisions"}],"predecessor-version":[{"id":27006528,"href":"https:\/\/www.upo.es\/diario\/wp-json\/wp\/v2\/posts\/26983382\/revisions\/27006528"}],"wp:attachment":[{"href":"https:\/\/www.upo.es\/diario\/wp-json\/wp\/v2\/media?parent=26983382"}],"wp:term":[{"taxonomy":"category","embeddable":true,"href":"https:\/\/www.upo.es\/diario\/wp-json\/wp\/v2\/categories?post=26983382"},{"taxonomy":"post_tag","embeddable":true,"href":"https:\/\/www.upo.es\/diario\/wp-json\/wp\/v2\/tags?post=26983382"}],"curies":[{"name":"wp","href":"https:\/\/api.w.org\/{rel}","templated":true}]}}