{"id":26994389,"date":"2018-06-14T00:01:41","date_gmt":"2018-06-13T22:01:41","guid":{"rendered":"https:\/\/www.upo.es\/diario\/?p=26994389"},"modified":"2020-10-27T16:14:20","modified_gmt":"2020-10-27T15:14:20","slug":"la-upo-participa-en-nafsa-2018-la-asamblea-de-educadores-mas-importante-del-mundo","status":"publish","type":"post","link":"https:\/\/www.upo.es\/diario\/institucional\/2018\/06\/la-upo-participa-en-nafsa-2018-la-asamblea-de-educadores-mas-importante-del-mundo\/","title":{"rendered":"La UPO participa en NAFSA 2018, la asamblea de educadores m\u00e1s importante del mundo"},"content":{"rendered":"<figure id=\"attachment_26994390\" aria-describedby=\"caption-attachment-26994390\" style=\"width: 600px\" class=\"wp-caption aligncenter\"><a href=\"https:\/\/www.upo.es\/diario\/wp-content\/uploads\/2018\/06\/thumb_IMG_8188_1024.jpg\"><img loading=\"lazy\" decoding=\"async\" class=\"size-large wp-image-26994390\" alt=\"De izquierda a derecha: Joanna Wandycz-Mej\u00edas, Mentxu Zalla, Isabel Victoria Lucena y Ver\u00f3nica Pacheco\" src=\"https:\/\/www.upo.es\/diario\/wp-content\/uploads\/2018\/06\/thumb_IMG_8188_1024-600x450.jpg\" width=\"600\" height=\"450\" \/><\/a><figcaption id=\"caption-attachment-26994390\" class=\"wp-caption-text\">De izquierda a derecha: Joanna Wandycz-Mej\u00edas, Mentxu Zalla, Isabel Victoria Lucena y Ver\u00f3nica Pacheco<\/figcaption><\/figure>\n<p>La Universidad Pablo de Olavide, junto al resto de entidades del Sistema P\u00fablico Andaluz de Universidades, ha participado en NAFSA 2018, la asamblea de la Asociaci\u00f3n de Educadores Internacionales sin \u00e1nimo de lucro, que se ha celebrado en Filadelfia (Estados Unidos). Esta organizaci\u00f3n est\u00e1 dedicada a la educaci\u00f3n e intercambio internacional y tiene asociadas m\u00e1s de 3.500 instituciones y m\u00e1s de 10.000 educadores de 150 pa\u00edses. En NAFSA se comparte el intercambio internacional para promover pol\u00edticas y pr\u00e1cticas que garanticen un mundo m\u00e1s interconectado y pac\u00edfico hoy y para las generaciones venideras.<\/p>\n<p>Las\u00a0 diez universidades p\u00fablicas andaluzas han estado presentes con imagen propia dentro del stand instalado por Espa\u00f1a en la conferencia. De esta forma, sus representantes han mantenido contactos con un importante n\u00famero de instituciones de los cinco continentes, a las que han trasladado el modelo de educaci\u00f3n universitaria andaluz y las oportunidades que ofrece al alumnado de otros pa\u00edses. Asimismo, han podido conocer programas de desarrollo profesional y de habilidades globales de aprendizaje que se llevan a cabo en la actualidad fuera de Espa\u00f1a, as\u00ed como nuevas t\u00e9cnicas para crear y evaluar el compromiso intercultural.<\/p>\n<figure id=\"attachment_26994391\" aria-describedby=\"caption-attachment-26994391\" style=\"width: 320px\" class=\"wp-caption alignright\"><a href=\"https:\/\/www.upo.es\/diario\/wp-content\/uploads\/2018\/06\/07392ecf-25fd-48b0-8a63-e8e303bc739f-copia-1.jpg\"><img loading=\"lazy\" decoding=\"async\" class=\"size-medium wp-image-26994391\" alt=\"Representantes de las universidades p\u00fablicas andaluzas\" src=\"https:\/\/www.upo.es\/diario\/wp-content\/uploads\/2018\/06\/07392ecf-25fd-48b0-8a63-e8e303bc739f-copia-1-320x240.jpg\" width=\"320\" height=\"240\" \/><\/a><figcaption id=\"caption-attachment-26994391\" class=\"wp-caption-text\">Representantes de las universidades p\u00fablicas andaluzas<\/figcaption><\/figure>\n<p>Durante la conferencia de NAFSA han tenido lugar numerosos paneles, sesiones, talleres y exposiciones. El programa general de las jornadas ha englobado tem\u00e1ticas como las perspectivas de las fronteras nacionales; las voces educativas que no se tienen en cuenta para el avance de la educaci\u00f3n internacional; la gesti\u00f3n de las carteras de empleo en tiempos de cambios constantes; la empleabilidad de los estudiantes a trav\u00e9s de un curr\u00edculo innovador, programas de desarrollo profesional y experiencias co-curriculares; la legalidad en torno a la investigaci\u00f3n, los pagos internacionales, trabajar con ongs y seguros; los desaf\u00edos \u00e9ticos en la educaci\u00f3n internacional; los usos creativos de la tecnolog\u00eda y c\u00f3mo facilitar el aprendizaje y las conexiones; los impactos econ\u00f3micos y pol\u00edticos sobre la movilidad de los estudiantes; y los programas innovadores para apoyar el bienestar estudiantil y acad\u00e9mico.<\/p>\n<p>La representaci\u00f3n de la Universidad Pablo de Olavide en la asamblea de NAFSA estaba compuesta por <b>Isabel Victoria Lucena Cid<\/b>, vicerrectora de Internacionalizaci\u00f3n; <b>Ver\u00f3nica Pacheco Costa<\/b>, directora general de Idiomas y Estudiantes Extranjeros; <b>Joanna Wandycz-Mej\u00edas<\/b>, subdirectora del Centro Universitario Internacional (CUI); y <b>Mentxu Zalla Ansola<\/b>, jefa de Administraci\u00f3n del CUI.<\/p>\n","protected":false},"excerpt":{"rendered":"<p>La Universidad Pablo de Olavide, junto al resto de entidades del Sistema P\u00fablico Andaluz de Universidades, ha participado en NAFSA 2018, la asamblea de la Asociaci\u00f3n de Educadores Internacionales sin \u00e1nimo de lucro, que se ha celebrado en Filadelfia (Estados Unidos). Esta organizaci\u00f3n est\u00e1 dedicada a la educaci\u00f3n e intercambio internacional y tiene asociadas m\u00e1s de 3.500 instituciones y m\u00e1s de 10.000 educadores de 150 pa\u00edses.<\/p>\n","protected":false},"author":14,"featured_media":0,"comment_status":"closed","ping_status":"open","sticky":false,"template":"","format":"standard","meta":{"_monsterinsights_skip_tracking":false,"_monsterinsights_sitenote_active":false,"_monsterinsights_sitenote_note":"","_monsterinsights_sitenote_category":0,"footnotes":""},"categories":[6],"tags":[906,3951,925,2418,5230,39,3620],"class_list":["post-26994389","post","type-post","status-publish","format-standard","hentry","category-institucional","tag-cui","tag-direccion-general-de-idiomas","tag-internacionalizacion","tag-nafsa","tag-sistema-publico-andaluz","tag-universidades","tag-vicerrectorado-de-internacionalizacion"],"_links":{"self":[{"href":"https:\/\/www.upo.es\/diario\/wp-json\/wp\/v2\/posts\/26994389","targetHints":{"allow":["GET"]}}],"collection":[{"href":"https:\/\/www.upo.es\/diario\/wp-json\/wp\/v2\/posts"}],"about":[{"href":"https:\/\/www.upo.es\/diario\/wp-json\/wp\/v2\/types\/post"}],"author":[{"embeddable":true,"href":"https:\/\/www.upo.es\/diario\/wp-json\/wp\/v2\/users\/14"}],"replies":[{"embeddable":true,"href":"https:\/\/www.upo.es\/diario\/wp-json\/wp\/v2\/comments?post=26994389"}],"version-history":[{"count":1,"href":"https:\/\/www.upo.es\/diario\/wp-json\/wp\/v2\/posts\/26994389\/revisions"}],"predecessor-version":[{"id":27047758,"href":"https:\/\/www.upo.es\/diario\/wp-json\/wp\/v2\/posts\/26994389\/revisions\/27047758"}],"wp:attachment":[{"href":"https:\/\/www.upo.es\/diario\/wp-json\/wp\/v2\/media?parent=26994389"}],"wp:term":[{"taxonomy":"category","embeddable":true,"href":"https:\/\/www.upo.es\/diario\/wp-json\/wp\/v2\/categories?post=26994389"},{"taxonomy":"post_tag","embeddable":true,"href":"https:\/\/www.upo.es\/diario\/wp-json\/wp\/v2\/tags?post=26994389"}],"curies":[{"name":"wp","href":"https:\/\/api.w.org\/{rel}","templated":true}]}}