{"id":26995514,"date":"2018-06-14T12:14:53","date_gmt":"2018-06-14T10:14:53","guid":{"rendered":"https:\/\/www.upo.es\/diario\/?p=26995514"},"modified":"2020-10-27T16:14:57","modified_gmt":"2020-10-27T15:14:57","slug":"internet-nos-ha-obligado-a-los-periodistas-a-trabajar-con-inmediatez-pero-sin-perder-el-rigor-y-eso-no-es-facil","status":"publish","type":"post","link":"https:\/\/www.upo.es\/diario\/cursos-verano\/2018\/06\/internet-nos-ha-obligado-a-los-periodistas-a-trabajar-con-inmediatez-pero-sin-perder-el-rigor-y-eso-no-es-facil\/","title":{"rendered":"\u201cInternet nos ha obligado a los periodistas a trabajar con inmediatez pero sin perder el rigor, y eso no es f\u00e1cil\u201d"},"content":{"rendered":"<figure id=\"attachment_26995515\" aria-describedby=\"caption-attachment-26995515\" style=\"width: 600px\" class=\"wp-caption aligncenter\"><a href=\"https:\/\/www.upo.es\/diario\/wp-content\/uploads\/2018\/06\/Montserrat-Dominguez.jpg\"><img loading=\"lazy\" decoding=\"async\" class=\"size-large wp-image-26995515\" alt=\"Montserrat Dom\u00ednguez en la sede Olavide en Carmona\" src=\"https:\/\/www.upo.es\/diario\/wp-content\/uploads\/2018\/06\/Montserrat-Dominguez-600x400.jpg\" width=\"600\" height=\"400\" \/><\/a><figcaption id=\"caption-attachment-26995515\" class=\"wp-caption-text\">Montserrat Dom\u00ednguez en la sede Olavide en Carmona<\/figcaption><\/figure>\n<p>Estudi\u00f3 Periodismo por casualidad. En realidad, no sab\u00eda muy bien a qu\u00e9 dedicar su futuro. Por casualidad y porque una maestra del colegio se percat\u00f3 de que aquella ni\u00f1a resultaba m\u00e1s curiosa e inquieta de lo com\u00fan para su edad. Sin saberlo, aquella profesora descubri\u00f3 y catapult\u00f3 a quien, pasado el tiempo, se convertir\u00eda en una de las m\u00e1s populares voces de la radio espa\u00f1ola, rostro de la televisi\u00f3n y referente del periodismo. Cuando entr\u00f3 por primera vez en una redacci\u00f3n, se disiparon todas sus dudas: \u201cme encontr\u00e9 en mi h\u00e1bitat y descubr\u00ed que era donde quer\u00eda pasar el resto de mi vida\u201d.<\/p>\n<p>Son palabras de la periodista <b>Montserrat Dom\u00ednguez<\/b>, quien anoche pronunci\u00f3 la conferencia inaugural de la XVI edici\u00f3n de los Cursos de Verano de la Universidad Pablo de Olavide en Carmona, bajo el t\u00edtulo \u2018Mujeres, poder y medios\u2019. Al acto asistieron el rector de la Universidad Pablo de Olavide, <b>Vicente Guzm\u00e1n<\/b>; el alcalde de Carmona, <b>Juan \u00c1vila<\/b>; la presidenta del Consejo Social de la UPO, <b>Amparo Rubiales<\/b>; el presidente de la Asociaci\u00f3n de la Prensa de Sevilla, <b>Rafael Rodr\u00edguez<\/b>; el vicerrector de Postgrado y Formaci\u00f3n Permanente, <b>Miguel \u00c1ngel Gual Font<\/b>; y el director de la sede de la Universidad Pablo de Olavide en Carmona \u2013 Rectora Rosario Valpuesta, <b>Francisco Hidalgo<\/b>, adem\u00e1s de otras autoridades acad\u00e9micas y civiles.<\/p>\n<p>La periodista record\u00f3 sus inicios profesionales pinchando discos en una emisora musical de Madrid y su paso posterior a informativos, hasta que tuvo la suerte de recalar en pr\u00e1cticas en EFE, porque \u201cla base del periodismo est\u00e1 en una agencia de noticias y es el mejor lugar para aprender: tienes que ser preciso a la vez que riguroso\u201d, como le gusta comentar siempre a sus becarios. Tras un periodo de formaci\u00f3n en Estados Unidos, adonde viaj\u00f3 gracias a una beca, regres\u00f3 a Espa\u00f1a coincidiendo con el inicio de las televisiones privadas y un momento de demanda de profesionales, comenzando su carrera en televisi\u00f3n primero en Canal Plus y luego en Telecinco.<\/p>\n<p>Desde entonces hasta ahora, el periodismo ha cambiado mucho. Sobre todo por la irrupci\u00f3n de Internet, \u201cque exige unas capacidades nuevas a los periodistas para hacer frente al reto de la inmediatez sin perder el rigor; y eso no es f\u00e1cil\u201d. Asimismo, se\u00f1ala que \u201cla gente ya no viene a buscarnos, sino que somos nosotros los que tenemos que salir a la caza del lector o del oyente; ahora est\u00e1 todo en el m\u00f3vil y hay una competencia brutal porque no todo el mundo diferencia al emisor de la informaci\u00f3n y han surgido nuevas formas de trabajar para los periodistas\u201d.<\/p>\n<p>Sobre su nueva responsabilidad como directora de \u2018El Pa\u00eds Semanal\u2019, Dom\u00ednguez reconoce sentirse \u201cmuy ilusionada\u201d ante un \u201creto fascinante\u201d como es formar parte del equipo de Soledad Gallego-D\u00edaz y entrar en un \u201cterritorio nuevo para m\u00ed, como son las revistas\u201d y que le aportar\u00e1 una \u201cvisi\u00f3n complementaria\u201d, una \u201cmirada m\u00e1s pausada\u201d de la que viene ejerciendo desde hace seis a\u00f1os como m\u00e1xima responsable de \u2018El Huffington Post\u2019.<\/p>\n<p>Sigue creyendo en el periodismo y en la independencia de profesionales y medios \u201cque intentamos surfear ante muchas presiones de todo tipo: empresariales, pol\u00edticas y sociales\u201d porque, al fin y al cabo, \u201cexisten dependencias como en todos los negocios\u201d y el periodismo libre no existe \u201csi no se sostiene en modelos de empresas rentables\u201d. Todo ello despu\u00e9s de una crisis que \u201cha devastado el modelo de negocio tradicional\u201d y que ha propiciado el surgimiento de otros nuevos a costa de la \u201cprecarizaci\u00f3n del empleo\u201d y de un mont\u00f3n de profesionales veteranos que han quedado en la cuneta, por lo que apuesta por la \u201ccoexistencia de la veteran\u00eda con la frescura que aportan los j\u00f3venes\u201d. Pese a todo, a los estudiantes de Periodismo les dir\u00eda que \u201cno lo van a tener f\u00e1cil\u201d, pero que han escogido \u201cla mejor carrera del mundo; y que el Periodismo es \u201cun oficio que se aprende trabajando\u201d. Les dar\u00eda \u00e1nimos por elegir una profesi\u00f3n que consiste en \u201ccontar el mundo, interpretar la realidad, dar respuesta a algo tan humano como entender qui\u00e9nes somos, d\u00f3nde estamos y, sobre todo, para construir una sociedad mejor\u201d.<\/p>\n<p>Sobre el papel de la mujer en el Periodismo, Montserrat Dom\u00ednguez considera que a pesar de que su presencia en el sector siempre ha sido numerosa, ha quedado relegada a puestos secundarios porque los medios de comunicaci\u00f3n \u201cno dejan de reproducir una sociedad que cultural y tradicionalmente es muy patriarcal\u201d. No obstante, a\u00f1ade que en el \u00faltimo a\u00f1o se ha producido una \u201crebeli\u00f3n de las mujeres para reclamar su derecho a estar en los \u00f3rganos de decisi\u00f3n y de poder de las empresas period\u00edsticas\u201d, concluye.<\/p>\n","protected":false},"excerpt":{"rendered":"<p>La periodista Montserrat Dom\u00ednguez pronunci\u00f3 anoche la conferencia inaugural de la XVI edici\u00f3n de los Cursos de Verano de la Universidad Pablo de Olavide en Carmona, bajo el t\u00edtulo \u2018Mujeres, poder y medios\u2019. Al acto asistieron el rector de la Universidad Pablo de Olavide, Vicente Guzm\u00e1n; el alcalde de Carmona, Juan \u00c1vila; la presidenta del Consejo Social de la UPO, Amparo Rubiales; el presidente de la Asociaci\u00f3n de la Prensa de Sevilla, Rafael Rodr\u00edguez; el vicerrector de Postgrado y Formaci\u00f3n Permanente, Miguel \u00c1ngel Gual Font; y el director de la sede de la Universidad Pablo de Olavide en Carmona \u2013 Rectora Rosario Valpuesta, Francisco Hidalgo, adem\u00e1s de otras autoridades acad\u00e9micas y civiles.<\/p>\n","protected":false},"author":14,"featured_media":26995518,"comment_status":"closed","ping_status":"open","sticky":false,"template":"","format":"standard","meta":{"_monsterinsights_skip_tracking":false,"_monsterinsights_sitenote_active":false,"_monsterinsights_sitenote_note":"","_monsterinsights_sitenote_category":0,"footnotes":""},"categories":[729],"tags":[227,22,890,984,5201,519,687],"class_list":["post-26995514","post","type-post","status-publish","format-standard","has-post-thumbnail","hentry","category-cursos-verano","tag-conferencia","tag-cursos-de-verano","tag-feminismo","tag-medios-de-comunicacion","tag-montserrat-dominguez","tag-olavide-en-carmona","tag-periodismo"],"_links":{"self":[{"href":"https:\/\/www.upo.es\/diario\/wp-json\/wp\/v2\/posts\/26995514","targetHints":{"allow":["GET"]}}],"collection":[{"href":"https:\/\/www.upo.es\/diario\/wp-json\/wp\/v2\/posts"}],"about":[{"href":"https:\/\/www.upo.es\/diario\/wp-json\/wp\/v2\/types\/post"}],"author":[{"embeddable":true,"href":"https:\/\/www.upo.es\/diario\/wp-json\/wp\/v2\/users\/14"}],"replies":[{"embeddable":true,"href":"https:\/\/www.upo.es\/diario\/wp-json\/wp\/v2\/comments?post=26995514"}],"version-history":[{"count":5,"href":"https:\/\/www.upo.es\/diario\/wp-json\/wp\/v2\/posts\/26995514\/revisions"}],"predecessor-version":[{"id":30862565,"href":"https:\/\/www.upo.es\/diario\/wp-json\/wp\/v2\/posts\/26995514\/revisions\/30862565"}],"wp:featuredmedia":[{"embeddable":true,"href":"https:\/\/www.upo.es\/diario\/wp-json\/wp\/v2\/media\/26995518"}],"wp:attachment":[{"href":"https:\/\/www.upo.es\/diario\/wp-json\/wp\/v2\/media?parent=26995514"}],"wp:term":[{"taxonomy":"category","embeddable":true,"href":"https:\/\/www.upo.es\/diario\/wp-json\/wp\/v2\/categories?post=26995514"},{"taxonomy":"post_tag","embeddable":true,"href":"https:\/\/www.upo.es\/diario\/wp-json\/wp\/v2\/tags?post=26995514"}],"curies":[{"name":"wp","href":"https:\/\/api.w.org\/{rel}","templated":true}]}}