{"id":27007635,"date":"2018-06-15T10:24:38","date_gmt":"2018-06-15T08:24:38","guid":{"rendered":"https:\/\/www.upo.es\/diario\/?p=27007635"},"modified":"2020-10-27T16:15:11","modified_gmt":"2020-10-27T15:15:11","slug":"ceremonia-de-graduacion-de-la-linea-2-de-ciencias-de-la-actividad-fisica-y-del-deporte","status":"publish","type":"post","link":"https:\/\/www.upo.es\/diario\/institucional\/2018\/06\/ceremonia-de-graduacion-de-la-linea-2-de-ciencias-de-la-actividad-fisica-y-del-deporte\/","title":{"rendered":"Ceremonia de graduaci\u00f3n de la L\u00ednea 2 de Ciencias de la Actividad F\u00edsica y del Deporte"},"content":{"rendered":"<figure id=\"attachment_27007636\" aria-describedby=\"caption-attachment-27007636\" style=\"width: 600px\" class=\"wp-caption aligncenter\"><a href=\"https:\/\/www.upo.es\/diario\/wp-content\/uploads\/2018\/06\/180608-UPO-2_225.jpg\"><img loading=\"lazy\" decoding=\"async\" class=\"size-large wp-image-27007636\" alt=\"L\u00ednea 2 de la Promoci\u00f3n 2014-18 del Grado en Ciencias de la Actividad F\u00edsica y del Deporte\" src=\"https:\/\/www.upo.es\/diario\/wp-content\/uploads\/2018\/06\/180608-UPO-2_225-600x400.jpg\" width=\"600\" height=\"400\" \/><\/a><figcaption id=\"caption-attachment-27007636\" class=\"wp-caption-text\">L\u00ednea 2 de la Promoci\u00f3n 2014-18 del Grado en Ciencias de la Actividad F\u00edsica y del Deporte<\/figcaption><\/figure>\n<p>La ceremonia de graduaci\u00f3n de la L\u00ednea 2 de la promoci\u00f3n 2014-2018 del <b>Grado en Ciencias de la Actividad F\u00edsica y del Deporte<\/b> se celebr\u00f3 el viernes 8 de junio en el Paraninfo de la Universidad Pablo de Olavide, presidida por la decana de la Facultad de Ciencias del Deporte, <b>\u00c1frica Calvo Lluch<\/b>.<\/p>\n<p>El padrino de la promoci\u00f3n ha sido <b>Jos\u00e9 Lorente Vergara, <\/b>profesor de la Facultad de Ciencias del Deporte de la UPO. A la ceremonia tambi\u00e9n asistieron: <b>Alejandro Serrano Rodr\u00edguez<\/b>, presidente del Ilustre Colegio Oficial de Licenciados en Educaci\u00f3n F\u00edsica y Graduados en Ciencias de la Actividad F\u00edsica y del Deporte (COLEF); <b>Diego Mungu\u00eda Izquierdo<\/b>, director del Departamento de Deporte e Inform\u00e1tica de la Universidad Pablo de Olavide; y <b>Elisabet Rodr\u00edguez Bies<\/b>, directora acad\u00e9mica del Grado en Ciencias de la Actividad F\u00edsica y del Deporte de la UPO.<\/p>\n<figure id=\"attachment_27007637\" aria-describedby=\"caption-attachment-27007637\" style=\"width: 320px\" class=\"wp-caption alignright\"><a href=\"https:\/\/www.upo.es\/diario\/wp-content\/uploads\/2018\/06\/180608-UPO-2_161.jpg\"><img loading=\"lazy\" decoding=\"async\" class=\"size-medium wp-image-27007637\" alt=\"Ceremonia de graduaci\u00f3n en el Paraninfo\" src=\"https:\/\/www.upo.es\/diario\/wp-content\/uploads\/2018\/06\/180608-UPO-2_161-320x213.jpg\" width=\"320\" height=\"213\" \/><\/a><figcaption id=\"caption-attachment-27007637\" class=\"wp-caption-text\">Ceremonia de graduaci\u00f3n en el Paraninfo<\/figcaption><\/figure>\n<p>En representaci\u00f3n del alumnado egresado, pronunciaron los discursos <b>Emilio Castro Prieto <\/b>y <b>Horacio S\u00e1nchez Trigo<\/b>. Un total de 64 egresados y egresadas han asistido, junto a sus familiares, a este acto con el que la Universidad Pablo de Olavide recupera una antigua tradici\u00f3n de las universidades europeas.<\/p>\n","protected":false},"excerpt":{"rendered":"<p>La ceremonia de graduaci\u00f3n de la L\u00ednea 2 de la promoci\u00f3n 2014-2018 del Grado en Ciencias de la Actividad F\u00edsica y del Deporte se celebr\u00f3 el viernes 8 de junio en el Paraninfo de la Universidad Pablo de Olavide, presidida por la decana de la Facultad de Ciencias del Deporte, \u00c1frica Calvo Lluch.\tEl padrino de la promoci\u00f3n ha sido Jos\u00e9 Lorente Vergara, profesor de la Facultad de Ciencias del Deporte de la UPO.<\/p>\n","protected":false},"author":14,"featured_media":0,"comment_status":"closed","ping_status":"open","sticky":false,"template":"","format":"standard","meta":{"_monsterinsights_skip_tracking":false,"_monsterinsights_sitenote_active":false,"_monsterinsights_sitenote_note":"","_monsterinsights_sitenote_category":0,"footnotes":""},"categories":[6],"tags":[5074,1330,526,669,21,3342,5235],"class_list":["post-27007635","post","type-post","status-publish","format-standard","hentry","category-institucional","tag-ceremonia-de-graduacion","tag-colef","tag-departamento-de-deporte-e-informatica","tag-egresados","tag-estudiantes","tag-facultad-de-ciencias-del-deporte","tag-grado-en-ciencias"],"_links":{"self":[{"href":"https:\/\/www.upo.es\/diario\/wp-json\/wp\/v2\/posts\/27007635","targetHints":{"allow":["GET"]}}],"collection":[{"href":"https:\/\/www.upo.es\/diario\/wp-json\/wp\/v2\/posts"}],"about":[{"href":"https:\/\/www.upo.es\/diario\/wp-json\/wp\/v2\/types\/post"}],"author":[{"embeddable":true,"href":"https:\/\/www.upo.es\/diario\/wp-json\/wp\/v2\/users\/14"}],"replies":[{"embeddable":true,"href":"https:\/\/www.upo.es\/diario\/wp-json\/wp\/v2\/comments?post=27007635"}],"version-history":[{"count":1,"href":"https:\/\/www.upo.es\/diario\/wp-json\/wp\/v2\/posts\/27007635\/revisions"}],"predecessor-version":[{"id":30862835,"href":"https:\/\/www.upo.es\/diario\/wp-json\/wp\/v2\/posts\/27007635\/revisions\/30862835"}],"wp:attachment":[{"href":"https:\/\/www.upo.es\/diario\/wp-json\/wp\/v2\/media?parent=27007635"}],"wp:term":[{"taxonomy":"category","embeddable":true,"href":"https:\/\/www.upo.es\/diario\/wp-json\/wp\/v2\/categories?post=27007635"},{"taxonomy":"post_tag","embeddable":true,"href":"https:\/\/www.upo.es\/diario\/wp-json\/wp\/v2\/tags?post=27007635"}],"curies":[{"name":"wp","href":"https:\/\/api.w.org\/{rel}","templated":true}]}}