{"id":270452,"date":"2013-01-16T14:57:41","date_gmt":"2013-01-16T14:57:41","guid":{"rendered":"https:\/\/www.upo.es\/diario\/?p=270452"},"modified":"2013-01-16T14:58:00","modified_gmt":"2013-01-16T14:58:00","slug":"abierto-el-plazo-para-inscribirse-en-el-curso-intensivo-de-sevillanas","status":"publish","type":"post","link":"https:\/\/www.upo.es\/diario\/infoupo\/2013\/01\/abierto-el-plazo-para-inscribirse-en-el-curso-intensivo-de-sevillanas\/","title":{"rendered":"Abierto el plazo para inscribirse en el Curso Intensivo de Sevillanas"},"content":{"rendered":"<figure id=\"attachment_270453\" aria-describedby=\"caption-attachment-270453\" style=\"width: 226px\" class=\"wp-caption alignright\"><a href=\"https:\/\/www.upo.es\/diario\/wp-content\/uploads\/2013\/01\/sevillanas_curso_intensivo.jpg\"><img loading=\"lazy\" decoding=\"async\" class=\"size-medium wp-image-270453\" alt=\"Baile sevillanas\" src=\"https:\/\/www.upo.es\/diario\/wp-content\/uploads\/2013\/01\/sevillanas_curso_intensivo-226x320.jpg\" width=\"226\" height=\"320\" srcset=\"https:\/\/www.upo.es\/diario\/wp-content\/uploads\/2013\/01\/sevillanas_curso_intensivo-226x320.jpg 226w, https:\/\/www.upo.es\/diario\/wp-content\/uploads\/2013\/01\/sevillanas_curso_intensivo-723x1024.jpg 723w, https:\/\/www.upo.es\/diario\/wp-content\/uploads\/2013\/01\/sevillanas_curso_intensivo-600x848.jpg 600w, https:\/\/www.upo.es\/diario\/wp-content\/uploads\/2013\/01\/sevillanas_curso_intensivo.jpg 1240w\" sizes=\"auto, (max-width: 226px) 100vw, 226px\" \/><\/a><figcaption id=\"caption-attachment-270453\" class=\"wp-caption-text\">El curso intensivo de Sevillanas comienza el 18 de febrero<\/figcaption><\/figure>\n<p>El plazo para inscribirse en el <b>Curso Intensivo de Sevillanas<\/b>, organizado dentro de los talleres art\u00edsticos ACT\u00daA de la Universidad Pablo de Olavide, concluye el viernes 8 de febrero. Las inscripciones pueden realizarse <a href=\"http:\/\/www.upo.es\/upsc\/extension_cultural\/formularios_extension\/Inscripcion_sevillanas.jsp\">rellenando un formulario online<\/a>. El curso comienza el 18 de febrero y se impartir\u00e1 lunes, martes y mi\u00e9rcoles de 15.30 a 17 horas, con un total de veintiuna sesiones que tendr\u00e1n lugar en la sala de baile del pabell\u00f3n deportivo, edificio 41. Para la comunidad universitaria la actividad tiene un coste de 30 euros.<\/p>\n<p><b>Carmen Blanco \u201cLa Manme\u201d,<\/b> monitora de Flamenco de la UPO, ser\u00e1 la encargada de impartir este taller para el cu\u00e1l no se exigen conocimientos previos y abierto a personal ajeno a la Universidad.<\/p>\n<p>Los <b>talleres ACT\u00daA<\/b> est\u00e1n organizados por el <a href=\"http:\/\/www.upo.es\/rectorado\/vicerrectorado\/part_social\/index.jsp\">Vicerrectorado de de Cultura, Participaci\u00f3n y Compromiso Social de la UPO<\/a>, l\u00ednea de Extensi\u00f3n Cultural, con el objetivo de completar la formaci\u00f3n ofrecida por la Universidad Pablo de Olavide en materia art\u00edstica.<\/p>\n<p>M\u00e1s informaci\u00f3n: <a href=\"file:\/\/\/H:\/compartido_prensa\/notas%20DUPO\/www.upo.es\/upsc\/extension_cultural\/formacion_artistica\/\">www.upo.es\/upsc\/extension_cultural\/formacion_artistica\/<\/a><\/p>\n","protected":false},"excerpt":{"rendered":"<p>El plazo para inscribirse en el Curso Intensivo de Sevillanas, organizado dentro de los talleres art\u00edsticos ACT\u00daA de la Universidad Pablo de Olavide, concluye el viernes 8 de febrero. El curso comienza el 18 de febrero y se impartir\u00e1 lunes, martes y mi\u00e9rcoles de 15.30 a 17 horas, con un total de veintiuna sesiones que tendr\u00e1n lugar en la sala de baile del pabell\u00f3n deportivo, edificio 41.<\/p>\n","protected":false},"author":1,"featured_media":0,"comment_status":"closed","ping_status":"open","sticky":false,"template":"","format":"standard","meta":{"_monsterinsights_skip_tracking":false,"_monsterinsights_sitenote_active":false,"_monsterinsights_sitenote_note":"","_monsterinsights_sitenote_category":0,"footnotes":""},"categories":[5],"tags":[141,75],"class_list":["post-270452","post","type-post","status-publish","format-standard","hentry","category-infoupo","tag-curso","tag-extension-cultural"],"_links":{"self":[{"href":"https:\/\/www.upo.es\/diario\/wp-json\/wp\/v2\/posts\/270452","targetHints":{"allow":["GET"]}}],"collection":[{"href":"https:\/\/www.upo.es\/diario\/wp-json\/wp\/v2\/posts"}],"about":[{"href":"https:\/\/www.upo.es\/diario\/wp-json\/wp\/v2\/types\/post"}],"author":[{"embeddable":true,"href":"https:\/\/www.upo.es\/diario\/wp-json\/wp\/v2\/users\/1"}],"replies":[{"embeddable":true,"href":"https:\/\/www.upo.es\/diario\/wp-json\/wp\/v2\/comments?post=270452"}],"version-history":[{"count":3,"href":"https:\/\/www.upo.es\/diario\/wp-json\/wp\/v2\/posts\/270452\/revisions"}],"predecessor-version":[{"id":270456,"href":"https:\/\/www.upo.es\/diario\/wp-json\/wp\/v2\/posts\/270452\/revisions\/270456"}],"wp:attachment":[{"href":"https:\/\/www.upo.es\/diario\/wp-json\/wp\/v2\/media?parent=270452"}],"wp:term":[{"taxonomy":"category","embeddable":true,"href":"https:\/\/www.upo.es\/diario\/wp-json\/wp\/v2\/categories?post=270452"},{"taxonomy":"post_tag","embeddable":true,"href":"https:\/\/www.upo.es\/diario\/wp-json\/wp\/v2\/tags?post=270452"}],"curies":[{"name":"wp","href":"https:\/\/api.w.org\/{rel}","templated":true}]}}