{"id":27060486,"date":"2018-06-20T02:26:22","date_gmt":"2018-06-20T00:26:22","guid":{"rendered":"https:\/\/www.upo.es\/diario\/?p=27060486"},"modified":"2020-10-27T16:16:15","modified_gmt":"2020-10-27T15:16:15","slug":"el-coaching-la-comunicacion-y-el-liderazgo-se-abordaran-en-un-curso-que-empieza-hoy-en-carmona","status":"publish","type":"post","link":"https:\/\/www.upo.es\/diario\/institucional\/2018\/06\/el-coaching-la-comunicacion-y-el-liderazgo-se-abordaran-en-un-curso-que-empieza-hoy-en-carmona\/","title":{"rendered":"El coaching, la comunicaci\u00f3n y el liderazgo se abordan en un Curso de Verano de Carmona"},"content":{"rendered":"<figure id=\"attachment_27074838\" aria-describedby=\"caption-attachment-27074838\" style=\"width: 320px\" class=\"wp-caption alignright\"><a href=\"https:\/\/www.upo.es\/diario\/wp-content\/uploads\/2018\/06\/2018_samantha-coaching.jpg\"><img loading=\"lazy\" decoding=\"async\" class=\"size-medium wp-image-27074838\" alt=\"Samantha Mu\u00f1oz\" src=\"https:\/\/www.upo.es\/diario\/wp-content\/uploads\/2018\/06\/2018_samantha-coaching-320x224.jpg\" width=\"320\" height=\"224\" srcset=\"https:\/\/www.upo.es\/diario\/wp-content\/uploads\/2018\/06\/2018_samantha-coaching-320x224.jpg 320w, https:\/\/www.upo.es\/diario\/wp-content\/uploads\/2018\/06\/2018_samantha-coaching-600x421.jpg 600w, https:\/\/www.upo.es\/diario\/wp-content\/uploads\/2018\/06\/2018_samantha-coaching.jpg 736w\" sizes=\"auto, (max-width: 320px) 100vw, 320px\" \/><\/a><figcaption id=\"caption-attachment-27074838\" class=\"wp-caption-text\">Samantha Mu\u00f1oz<\/figcaption><\/figure>\n<p>La sede de la Universidad Pablo de Olavide en Carmona \u2013 Rectora Rosario Valpuesta acoge hoy la celebraci\u00f3n de un nuevo curso: \u2018Coaching, comunicaci\u00f3n y liderazgo. Aplicaci\u00f3n en el \u00e1mbito personal y empresarial. 4\u00aa edici\u00f3n\u2019, que se desarrolla del 20 al 22 de junio en el aula 4 de la Casa Palacio de los Briones. Este seminario, dirigido por <b>Samantha Mu\u00f1oz Vera<\/b>, coordinadora de proyectos del Instituto de Coaching y Liderazgo, se centra en el empleo y aplicaci\u00f3n de t\u00e9cnicas y herramientas de coaching y Programaci\u00f3n Neuro-Ling\u00fc\u00edstica (PNL) para el aprendizaje y entrenamiento de la comunicaci\u00f3n eficaz en equipos de trabajo y para el desarrollo del liderazgo propuesto por la disciplina del coaching.<\/p>\n<p>El curso comenzar\u00e1 a las 10:00 horas con la celebraci\u00f3n de la conferencia inaugural, que llevar\u00e1 por nombre \u2018Coaching, comunicaci\u00f3n y liderazgo\u2019 y que ser\u00e1 impartida por el coach <b>David J. Garc\u00eda Ostos<\/b>. A las 13:00 horas ser\u00e1 el turno de Samantha Mu\u00f1oz, quien explicar\u00e1 \u201cLa comunicaci\u00f3n efectiva desde el enfoque del coaching y la Programaci\u00f3n Neuro-Ling\u00fc\u00edstica (PNL)\u201d. Para concluir la jornada, a las 16:00 horas, se abordar\u00e1 en una conferencia taller el \u201cLiderazgo personal: desarrolla tu propio estilo\u201d, que estar\u00e1 a cargo de <b>Mar\u00eda Falc\u00f3n<\/b>, coach experta en coaching y PNL.<\/p>\n<p>Por otra parte, hoy concluye el curso \u2018Periodismo: la verdad y la mentira\u2019 dirigido por <b>Rafael Rodr\u00edguez Guerrero<\/b>, periodista y presidente de la Asociaci\u00f3n de la Prensa de Sevilla, que se celebra en el aula 1 de la Casa Palacio de los Briones. Este seminario se iniciar\u00e1 con la conferencia \u201cVigilancia y control de las noticias falsas\u201d, que la impartir\u00e1 <b>Julio Montes<\/b>, fundador de Maldita hemeroteca y Maldito bulo.<\/p>\n<p>A las 12:00 horas, tendr\u00e1 lugar la mesa redonda \u201cLa independencia econ\u00f3mica y el periodismo libre. El buen periodismo cuesta dinero. Hay que pagar\u201d, en la que participar\u00e1n <b>Juanlu S\u00e1nchez<\/b>, periodista y sudirector de eldiario.es y <b>Jes\u00fas Mara\u00f1a<\/b>, periodista y editor de Infolibre.<\/p>\n<p>En la jornada de tarde, a las 16:00 horas, el curso proseguir\u00e1 con la intervenci\u00f3n de <b>Mar\u00eda Teresa Verdugo Moreno<\/b>, fiscal de Delitos de Odio y Discriminaci\u00f3n de la Audiencia Provincial de M\u00e1laga, quien impartir\u00e1 la ponencia \u201cLos delitos de odio, calumnia, injuria y exaltaci\u00f3n del terrorismo en el periodismo y en las redes sociales\u201d. El profesor de Derecho Constitucional y ex letrado del Tribunal Constitucional, <b>Joaqu\u00edn Ur\u00edas<\/b>, ser\u00e1 el encargado de impartir a las 18:00 horas la conferencia de clausura, que llevar\u00e1 por nombre \u201cLa libertad de expresi\u00f3n y las noticias falsas y la mentira\u201d.<\/p>\n<p>Hoy tambi\u00e9n finaliza en el aula 2 de la sede Olavide en Carmona el seminario \u201cLos desaf\u00edos a la Constituci\u00f3n del 78: reformas y continuidad. In memoriam a Rosario Valpuesta\u201d, dirigido por <b>Vicente Guzm\u00e1n Fluja<\/b>, catedr\u00e1tico de Derecho Procesal y rector de la Universidad Pablo de Olavide; <b>Mar\u00eda Jos\u00e9 Fari\u00f1as Dulce<\/b>, catedr\u00e1tica de Filosof\u00eda y Sociolog\u00eda del Derecho de la Universidad Carlos III de Madrid; y <b>Gumersindo Caballero G\u00f3mez<\/b>, profesor de Ciencias Pol\u00edticas y de la Administraci\u00f3n de la Universidad Pablo de Olavide. Dicho curso est\u00e1 siendo coordinado por <b>Atenea Melgarejo Vargas<\/b>, t\u00e9cnica de auditor\u00eda de la C\u00e1mara de Cuentas de Andaluc\u00eda.<\/p>\n<p>A las 9:30 horas comenzar\u00e1 la jornada de ma\u00f1ana con la conferencia \u201cLa reforma del Senado\u201d, que ser\u00e1 impartida por Mar\u00eda Jos\u00e9 Fari\u00f1as Dulce y presentada por Atenea Melgarejo Vargas.<\/p>\n<p>El curso finalizar\u00e1 a las 11:30 horas con la conferencia de clausura \u201cLa reforma de la Constituci\u00f3n\u201d, que estar\u00e1 a cargo de <b>Jos\u00e9 Enrique Serrano Mart\u00ednez<\/b>, presidente de la comisi\u00f3n de reforma de la Constituci\u00f3n en el Congreso de los Diputados y director del Gabinete de la Presidencia del Gobierno de Espa\u00f1a (2004-2011).<\/p>\n<p>Por otro lado, el curso \u2018Nuevo marco de urbanismo sostenible en Andaluc\u00eda\u2019, dirigido por <b>\u00c1lvaro S\u00e1nchez Bravo<\/b>, profesor de la Facultad de Derecho de la Universidad de Sevilla, tambi\u00e9n concluye hoy en el aula 6 de la Casa Palacio de los Briones. El seminario comenzar\u00e1 la jornada a las 10:00 horas con la conferencia \u201cRetos urban\u00edsticos-ambientales de las entidades locales\u201d, que ser\u00e1 impartida por <b>Elisa Prados P\u00e9rez<\/b>, secretaria general de Administraci\u00f3n Local del Ayuntamiento de El Viso del Alcor.<\/p>\n<p>Posteriormente, a las 12:00 horas, el curso celebrar\u00e1 su \u00faltima ponencia: \u201cLa administraci\u00f3n andaluza ante los nuevos retos del urbanismo sostenible\u201d, que estar\u00e1 a cargo de <b>Alejandro M\u00e1rquez Llord\u00e9n<\/b>, director general de Urbanismo de la Consejer\u00eda de Medio Ambiente y Ordenaci\u00f3n del Territorio.<\/p>\n<p>Por \u00faltimo, tambi\u00e9n proseguir\u00e1 el curso \u2018Iniciaci\u00f3n a la producci\u00f3n de moda y direcci\u00f3n creativa\u2019, que se desarrollar\u00e1 hasta el 22 de junio en el aula 3, dirigido por Tala \u00c1lvarez Pareja-Obreg\u00f3n, directora de arte y estilista. A las 10:00 horas comenzar\u00e1 el maquillador <b>Gerardo Vergara<\/b>, quien impartir\u00e1 la conferencia \u201cMua y sus peculiaridades\u201d. A las 11:00 horas, ser\u00e1 el turno del fot\u00f3grafo de moda <b>Enmanuel Rola<\/b>, que abordar\u00e1 la \u201cIniciaci\u00f3n de la sesi\u00f3n fotogr\u00e1fica\u201d. A las 12:15 horas, este fot\u00f3grafo tambi\u00e9n explicar\u00e1 en un taller el \u201cDesarrollo de una sesi\u00f3n fotogr\u00e1fica-pr\u00e1ctica\u201d. Por la tarde, a las 16:00 horas, Enmanuel Rola, junto a Tala \u00c1lvarez, impartir\u00e1 el taller \u201cShooting\u201d, mientras que a las 17:15 horas el seminario concluir\u00e1 su jornada con la ponencia \u201cLaboratorio digital\u201d, a cargo del fot\u00f3grafo.<\/p>\n","protected":false},"excerpt":{"rendered":"<p>La sede de la Universidad Pablo de Olavide en Carmona \u2013 Rectora Rosario Valpuesta acoge hoy la celebraci\u00f3n de un nuevo curso: \u2018Coaching, comunicaci\u00f3n y liderazgo. Aplicaci\u00f3n en el \u00e1mbito personal y empresarial. 4\u00aa edici\u00f3n\u2019, que se desarrolla del 20 al 22 de junio en el aula 4 de la Casa Palacio de los Briones. Este seminario, dirigido por Samantha Mu\u00f1oz Vera, coordinadora de proyectos del Instituto de Coaching y Liderazgo, se centra en el empleo y aplicaci\u00f3n de t\u00e9cnicas y herramientas de coaching y Programaci\u00f3n Neuro-Ling\u00fc\u00edstica (PNL) para el aprendizaje y entrenamiento de la comunicaci\u00f3n eficaz en equipos de trabajo y para el desarrollo del liderazgo propuesto por la disciplina del coaching.<\/p>\n","protected":false},"author":14,"featured_media":0,"comment_status":"closed","ping_status":"open","sticky":false,"template":"","format":"standard","meta":{"_monsterinsights_skip_tracking":false,"_monsterinsights_sitenote_active":false,"_monsterinsights_sitenote_note":"","_monsterinsights_sitenote_category":0,"footnotes":""},"categories":[6],"tags":[757,350,307,22,1997,1610,519,687,5206],"class_list":["post-27060486","post","type-post","status-publish","format-standard","hentry","category-institucional","tag-coaching","tag-comunicacion","tag-constitucion","tag-cursos-de-verano","tag-liderazgo","tag-moda","tag-olavide-en-carmona","tag-periodismo","tag-samantha-munoz-vera"],"_links":{"self":[{"href":"https:\/\/www.upo.es\/diario\/wp-json\/wp\/v2\/posts\/27060486","targetHints":{"allow":["GET"]}}],"collection":[{"href":"https:\/\/www.upo.es\/diario\/wp-json\/wp\/v2\/posts"}],"about":[{"href":"https:\/\/www.upo.es\/diario\/wp-json\/wp\/v2\/types\/post"}],"author":[{"embeddable":true,"href":"https:\/\/www.upo.es\/diario\/wp-json\/wp\/v2\/users\/14"}],"replies":[{"embeddable":true,"href":"https:\/\/www.upo.es\/diario\/wp-json\/wp\/v2\/comments?post=27060486"}],"version-history":[{"count":5,"href":"https:\/\/www.upo.es\/diario\/wp-json\/wp\/v2\/posts\/27060486\/revisions"}],"predecessor-version":[{"id":30862575,"href":"https:\/\/www.upo.es\/diario\/wp-json\/wp\/v2\/posts\/27060486\/revisions\/30862575"}],"wp:attachment":[{"href":"https:\/\/www.upo.es\/diario\/wp-json\/wp\/v2\/media?parent=27060486"}],"wp:term":[{"taxonomy":"category","embeddable":true,"href":"https:\/\/www.upo.es\/diario\/wp-json\/wp\/v2\/categories?post=27060486"},{"taxonomy":"post_tag","embeddable":true,"href":"https:\/\/www.upo.es\/diario\/wp-json\/wp\/v2\/tags?post=27060486"}],"curies":[{"name":"wp","href":"https:\/\/api.w.org\/{rel}","templated":true}]}}