{"id":27061577,"date":"2018-06-19T11:55:46","date_gmt":"2018-06-19T09:55:46","guid":{"rendered":"https:\/\/www.upo.es\/diario\/?p=27061577"},"modified":"2020-10-27T16:15:59","modified_gmt":"2020-10-27T15:15:59","slug":"angels-barcelo-reclama-reposo-y-tranquilidad-en-el-periodismo-para-ofrecer-una-informacion-de-calidad","status":"publish","type":"post","link":"https:\/\/www.upo.es\/diario\/cursos-verano\/2018\/06\/angels-barcelo-reclama-reposo-y-tranquilidad-en-el-periodismo-para-ofrecer-una-informacion-de-calidad\/","title":{"rendered":"\u00c0ngels Barcel\u00f3 reclama \u201creposo y tranquilidad\u201d en el periodismo para ofrecer una informaci\u00f3n de calidad"},"content":{"rendered":"<figure id=\"attachment_27061578\" aria-describedby=\"caption-attachment-27061578\" style=\"width: 600px\" class=\"wp-caption aligncenter\"><a href=\"https:\/\/www.upo.es\/diario\/wp-content\/uploads\/2018\/06\/\u00c0ngels-Barcel\u00f3.jpg\"><img loading=\"lazy\" decoding=\"async\" class=\"size-large wp-image-27061578\" alt=\"\u00c0ngels Barcel\u00f3 en la sede Olavide en Carmona\" src=\"https:\/\/www.upo.es\/diario\/wp-content\/uploads\/2018\/06\/\u00c0ngels-Barcel\u00f3-600x400.jpg\" width=\"600\" height=\"400\" \/><\/a><figcaption id=\"caption-attachment-27061578\" class=\"wp-caption-text\">\u00c0ngels Barcel\u00f3 en la sede Olavide en Carmona<\/figcaption><\/figure>\n<p>La periodista <b>\u00c0ngels Barcel\u00f3<\/b>, directora del programa \u2018Hora 25\u2019 de la Cadena SER, considera que el periodismo padece una crisis de credibilidad que, en buena medida, es \u201cresponsabilidad de los propios periodistas\u201d, pero viene tambi\u00e9n marcada por la \u201cprecarizaci\u00f3n\u201d del mercado laboral en el que desarrollan su labor los profesionales del periodismo, el \u201cvaciado de las redacciones y la desaparici\u00f3n de la figura de los seniors\u201d, que hace que los j\u00f3venes que se inician en el oficio carezcan en la actualidad de referentes en quienes antes eran unos buenos \u201cprofesores y maestros que te encontrabas en las redacciones\u201d. Aqu\u00ed entran en juego, adem\u00e1s, nuevos fen\u00f3menos como la posverdad y las <i>fake news<\/i>, \u201cporque nuestra responsabilidad es buscar la verdad y, si no lo hacemos, hay un problema\u201d.<\/p>\n<p>En opini\u00f3n de la directora de \u2018Hora 25\u2019, frente a la vor\u00e1gine que ha supuesto la irrupci\u00f3n de Internet y de las nuevas tecnolog\u00edas en el mundo de la informaci\u00f3n, \u201cel periodismo necesita reposo, tranquilidad, poner el pie en el freno y comprobar que lo que estamos contando es verdad\u201d, por lo que considera que \u201cquerer ser los primeros no sirve para nada si lo que cuentas no es verdad o no es bueno; m\u00e1s vale ser el \u00faltimo pero que tu informaci\u00f3n sea de calidad\u201d, subraya.<\/p>\n<p>Barcel\u00f3 ha hecho estas declaraciones en el \u00e1mbito del curso \u2018<b>Periodismo: la verdad y la mentira<\/b>\u2019, que se ha inaugurado en la sede de la Universidad Pablo de Olavide en Carmona dentro de la programaci\u00f3n de la XVI edici\u00f3n de los cursos de verano de la UPO y en el que la periodista ha pronunciado la conferencia titulada \u2018La verdad y la mentira en los medios de comunicaci\u00f3n privados\u2019. El seminario, auspiciado por la Asociaci\u00f3n de la Prensa de Sevilla (APS), se desarrolla hasta el mi\u00e9rcoles bajo la direcci\u00f3n de <b>Rafael Rodr\u00edguez Guerrero<\/b>, periodista y presidente de la APS.<\/p>\n<p>Para \u00c0ngels Barcel\u00f3, Internet \u201cnos ha obligado a trabajar muy deprisa pero muy mal y nuestra responsabilidad es contrastar la informaci\u00f3n y no creernos los bulos que llegan a las redacciones a trav\u00e9s de las redes sociales\u201d. Porque, a pesar del \u201cgran volumen de informaci\u00f3n\u201d que circula a diario por todos los medios y canales, la sociedad de hoy en d\u00eda \u201ctiene la posibilidad de estar muy informada, pero falla la calidad\u201d, afirma.<\/p>\n<p>Cuestionada sobre la pr\u00e1ctica de la manipulaci\u00f3n informativa en funci\u00f3n de la titularidad de los medios de comunicaci\u00f3n, asegura de manera tajante -\u201csin ninguna duda\u201d- que \u201cse manipula m\u00e1s en los medios p\u00fablicos; en los privados se da much\u00edsimo menos\u201d y apuesta por la pluralidad informativa \u201cpara conocer distintos puntos de vista\u201d. No obstante, asegura que las \u201cl\u00edneas rojas\u201d de la libertad en el ejercicio profesional \u201cson las que t\u00fa quieras\u201d, aunque todos \u201csomos conscientes de la l\u00ednea editorial del medio para el que trabajamos; yo, personalmente, tengo toda la libertad del mundo\u201d, apostilla.<\/p>\n<p>Por \u00faltimo, Barcel\u00f3 augura buena salud y largos a\u00f1os a la radio espa\u00f1ola, situaci\u00f3n que define como un \u201checho ins\u00f3lito\u201d s\u00f3lo comparable a la que se da en algunos pa\u00edses latinoamericanos \u201cdonde la radio hablada sigue siendo el medio que la gente elige para informarse y cuenta con mayor credibilidad\u201d. Adem\u00e1s, al contrario de lo que ha ocurrido con la prensa escrita, la radio es un medio que ha resistido mejor la irrupci\u00f3n de las nuevas tecnolog\u00edas de la comunicaci\u00f3n \u201cy nos ha permitido contar con m\u00e1s plataformas, quiz\u00e1 tenemos que adaptarnos a esa nueva forma de trabajar, pero la radio est\u00e1 viv\u00edsima\u201d, concluye.<\/p>\n","protected":false},"excerpt":{"rendered":"<p>La periodista \u00c0ngels Barcel\u00f3, directora del programa \u2018Hora 25\u2019 de la Cadena SER, considera que el periodismo padece una crisis de credibilidad que, en buena medida, es \u201cresponsabilidad de los propios periodistas\u201d, pero viene tambi\u00e9n marcada por la \u201cprecarizaci\u00f3n\u201d del mercado laboral en el que desarrollan su labor los profesionales del periodismo, el \u201cvaciado de las redacciones y la desaparici\u00f3n de la figura de los seniors\u201d, que hace que los j\u00f3venes que se inician en el oficio carezcan en la actualidad de referentes en quienes antes eran unos buenos \u201cprofesores y maestros que te encontrabas en las redacciones\u201d.<\/p>\n","protected":false},"author":14,"featured_media":0,"comment_status":"closed","ping_status":"open","sticky":false,"template":"","format":"standard","meta":{"_monsterinsights_skip_tracking":false,"_monsterinsights_sitenote_active":false,"_monsterinsights_sitenote_note":"","_monsterinsights_sitenote_category":0,"footnotes":""},"categories":[729],"tags":[5245,22,519,687,3785,5244],"class_list":["post-27061577","post","type-post","status-publish","format-standard","hentry","category-cursos-verano","tag-aps","tag-cursos-de-verano","tag-olavide-en-carmona","tag-periodismo","tag-radio","tag-ser"],"_links":{"self":[{"href":"https:\/\/www.upo.es\/diario\/wp-json\/wp\/v2\/posts\/27061577","targetHints":{"allow":["GET"]}}],"collection":[{"href":"https:\/\/www.upo.es\/diario\/wp-json\/wp\/v2\/posts"}],"about":[{"href":"https:\/\/www.upo.es\/diario\/wp-json\/wp\/v2\/types\/post"}],"author":[{"embeddable":true,"href":"https:\/\/www.upo.es\/diario\/wp-json\/wp\/v2\/users\/14"}],"replies":[{"embeddable":true,"href":"https:\/\/www.upo.es\/diario\/wp-json\/wp\/v2\/comments?post=27061577"}],"version-history":[{"count":2,"href":"https:\/\/www.upo.es\/diario\/wp-json\/wp\/v2\/posts\/27061577\/revisions"}],"predecessor-version":[{"id":30862573,"href":"https:\/\/www.upo.es\/diario\/wp-json\/wp\/v2\/posts\/27061577\/revisions\/30862573"}],"wp:attachment":[{"href":"https:\/\/www.upo.es\/diario\/wp-json\/wp\/v2\/media?parent=27061577"}],"wp:term":[{"taxonomy":"category","embeddable":true,"href":"https:\/\/www.upo.es\/diario\/wp-json\/wp\/v2\/categories?post=27061577"},{"taxonomy":"post_tag","embeddable":true,"href":"https:\/\/www.upo.es\/diario\/wp-json\/wp\/v2\/tags?post=27061577"}],"curies":[{"name":"wp","href":"https:\/\/api.w.org\/{rel}","templated":true}]}}