{"id":2706174,"date":"2014-01-31T12:41:54","date_gmt":"2014-01-31T12:41:54","guid":{"rendered":"https:\/\/www.upo.es\/diario\/?p=2706174"},"modified":"2014-01-31T12:41:54","modified_gmt":"2014-01-31T12:41:54","slug":"nuevo-horario-de-apertura-y-cierre-de-edificios-en-la-upo-para-el-ano-2014","status":"publish","type":"post","link":"https:\/\/www.upo.es\/diario\/institucional\/2014\/01\/nuevo-horario-de-apertura-y-cierre-de-edificios-en-la-upo-para-el-ano-2014\/","title":{"rendered":"Nuevo horario de apertura y cierre de edificios  en la UPO para el a\u00f1o 2014"},"content":{"rendered":"<figure id=\"attachment_2317763\" aria-describedby=\"caption-attachment-2317763\" style=\"width: 213px\" class=\"wp-caption alignright\"><a href=\"https:\/\/www.upo.es\/diario\/wp-content\/uploads\/2013\/12\/edifiicios_sevilla.jpg\"><img loading=\"lazy\" decoding=\"async\" class=\"size-medium wp-image-2317763\" alt=\"El nuevo horario de apertura y cierre de los edificios del campus comenzar\u00e1n aplicarse el lunes, 3 de febrero. \" src=\"https:\/\/www.upo.es\/diario\/wp-content\/uploads\/2013\/12\/edifiicios_sevilla-213x320.jpg\" width=\"213\" height=\"320\" srcset=\"https:\/\/www.upo.es\/diario\/wp-content\/uploads\/2013\/12\/edifiicios_sevilla-213x320.jpg 213w, https:\/\/www.upo.es\/diario\/wp-content\/uploads\/2013\/12\/edifiicios_sevilla-682x1024.jpg 682w, https:\/\/www.upo.es\/diario\/wp-content\/uploads\/2013\/12\/edifiicios_sevilla-600x900.jpg 600w\" sizes=\"auto, (max-width: 213px) 100vw, 213px\" \/><\/a><figcaption id=\"caption-attachment-2317763\" class=\"wp-caption-text\">El nuevo horario de apertura y cierre de los edificios del campus comenzar\u00e1n aplicarse el lunes, 3 de febrero<\/figcaption><\/figure>\n<p style=\"text-align: justify;\">Con motivo del acuerdo adoptado por la Universidad Pablo de Olavide con la empresa responsable del Servicio de Auxiliares de Servicio para la nueva gesti\u00f3n y optimizaci\u00f3n de los recursos que cuenta la universidad y atender as\u00ed los distintos servicios, la UPO ha modificado los horarios de apertura y cierre de los edificios del campus, que comenzar\u00e1n aplicarse el lunes, 3 de febrero.<\/p>\n<p style=\"text-align: justify;\">Los horarios de apertura y cierre de los edificios son los siguientes:<\/p>\n<p>&#8211; Edificios 2, 3, 6, 7, 10, 11, 14, 22, 23, 24-29, 25 y 45.<\/p>\n<p>En horario de 7\u201930 a 22,00 h.<\/p>\n<p>&#8211; Edificios 4, 5, 8, 13 y 16.<\/p>\n<p>En horario de 8\u00b430 a 22\u201900 h.<\/p>\n<p>&#8211; Edificio 12 (Administraci\u00f3n):<\/p>\n<p>En horario de 7\u201900 a 22\u201930 h.<\/p>\n<p>&#8211; Edificios 20 (CABD):<\/p>\n<p>En horario de 7\u201900 a 21\u201900 h.<\/p>\n<p>&#8211; Edificios 17-18 (Mutis):<\/p>\n<p>En horario de 7\u201930 a 21\u201930 h.<\/p>\n<p>&#8211; Edificios 21 (Animalario):<\/p>\n<p>En horario de 7\u201930 a 22\u201900 h.<\/p>\n<p>&#8211; Edificio 32 (Rectorado):<\/p>\n<p>En horario de 7\u201930 21\u201900 h.<\/p>\n<p>&#8211; Edificio 44<\/p>\n<p>En horario de 7,30 a 21,00 h.<\/p>\n<p>&#8211; Edificio 47:<\/p>\n<p>En horario de 8\u201900 a 21,30 h.<\/p>\n<p style=\"text-align: justify;\">Desde la Direcci\u00f3n General de Campus junto con el apoyo del CIC se facilitar\u00e1 el acceso al sistema de control de e-tempo desde las distintas conserjer\u00edas (edificios 12, 25, 44 y 45), para el PAS que se incorpore a primera hora de la ma\u00f1ana y evitar as\u00ed que no se vean afectados por el cierre de sus dependencias.<\/p>\n<p style=\"text-align: justify;\">Asimismo, el horario de apertura y cierre de instalaciones podr\u00e1 ser modificado en los d\u00edas no lectivos del a\u00f1o 2014, especialmente en las fechas que coincidan con Semana Santa, Feria y Navidad, as\u00ed como en el mes de agosto.<\/p>\n","protected":false},"excerpt":{"rendered":"<p>Con motivo del acuerdo adoptado por la Universidad Pablo de Olavide con la empresa responsable del Servicio de Auxiliares de Servicio para la nueva gesti\u00f3n y optimizaci\u00f3n de los recursos que cuenta la universidad y atender as\u00ed los distintos servicios, la UPO ha modificado los horarios de apertura y cierre de los edificios del campus, que comenzar\u00e1n aplicarse el lunes, 3 de febrero. <\/p>\n","protected":false},"author":4,"featured_media":0,"comment_status":"closed","ping_status":"open","sticky":false,"template":"","format":"standard","meta":{"_monsterinsights_skip_tracking":false,"_monsterinsights_sitenote_active":false,"_monsterinsights_sitenote_note":"","_monsterinsights_sitenote_category":0,"footnotes":""},"categories":[6],"tags":[1119,107,1120,1118,126],"class_list":["post-2706174","post","type-post","status-publish","format-standard","hentry","category-institucional","tag-apertura-y-cierre","tag-campus","tag-direccion-general-de-campus","tag-edificios","tag-horario"],"_links":{"self":[{"href":"https:\/\/www.upo.es\/diario\/wp-json\/wp\/v2\/posts\/2706174","targetHints":{"allow":["GET"]}}],"collection":[{"href":"https:\/\/www.upo.es\/diario\/wp-json\/wp\/v2\/posts"}],"about":[{"href":"https:\/\/www.upo.es\/diario\/wp-json\/wp\/v2\/types\/post"}],"author":[{"embeddable":true,"href":"https:\/\/www.upo.es\/diario\/wp-json\/wp\/v2\/users\/4"}],"replies":[{"embeddable":true,"href":"https:\/\/www.upo.es\/diario\/wp-json\/wp\/v2\/comments?post=2706174"}],"version-history":[{"count":2,"href":"https:\/\/www.upo.es\/diario\/wp-json\/wp\/v2\/posts\/2706174\/revisions"}],"predecessor-version":[{"id":2706590,"href":"https:\/\/www.upo.es\/diario\/wp-json\/wp\/v2\/posts\/2706174\/revisions\/2706590"}],"wp:attachment":[{"href":"https:\/\/www.upo.es\/diario\/wp-json\/wp\/v2\/media?parent=2706174"}],"wp:term":[{"taxonomy":"category","embeddable":true,"href":"https:\/\/www.upo.es\/diario\/wp-json\/wp\/v2\/categories?post=2706174"},{"taxonomy":"post_tag","embeddable":true,"href":"https:\/\/www.upo.es\/diario\/wp-json\/wp\/v2\/tags?post=2706174"}],"curies":[{"name":"wp","href":"https:\/\/api.w.org\/{rel}","templated":true}]}}