{"id":2706604,"date":"2014-01-31T13:43:59","date_gmt":"2014-01-31T13:43:59","guid":{"rendered":"https:\/\/www.upo.es\/diario\/?p=2706604"},"modified":"2014-01-31T13:43:59","modified_gmt":"2014-01-31T13:43:59","slug":"sobresaliente-cum-laude-para-la-tesis-correlatos-neuroanatomicos-del-deficit-de-memoria-episodica-en-personas-mayores-con-deterioro-cognitivo-leve","status":"publish","type":"post","link":"https:\/\/www.upo.es\/diario\/tesis\/2014\/01\/sobresaliente-cum-laude-para-la-tesis-correlatos-neuroanatomicos-del-deficit-de-memoria-episodica-en-personas-mayores-con-deterioro-cognitivo-leve\/","title":{"rendered":"Sobresaliente Cum Laude para la tesis \u201cCorrelatos neuroanat\u00f3micos del d\u00e9ficit de memoria epis\u00f3dica en personas mayores con deterioro cognitivo leve\u201d"},"content":{"rendered":"<p>Hoy viernes ha tenido lugar en la sala de grados del edificio 7, la defensa p\u00fablica de la tesis doctoral titulada \u201cCorrelatos neuroanat\u00f3micos del d\u00e9ficit de memoria epis\u00f3dica en personas mayores con deterioro cognitivo leve\u201d, de la que es autora Kelly Cristina Atalaia da Silva. Esta tesis doctoral, dirigida por los profesores Jos\u00e9 Luis Cantero Lorente y Mercedes Atienza Ruiz, de la Universidad Pablo de Olavide, ha obtenido la calificaci\u00f3n de Sobresaliente Cum Laude.<\/p>\n","protected":false},"excerpt":{"rendered":"<p>Hoy viernes ha tenido lugar en la sala de grados del edificio 7, la defensa p\u00fablica de la tesis doctoral titulada \u201cCorrelatos neuroanat\u00f3micos del d\u00e9ficit de memoria epis\u00f3dica en personas mayores con deterioro cognitivo leve\u201d, de la que es autora Kelly Cristina Atalaia da Silva. Esta tesis doctoral, dirigida por los profesores Jos\u00e9 Luis Cantero Lorente y Mercedes Atienza Ruiz, de la Universidad Pablo de Olavide, ha obtenido la calificaci\u00f3n de Sobresaliente Cum Laude.<\/p>\n","protected":false},"author":4,"featured_media":0,"comment_status":"closed","ping_status":"open","sticky":false,"template":"","format":"standard","meta":{"_monsterinsights_skip_tracking":false,"_monsterinsights_sitenote_active":false,"_monsterinsights_sitenote_note":"","_monsterinsights_sitenote_category":0,"footnotes":""},"categories":[119],"tags":[1126,1127,763,1128,1129,5836],"class_list":["post-2706604","post","type-post","status-publish","format-standard","hentry","category-tesis","tag-deficit-de-memoria","tag-deterioro-cognitivo","tag-jose-luis-cantero","tag-kelly-cristina-atalaia-da-silva","tag-mercedes-atienza","tag-tesis"],"_links":{"self":[{"href":"https:\/\/www.upo.es\/diario\/wp-json\/wp\/v2\/posts\/2706604","targetHints":{"allow":["GET"]}}],"collection":[{"href":"https:\/\/www.upo.es\/diario\/wp-json\/wp\/v2\/posts"}],"about":[{"href":"https:\/\/www.upo.es\/diario\/wp-json\/wp\/v2\/types\/post"}],"author":[{"embeddable":true,"href":"https:\/\/www.upo.es\/diario\/wp-json\/wp\/v2\/users\/4"}],"replies":[{"embeddable":true,"href":"https:\/\/www.upo.es\/diario\/wp-json\/wp\/v2\/comments?post=2706604"}],"version-history":[{"count":1,"href":"https:\/\/www.upo.es\/diario\/wp-json\/wp\/v2\/posts\/2706604\/revisions"}],"predecessor-version":[{"id":2707021,"href":"https:\/\/www.upo.es\/diario\/wp-json\/wp\/v2\/posts\/2706604\/revisions\/2707021"}],"wp:attachment":[{"href":"https:\/\/www.upo.es\/diario\/wp-json\/wp\/v2\/media?parent=2706604"}],"wp:term":[{"taxonomy":"category","embeddable":true,"href":"https:\/\/www.upo.es\/diario\/wp-json\/wp\/v2\/categories?post=2706604"},{"taxonomy":"post_tag","embeddable":true,"href":"https:\/\/www.upo.es\/diario\/wp-json\/wp\/v2\/tags?post=2706604"}],"curies":[{"name":"wp","href":"https:\/\/api.w.org\/{rel}","templated":true}]}}