{"id":2707438,"date":"2014-02-03T06:01:40","date_gmt":"2014-02-03T06:01:40","guid":{"rendered":"https:\/\/www.upo.es\/diario\/?p=2707438"},"modified":"2014-02-03T11:20:09","modified_gmt":"2014-02-03T11:20:09","slug":"las-fundaciones-universitarias-debemos-fortalecer-el-vinculo-entre-nuestros-estudiantes-y-el-mercado-laboral","status":"publish","type":"post","link":"https:\/\/www.upo.es\/diario\/entrevista\/2014\/02\/las-fundaciones-universitarias-debemos-fortalecer-el-vinculo-entre-nuestros-estudiantes-y-el-mercado-laboral\/","title":{"rendered":"\u201cLas fundaciones universitarias debemos fortalecer el v\u00ednculo entre nuestros estudiantes y el mercado laboral\u201d"},"content":{"rendered":"<figure id=\"attachment_2707440\" aria-describedby=\"caption-attachment-2707440\" style=\"width: 320px\" class=\"wp-caption alignright\"><a href=\"https:\/\/www.upo.es\/diario\/wp-content\/uploads\/2014\/01\/Laura-Lopez.jpg\"><img loading=\"lazy\" decoding=\"async\" class=\"size-medium wp-image-2707440\" alt=\"Laura L\u00f3pez de la Cruz, vicepresidenta ejecutiva de las Fundaciones de la UPO\" src=\"https:\/\/www.upo.es\/diario\/wp-content\/uploads\/2014\/01\/Laura-Lopez-320x213.jpg\" width=\"320\" height=\"213\" srcset=\"https:\/\/www.upo.es\/diario\/wp-content\/uploads\/2014\/01\/Laura-Lopez-320x213.jpg 320w, https:\/\/www.upo.es\/diario\/wp-content\/uploads\/2014\/01\/Laura-Lopez-1024x682.jpg 1024w, https:\/\/www.upo.es\/diario\/wp-content\/uploads\/2014\/01\/Laura-Lopez-600x400.jpg 600w\" sizes=\"auto, (max-width: 320px) 100vw, 320px\" \/><\/a><figcaption id=\"caption-attachment-2707440\" class=\"wp-caption-text\">Laura L\u00f3pez de la Cruz, vicepresidenta ejecutiva de las Fundaciones de la UPO<\/figcaption><\/figure>\n<p>A finales de noviembre del pasado a\u00f1o, Laura L\u00f3pez de la Cruz, profesora de Derecho Civil de la UPO, fue nombrada vicepresidenta ejecutiva de las Fundaciones de la Universidad Pablo de Olavide. Asumir este nuevo cargo es para ella un importante reto profesional, consciente de la responsabilidad que significa, pero al que llega con la ilusi\u00f3n de impulsar nuevos proyectos y actividades que permitan consolidar a las Fundaciones, y convertirlas en el instrumento estrat\u00e9gico de comunicaci\u00f3n entre la Universidad y las empresas e instituciones andaluzas. A lo largo de esta entrevista, la nueva vicepresidenta ejecutiva, vinculada a esta Universidad desde 1999 y doctorada por la UPO dos a\u00f1os despu\u00e9s, nos explica las l\u00edneas de actuaci\u00f3n de las Fundaciones, las iniciativas que promueven y c\u00f3mo se adaptan a los cambios exigidos por la sociedad.<\/p>\n<p><b>\u00bfCu\u00e1les son los nuevos retos a los que se enfrenta al asumir su cargo como vicepresidenta ejecutiva de Fundaciones?<\/b><\/p>\n<p>Nuestro principal reto es posicionar las Fundaciones en el tejido productivo local y regional, convirti\u00e9ndonos en el instrumento estrat\u00e9gico para que las empresas se acerquen a la Universidad. Queremos conseguir que las empresas e instituciones andaluzas se asomen a nuestras aulas movidas por el inter\u00e9s de encontrar en ellas profesionales de primera fila, con un alto nivel de cualificaci\u00f3n, capaces de interpretar y dar respuesta a los desaf\u00edos emergentes de nuestra sociedad. De esta manera, seremos \u00fatiles tanto a nuestros estudiantes y egresados como a las empresas, respondiendo a las demandas de cada uno de ellos.<\/p>\n<p><b>\u00bfQu\u00e9 proyectos tiene previsto poner en marcha?<\/b><\/p>\n<p>Queremos fomentar la cultura emprendedora entre nuestros estudiantes, para que valoren el autoempleo como una opci\u00f3n s\u00f3lida de acceso al mercado laboral, asesorando profesionalmente a aquellos universitarios que tengan una idea de negocio con el objetivo de guiarlos y ayudarlos en la puesta en marcha de su empresa. Adem\u00e1s, queremos poner en marcha nuevas actividades formativas espec\u00edficas y de formaci\u00f3n in company, con el objetivo prioritario de formar a expertos profesionales en distintas \u00e1reas.<\/p>\n<p>Pero tambi\u00e9n, continuaremos trabajando en las actividades ya consolidadas de nuestras entidades como son las pr\u00e1cticas externas en empresas, la gesti\u00f3n de la oferta formativa de t\u00edtulos propios de la UPO, la orientaci\u00f3n laboral de los estudiantes, la celebraci\u00f3n de jornadas y encuentros que acerquen la realidad empresarial a la Universidad y el fomento de actividades culturales, docentes y de investigaci\u00f3n. Asimismo, tambi\u00e9n nos parecen importantes los programas de movilidad internacional, ya que responden a una de las principales demandas de los j\u00f3venes universitarios. Por ello, estamos trabajando para obtener los recursos necesarios y promover convenios con empresas europeas.<\/p>\n<p><b>Desde su punto de vista, \u00bfqu\u00e9 funci\u00f3n tienen que cumplir las fundaciones universitarias en la sociedad actual?<\/b><\/p>\n<p>La principal funci\u00f3n de estas fundaciones debe ser impulsar la transparencia, el buen gobierno y la responsabilidad social corporativa. Debemos dirigir todos nuestros esfuerzos hacia una gesti\u00f3n trasparente, impulsando los controles necesarios para garantizar una correcta gesti\u00f3n de los fondos p\u00fablicos.<\/p>\n<p>Debemos resaltar tambi\u00e9n su papel fundamental como puente para transferir conocimientos y personal cualificado a las empresas y la sociedad. Con ello, lograremos una sociedad m\u00e1s eficiente, con empresas m\u00e1s competitivas y que generar\u00e1n empleos de calidad. En este sentido, es necesario apostar por el fortalecimiento de los v\u00ednculos entre el mercado y la Universidad, siempre desde nuestros principios de vocaci\u00f3n social y compromiso con nuestros estudiantes y egresados.<\/p>\n<p><b>Con respecto a las Fundaciones de la UPO, en 2001 se constituye la primera de ellas, la Fundaci\u00f3n Universidad-Sociedad, \u00bfqu\u00e9 iniciativas adopta esta Fundaci\u00f3n para favorecer la incorporaci\u00f3n de sus estudiantes en el mercado laboral? <\/b><\/p>\n<p><b>\u00a0<\/b>En este sentido, la Fundaci\u00f3n ha impulsado numerosas actividades y proyectos en torno a tres pilares fundamentales: complementar la formaci\u00f3n de todos sus estudiantes y titulados, gestionar pr\u00e1cticas en empresas que les acerquen al mundo empresarial y favorecer su futura inserci\u00f3n laboral a trav\u00e9s de distintos proyectos y programas de orientaci\u00f3n profesional y fomento de la cultura emprendedora. De hecho, el pasado curso acad\u00e9mico gestionamos 94 cursos en los que participaron 2.162 alumnos, se concertaron 2.527 pr\u00e1cticas en empresas, se firmaron 410 nuevos convenios con empresas e instituciones nacionales e internacionales y se organizaron jornadas y encuentros para fomentar el empleo y la creaci\u00f3n de empresas, como por ejemplo, la I edici\u00f3n de Encuentros para el Empleo en los que participaron doce entidades de reconocido prestigio y de diferentes sectores, un foro que tuvo muy buena respuesta entre nuestros estudiantes y del que actualmente estamos preparando la segunda edici\u00f3n para el pr\u00f3ximo mes de abril.<\/p>\n<p><b>\u00a0<\/b><b>\u00bfQu\u00e9 otras actividades realiza la Fundaci\u00f3n Universidad-Sociedad dirigidas tanto a los universitarios como a las empresas?<\/b><\/p>\n<p><b>\u00a0<\/b>Adem\u00e1s de las actividades mencionadas, desde la Fundaci\u00f3n se trabaja para ofrecer el mejor servicio a los estudiantes extranjeros a trav\u00e9s del Centro Universitario Internacional. Por otro lado, tambi\u00e9n facilitamos la pr\u00e1ctica deportiva entre la comunidad universitaria y promovemos programas de colaboraci\u00f3n e inserci\u00f3n social a trav\u00e9s de la Residencia Flora Trist\u00e1n.<\/p>\n<p>Asimismo, ponemos a disposici\u00f3n de las empresas y entidades que lo soliciten los espacios de la Universidad Pablo de Olavide para la realizaci\u00f3n de actividades extraacad\u00e9micas y eventos de distinta naturaleza como congresos, seminarios, pruebas selectivas, etc., ofreci\u00e9ndoles todos los medios t\u00e9cnicos necesarios para garantizar el \u00e9xito de su evento.<\/p>\n<p><b>Por \u00faltimo, las Fundaciones cuentan con el apoyo de las instituciones p\u00fablicas que integran su Patronato para impulsar algunas de sus iniciativas, \u00bfde qu\u00e9 actividades se trata?, y \u00bfcree que afectar\u00e1 de alguna manera la actual situaci\u00f3n econ\u00f3mica en las actividades que estas entidades tienen previsto promover durante este a\u00f1o?<\/b><\/p>\n<p><b>\u00a0<\/b>Desde las Fundaciones se promueven y financian actividades acad\u00e9micas, investigadoras y culturales de la Universidad Pablo de Olavide. Algunas de estas actividades son los Premios al Rendimiento Acad\u00e9mico de la UPO o el apoyo a la movilidad acad\u00e9mica y profesional.<\/p>\n<p>Adem\u00e1s, la Fundaci\u00f3n de Municipios Pablo de Olavide impulsa actividades en apoyo del desarrollo educativo e investigador. Actualmente est\u00e1 abierto el plazo para participar en una nueva edici\u00f3n del \u201cPremio de Ensayo Pablo de Olavide: El Esp\u00edritu de la Ilustraci\u00f3n\u201d y a finales de a\u00f1o, celebraremos la d\u00e9cima edici\u00f3n de los Premios Extraordinarios de Bachillerato.<\/p>\n<p>Para todo ello, es esencial el apoyo de las administraciones p\u00fablicas que tienen representaci\u00f3n en nuestras Fundaciones, y debemos reconocer que a pesar de las dificultades, est\u00e1n muy comprometidas con nuestro valores y las actividades que impulsamos. De hecho, la pr\u00f3xima semana firmaremos un convenio con la Fundaci\u00f3n Cajasol mediante el cual renovamos un a\u00f1o m\u00e1s su colaboraci\u00f3n con nuestros proyectos.<\/p>\n","protected":false},"excerpt":{"rendered":"<p>. A lo largo de esta entrevista, la nueva vicepresidenta ejecutiva, vinculada a esta Universidad desde 1999 y doctorada por la UPO dos a\u00f1os despu\u00e9s, nos explica las l\u00edneas de actuaci\u00f3n de las Fundaciones, las iniciativas que promueven y c\u00f3mo se adaptan a los cambios exigidos por la sociedad.<\/p>\n","protected":false},"author":6,"featured_media":2707439,"comment_status":"closed","ping_status":"open","sticky":false,"template":"","format":"standard","meta":{"_monsterinsights_skip_tracking":false,"_monsterinsights_sitenote_active":false,"_monsterinsights_sitenote_note":"","_monsterinsights_sitenote_category":0,"footnotes":""},"categories":[24],"tags":[438,66,21,509,328,1107,47,567,65,166],"class_list":["post-2707438","post","type-post","status-publish","format-standard","has-post-thumbnail","hentry","category-entrevista","tag-empleo","tag-empresa","tag-estudiantes","tag-formacion","tag-formacion-permanente","tag-fundacion-universidad-sociedad","tag-fundaciones","tag-mercado-laboral","tag-practicas","tag-titulo-propio"],"_links":{"self":[{"href":"https:\/\/www.upo.es\/diario\/wp-json\/wp\/v2\/posts\/2707438","targetHints":{"allow":["GET"]}}],"collection":[{"href":"https:\/\/www.upo.es\/diario\/wp-json\/wp\/v2\/posts"}],"about":[{"href":"https:\/\/www.upo.es\/diario\/wp-json\/wp\/v2\/types\/post"}],"author":[{"embeddable":true,"href":"https:\/\/www.upo.es\/diario\/wp-json\/wp\/v2\/users\/6"}],"replies":[{"embeddable":true,"href":"https:\/\/www.upo.es\/diario\/wp-json\/wp\/v2\/comments?post=2707438"}],"version-history":[{"count":4,"href":"https:\/\/www.upo.es\/diario\/wp-json\/wp\/v2\/posts\/2707438\/revisions"}],"predecessor-version":[{"id":2707442,"href":"https:\/\/www.upo.es\/diario\/wp-json\/wp\/v2\/posts\/2707438\/revisions\/2707442"}],"wp:featuredmedia":[{"embeddable":true,"href":"https:\/\/www.upo.es\/diario\/wp-json\/wp\/v2\/media\/2707439"}],"wp:attachment":[{"href":"https:\/\/www.upo.es\/diario\/wp-json\/wp\/v2\/media?parent=2707438"}],"wp:term":[{"taxonomy":"category","embeddable":true,"href":"https:\/\/www.upo.es\/diario\/wp-json\/wp\/v2\/categories?post=2707438"},{"taxonomy":"post_tag","embeddable":true,"href":"https:\/\/www.upo.es\/diario\/wp-json\/wp\/v2\/tags?post=2707438"}],"curies":[{"name":"wp","href":"https:\/\/api.w.org\/{rel}","templated":true}]}}