{"id":27075949,"date":"2018-06-20T12:55:27","date_gmt":"2018-06-20T12:55:27","guid":{"rendered":"https:\/\/www.upo.es\/diario\/?p=27075949"},"modified":"2018-06-21T11:27:46","modified_gmt":"2018-06-21T11:27:46","slug":"presentada-en-madrid-vientos-de-guerra-obra-editada-por-los-profesores-de-la-upo-juan-marchena-y-justo-cuno","status":"publish","type":"post","link":"https:\/\/www.upo.es\/diario\/libros\/2018\/06\/presentada-en-madrid-vientos-de-guerra-obra-editada-por-los-profesores-de-la-upo-juan-marchena-y-justo-cuno\/","title":{"rendered":"Presentada en Madrid \u201cVientos de Guerra\u201d, obra editada por los profesores de la UPO Juan Marchena y Justo Cu\u00f1o"},"content":{"rendered":"<figure id=\"attachment_27075950\" aria-describedby=\"caption-attachment-27075950\" style=\"width: 600px\" class=\"wp-caption aligncenter\"><a href=\"https:\/\/www.upo.es\/diario\/wp-content\/uploads\/2018\/06\/Present-Libro-VientosdeGuerra.jpg\"><img loading=\"lazy\" decoding=\"async\" class=\"size-large wp-image-27075950\" alt=\"Juan Marchena, Miguel \u00c1ngel Puig y Dolores Gonz\u00e1lez durante la presentaci\u00f3n en la Casa de Am\u00e9rica\" src=\"https:\/\/www.upo.es\/diario\/wp-content\/uploads\/2018\/06\/Present-Libro-VientosdeGuerra-600x397.jpg\" width=\"600\" height=\"397\" srcset=\"https:\/\/www.upo.es\/diario\/wp-content\/uploads\/2018\/06\/Present-Libro-VientosdeGuerra-600x397.jpg 600w, https:\/\/www.upo.es\/diario\/wp-content\/uploads\/2018\/06\/Present-Libro-VientosdeGuerra-320x211.jpg 320w\" sizes=\"auto, (max-width: 600px) 100vw, 600px\" \/><\/a><figcaption id=\"caption-attachment-27075950\" class=\"wp-caption-text\">Juan Marchena, Miguel \u00c1ngel Puig y Dolores Gonz\u00e1lez durante la presentaci\u00f3n en la Casa de Am\u00e9rica<\/figcaption><\/figure>\n<p>La Casa de Am\u00e9rica de Madrid ha acogido la presentaci\u00f3n de la publicaci\u00f3n \u201cVientos de Guerra. Apogeo y crisis de la Real Armada. 1750-1823\u201d (Doce Calles), editada por <b>Juan Marchena<\/b>, catedr\u00e1tico de Historia de Am\u00e9rica de la Universidad Pablo de Olavide; y <b>Justo Cu\u00f1o<\/b>, profesor del Departamento de Geograf\u00eda, Historia y Filosof\u00eda. <b>Miguel \u00c1ngel Puig-Samper<\/b> y <b>Dolores Gonz\u00e1lez-Ripoll<\/b>, del Instituto de Historia del Consejo Superior de Investigaciones Cient\u00edficas, han introducido la obra.<\/p>\n<p>Dividida en tres vol\u00famenes y con un total de 2.200 p\u00e1ginas, \u201cVientos de Guerra\u201d ha sido realizada por trece especialistas espa\u00f1oles y extranjeros a partir del Proyecto de Excelencia de la Consejer\u00eda de Innovaci\u00f3n, Ciencia y Empresa financiado por la Junta de Andaluc\u00eda en la Universidad Pablo de Olavide. En estas p\u00e1ginas, se analizan y estudian las caracter\u00edsticas principales de la Real Armada de la monarqu\u00eda espa\u00f1ola en la segunda mitad del siglo XVIII y primeras d\u00e9cadas del XIX: desde la construcci\u00f3n naval durante estos a\u00f1os, la formaci\u00f3n de la oficialidad, los mecanismos de financiaci\u00f3n, las distintas etapas organizativas, el dise\u00f1o de la pol\u00edtica exterior y la participaci\u00f3n en ella de la Real Armada, los buques, su tipolog\u00eda, las navegaciones, la operatividad, las acciones de combate, las escuadras y sus evoluciones, la vida a bordo, etc\u00e9tera; hasta el estudio de los arsenales en Cartagena, C\u00e1diz, Ferrol y La Habana, finalizando con una mirada a las actuaciones en el Pac\u00edfico.<\/p>\n<p>Las autoras y autores se han citado en sus p\u00e1ginas con el prop\u00f3sito, individual y ahora colectivo, de analizar y explicar, siguiendo el m\u00e1s meticuloso an\u00e1lisis cient\u00edfico, las causas y circunstancias por las cuales se produjo el extraordinario apogeo y la violenta crisis -todo ello en poco m\u00e1s de cincuenta a\u00f1os- de la mayor, m\u00e1s compleja y completa Armada que haya pose\u00eddo nunca la monarqu\u00eda espa\u00f1ola. As\u00ed como conocer cu\u00e1les fueron las repercusiones en la ciencia, la t\u00e9cnica y el avance general del conocimiento de esta gigantesca maquinaria en Andaluc\u00eda y, en general, en toda la monarqu\u00eda espa\u00f1ola, tanto en la pen\u00ednsula como en Am\u00e9rica.<\/p>\n<p>El primer volumen, \u201c<b>Una Armada en tiempos de Ilustraci\u00f3n. Pol\u00edtica, Ciencia, Ingenier\u00eda y Hacienda<\/b>\u201d, contiene los estudios de los conocidos especialistas Allan J. Kuethe, Mar\u00eda Baudot Monroy, Marta Garc\u00eda Garral\u00f3n, Francisco Fern\u00e1ndez Gonz\u00e1lez, Rafael Torres y Jos\u00e9 Manuel Serrano. Ellos han sido los encargados de analizar la pol\u00edtica naval de la monarqu\u00eda espa\u00f1ola durante el periodo. El volumen II, dedicado al estudio de \u201c<b>Los buques de la Real Armada, 1700-1825<\/b>\u201d, especialmente nav\u00edos de l\u00ednea y fragatas, a cargo del profesor Juan Marchena, ofrece valiosa informaci\u00f3n cuantitativa y atributiva sobre la composici\u00f3n y actuaciones de la Real Armada Borb\u00f3nica, ampliando el espacio cronol\u00f3gico a todo el S. XVIII y hasta el fin de las guerras de independencia americanas. Por \u00faltimo, el tercer volumen, \u201c<b>Los Arsenales, el Pacifico y la vida a bordo<\/b>\u201d, contiene los estudios sobre los cuatro grandes arsenales navales del periodo: Ferrol, Cartagena, La Carraca y La Habana, realizados por los distinguidos especialistas Jos\u00e9 Manuel V\u00e1zquez Lij\u00f3, Juan Jos\u00e9 S\u00e1nchez Baena, Cristina Roda Alcantud, Jos\u00e9 Quintero Gonz\u00e1lez y Jos\u00e9 Manuel Serrano.<\/p>\n","protected":false},"excerpt":{"rendered":"<p>La Casa de Am\u00e9rica de Madrid ha acogido la presentaci\u00f3n de la publicaci\u00f3n \u201cVientos de Guerra. Apogeo y crisis de la Real Armada. 1750-1823\u201d (Doce Calles), editada por Juan Marchena, catedr\u00e1tico de Historia de Am\u00e9rica de la Universidad Pablo de Olavide; y Justo Cu\u00f1o, profesor del Departamento de Geograf\u00eda, Historia y Filosof\u00eda. Miguel \u00c1ngel Puig-Samper y Dolores Gonz\u00e1lez-Ripoll, del Instituto de Historia del Consejo Superior de Investigaciones Cient\u00edficas, han introducido la obra.<\/p>\n","protected":false},"author":6,"featured_media":0,"comment_status":"closed","ping_status":"open","sticky":false,"template":"","format":"standard","meta":{"_monsterinsights_skip_tracking":false,"_monsterinsights_sitenote_active":false,"_monsterinsights_sitenote_note":"","_monsterinsights_sitenote_category":0,"footnotes":""},"categories":[77],"tags":[269,285,3294,150,1115,5835,334,406],"class_list":["post-27075949","post","type-post","status-publish","format-standard","hentry","category-libros","tag-america","tag-espana","tag-guerra","tag-historia","tag-juan-marchena","tag-libros","tag-presentacion","tag-publicacion"],"_links":{"self":[{"href":"https:\/\/www.upo.es\/diario\/wp-json\/wp\/v2\/posts\/27075949","targetHints":{"allow":["GET"]}}],"collection":[{"href":"https:\/\/www.upo.es\/diario\/wp-json\/wp\/v2\/posts"}],"about":[{"href":"https:\/\/www.upo.es\/diario\/wp-json\/wp\/v2\/types\/post"}],"author":[{"embeddable":true,"href":"https:\/\/www.upo.es\/diario\/wp-json\/wp\/v2\/users\/6"}],"replies":[{"embeddable":true,"href":"https:\/\/www.upo.es\/diario\/wp-json\/wp\/v2\/comments?post=27075949"}],"version-history":[{"count":3,"href":"https:\/\/www.upo.es\/diario\/wp-json\/wp\/v2\/posts\/27075949\/revisions"}],"predecessor-version":[{"id":27087141,"href":"https:\/\/www.upo.es\/diario\/wp-json\/wp\/v2\/posts\/27075949\/revisions\/27087141"}],"wp:attachment":[{"href":"https:\/\/www.upo.es\/diario\/wp-json\/wp\/v2\/media?parent=27075949"}],"wp:term":[{"taxonomy":"category","embeddable":true,"href":"https:\/\/www.upo.es\/diario\/wp-json\/wp\/v2\/categories?post=27075949"},{"taxonomy":"post_tag","embeddable":true,"href":"https:\/\/www.upo.es\/diario\/wp-json\/wp\/v2\/tags?post=27075949"}],"curies":[{"name":"wp","href":"https:\/\/api.w.org\/{rel}","templated":true}]}}