{"id":27077073,"date":"2018-06-20T15:11:18","date_gmt":"2018-06-20T15:11:18","guid":{"rendered":"https:\/\/www.upo.es\/diario\/?p=27077073"},"modified":"2018-06-20T15:11:18","modified_gmt":"2018-06-20T15:11:18","slug":"la-velocidad-de-estos-tiempos-y-la-guerra-del-click-fomentan-el-sensacionalismo-y-las-noticias-falsas","status":"publish","type":"post","link":"https:\/\/www.upo.es\/diario\/cursos-verano\/2018\/06\/la-velocidad-de-estos-tiempos-y-la-guerra-del-click-fomentan-el-sensacionalismo-y-las-noticias-falsas\/","title":{"rendered":"\u201cLa velocidad de estos tiempos y la guerra del \u2018click\u2019 fomentan el sensacionalismo y las noticias falsas\u201d"},"content":{"rendered":"<figure id=\"attachment_27077075\" aria-describedby=\"caption-attachment-27077075\" style=\"width: 320px\" class=\"wp-caption alignright\"><img loading=\"lazy\" decoding=\"async\" class=\"size-medium wp-image-27077075\" alt=\"Jes\u00fas Mara\u00f1a\" src=\"https:\/\/www.upo.es\/diario\/wp-content\/uploads\/2018\/06\/Jes\u00fas-Mara\u00f1a-320x213.jpg\" width=\"320\" height=\"213\" srcset=\"https:\/\/www.upo.es\/diario\/wp-content\/uploads\/2018\/06\/Jes\u00fas-Mara\u00f1a-320x213.jpg 320w, https:\/\/www.upo.es\/diario\/wp-content\/uploads\/2018\/06\/Jes\u00fas-Mara\u00f1a-600x400.jpg 600w\" sizes=\"auto, (max-width: 320px) 100vw, 320px\" \/><figcaption id=\"caption-attachment-27077075\" class=\"wp-caption-text\">Jes\u00fas Mara\u00f1a<\/figcaption><\/figure>\n<p>Jes\u00fas Mara\u00f1a, periodista y editor de Infolibre, asegura que \u201cla velocidad de estos tiempos fomenta sin duda el mal periodismo\u201d, que se traduce en \u201cel sensacionalismo, la banalidad y la guerra del click\u201d. Y lo que, a juicio del periodista, subyace en todo ello es la \u201cb\u00fasqueda desesperada de elevar la audiencia a cualquier precio para aumentar los ingresos publicitarios\u201d. Esta celeridad en el ejercicio profesional del periodismo dan origen a las noticias falsas, \u201cpuesto que no se contrasta suficientemente la informaci\u00f3n\u201d, subraya.<\/p>\n<p>Mara\u00f1a ha hecho estas declaraciones en el marco de la XVI edici\u00f3n de los cursos de verano de la Universidad Pablo de Olavide en Carmona, donde hoy se clausura el<strong> curso \u2018Periodismo: la verdad y la mentira\u2019<\/strong>, que organiza la Asociaci\u00f3n de la Prensa de Sevilla bajo la direcci\u00f3n de su presidente, Rafael Rodr\u00edguez. El editor de Infolibre participa esta tarde en la mesa redonda titulada \u2018La independencia econ\u00f3mica y el periodismo libre. El buen periodismo cuesta dinero. Hay que pagar\u2019, junto al periodista y subdirector de eldiario.es Juanlu S\u00e1nchez.<\/p>\n<p>A juicio de Jes\u00fas Mara\u00f1a, el descr\u00e9dito del periodismo est\u00e1 en el origen de la \u201cprofunda crisis de los medios\u201d, por delante incluso de la crisis \u201cecon\u00f3mico-publicitaria y de la revoluci\u00f3n tecnol\u00f3gica\u201d, ya que \u201cdurante demasiado tiempo se ha afrontado la crisis medi\u00e1tica como un problema exclusivamente de modelo de negocio, olvidando que sin credibilidad el periodismo no es \u00fatil ni cumple la funci\u00f3n que lo define en democracia: la de vigilar y controlar al poder y hacer p\u00fablico lo que a distintos poderes interesa mantener oculto\u201d, asegura.<\/p>\n<p>Junto a la crisis de credibilidad y a la tiran\u00eda de la inmediatez, otro de los factores que afecta directamente a la calidad de la informaci\u00f3n que se ofrece a los ciudadanos es la precarizaci\u00f3n laboral de los profesionales del sector, que \u201cimpide a los periodistas dedicar el tiempo suficiente a documentarse, elaborar y contrastar la informaci\u00f3n\u201d. Asimismo, seg\u00fan Mara\u00f1a, la precariedad laboral lleva a la autocensura \u201cpor miedo a perder el puesto de trabajo\u201d, lo que hace que cualquier informaci\u00f3n que pueda incomodar a la direcci\u00f3n del medio \u201ca menudo no llega ni siquiera a plantearse\u201d.<\/p>\n<p>En cuanto al concepto de posverdad, el periodista afirma que \u201cla intoxicaci\u00f3n o la manipulaci\u00f3n informativa han existido siempre\u201d, si bien es cierto que la posverdad se caracteriza por \u201cla rapidez con que se transmite y el enorme volumen de audiencia potencial a la que llega gracias a las herramientas digitales y las redes sociales\u201d, pero no deja de ser una \u201cforma sofisticada\u201d de practicar lo que siempre ha sido \u201cpura propaganda o descarada distorsi\u00f3n de la realidad\u201d. Para \u00e9l, lo verdaderamente peligroso es que los poderes traten de \u201ccontaminar\u201d la credibilidad de las informaciones que le incomodan poni\u00e9ndolas en entredicho, de manera que \u201ccasi todas parezcan fake news\u201d.<\/p>\n<p>Por ello, a pesar de que la ciudadan\u00eda \u201cnunca ha estado m\u00e1s informada que ahora en cuanto a volumen de datos, tampoco tan sometida al ruido\u201d, porque \u201cla saturaci\u00f3n lleva a la desinformaci\u00f3n, y se hace necesario el buen periodismo para distinguir los hechos de las opiniones; lo importante de lo accesorio; la verdad de la mentira\u201d. Y los periodistas, por su parte, \u201cno se sienten libres e independientes\u201d en grandes grupos medi\u00e1ticos que mantienen \u201cfuertes dependencias econ\u00f3mico-financieras\u201d y aferrados a la publicidad como \u00fanica v\u00eda de ingresos, \u201cutilizando cualquier tipo de recurso para captar publicidad\u201d.<\/p>\n<p>As\u00ed, concluye que cada vez es m\u00e1s dif\u00edcil ejercer un oficio que define como \u201cde servicio p\u00fablico\u201d en libertad y \u201crespondiendo a los intereses prioritarios de los lectores\u201d, y se\u00f1ala que el camino para recuperar la credibilidad del periodismo est\u00e1 en ofrecer \u201ccontenidos propios de calidad, exclusivos, especializados y \u00fatiles para la gente\u201d, teniendo claro que los medios \u201ctienen que depender de los lectores y no de la publicidad ni de la guerra del click\u201d, una f\u00f3rmula que defienden los medios de pago como Infolibre.<\/p>\n","protected":false},"excerpt":{"rendered":"<p>Jes\u00fas Mara\u00f1a, periodista y editor de Infolibre, asegura que \u201cla velocidad de estos tiempos fomenta sin duda el mal periodismo\u201d, que se traduce en \u201cel sensacionalismo, la banalidad y la guerra del click\u201d. Y lo que, a juicio del periodista, subyace en todo ello es la \u201cb\u00fasqueda desesperada de elevar la audiencia a cualquier precio para aumentar los ingresos publicitarios\u201d. Esta celeridad en el ejercicio profesional del periodismo dan origen a las noticias falsas, \u201cpuesto que no se contrasta suficientemente la informaci\u00f3n\u201d, subraya.<\/p>\n","protected":false},"author":6,"featured_media":27077074,"comment_status":"closed","ping_status":"open","sticky":false,"template":"","format":"standard","meta":{"_monsterinsights_skip_tracking":false,"_monsterinsights_sitenote_active":false,"_monsterinsights_sitenote_note":"","_monsterinsights_sitenote_category":0,"footnotes":""},"categories":[729],"tags":[144,22,984,519,687,146],"class_list":["post-27077073","post","type-post","status-publish","format-standard","has-post-thumbnail","hentry","category-cursos-verano","tag-crisis","tag-cursos-de-verano","tag-medios-de-comunicacion","tag-olavide-en-carmona","tag-periodismo","tag-sociedad"],"_links":{"self":[{"href":"https:\/\/www.upo.es\/diario\/wp-json\/wp\/v2\/posts\/27077073","targetHints":{"allow":["GET"]}}],"collection":[{"href":"https:\/\/www.upo.es\/diario\/wp-json\/wp\/v2\/posts"}],"about":[{"href":"https:\/\/www.upo.es\/diario\/wp-json\/wp\/v2\/types\/post"}],"author":[{"embeddable":true,"href":"https:\/\/www.upo.es\/diario\/wp-json\/wp\/v2\/users\/6"}],"replies":[{"embeddable":true,"href":"https:\/\/www.upo.es\/diario\/wp-json\/wp\/v2\/comments?post=27077073"}],"version-history":[{"count":1,"href":"https:\/\/www.upo.es\/diario\/wp-json\/wp\/v2\/posts\/27077073\/revisions"}],"predecessor-version":[{"id":27077076,"href":"https:\/\/www.upo.es\/diario\/wp-json\/wp\/v2\/posts\/27077073\/revisions\/27077076"}],"wp:featuredmedia":[{"embeddable":true,"href":"https:\/\/www.upo.es\/diario\/wp-json\/wp\/v2\/media\/27077074"}],"wp:attachment":[{"href":"https:\/\/www.upo.es\/diario\/wp-json\/wp\/v2\/media?parent=27077073"}],"wp:term":[{"taxonomy":"category","embeddable":true,"href":"https:\/\/www.upo.es\/diario\/wp-json\/wp\/v2\/categories?post=27077073"},{"taxonomy":"post_tag","embeddable":true,"href":"https:\/\/www.upo.es\/diario\/wp-json\/wp\/v2\/tags?post=27077073"}],"curies":[{"name":"wp","href":"https:\/\/api.w.org\/{rel}","templated":true}]}}