{"id":27099264,"date":"2018-06-22T09:19:30","date_gmt":"2018-06-22T07:19:30","guid":{"rendered":"https:\/\/www.upo.es\/diario\/?p=27099264"},"modified":"2020-10-27T16:16:50","modified_gmt":"2020-10-27T15:16:50","slug":"vivimos-conectados-a-dispositivos-electronicos-que-facilitan-la-vida-pero-tambien-generan-nuevos-peligros","status":"publish","type":"post","link":"https:\/\/www.upo.es\/diario\/cursos-verano\/2018\/06\/vivimos-conectados-a-dispositivos-electronicos-que-facilitan-la-vida-pero-tambien-generan-nuevos-peligros\/","title":{"rendered":"\u201cVivimos conectados a dispositivos electr\u00f3nicos que facilitan la vida pero tambi\u00e9n generan nuevos peligros\u201d"},"content":{"rendered":"<figure id=\"attachment_27099265\" aria-describedby=\"caption-attachment-27099265\" style=\"width: 600px\" class=\"wp-caption aligncenter\"><a href=\"https:\/\/www.upo.es\/diario\/wp-content\/uploads\/2018\/06\/Mesa-redonda-Amparo-Rubiales-Jos\u00e9-coronado-Elena-Ruiz.-XVI-Cursos-de-Verano-UPO-Primera-Semana-6176.jpg\"><img loading=\"lazy\" decoding=\"async\" class=\"size-large wp-image-27099265\" alt=\"De izquierda a derecha: Elena Ruiz, Amparo Rubiales y Jorge Coronado\" src=\"https:\/\/www.upo.es\/diario\/wp-content\/uploads\/2018\/06\/Mesa-redonda-Amparo-Rubiales-Jos\u00e9-coronado-Elena-Ruiz.-XVI-Cursos-de-Verano-UPO-Primera-Semana-6176-600x393.jpg\" width=\"600\" height=\"393\" \/><\/a><figcaption id=\"caption-attachment-27099265\" class=\"wp-caption-text\">De izquierda a derecha: Elena Ruiz, Amparo Rubiales y Jorge Coronado<\/figcaption><\/figure>\n<p>\u201cLas personas vivimos actualmente conectadas a dispositivos electr\u00f3nicos que facilitan la comunicaci\u00f3n, el acceso a la informaci\u00f3n, las relaciones y la vida en general, pero que tambi\u00e9n generan nuevos peligros como el ciberacoso, la cosificaci\u00f3n de la mujer, la extorsi\u00f3n social o la captaci\u00f3n de menores para abusos; se trata de un fen\u00f3meno especialmente problem\u00e1tico en la adolescencia y la juventud\u201d. Es la reflexi\u00f3n que hace <b>Amparo Rubiales<\/b>, presidenta del Consejo Social de la Universidad Pablo de Olavide.<\/p>\n<p>Rubiales ha hecho estas manifestaciones durante la inauguraci\u00f3n del curso \u2018<b>Ciberdelincuencia de g\u00e9nero: desde el control 2.0 a las viola-graba-ciones<\/b>\u2019, que dirige <b>Jorge Coronado D\u00edaz<\/b>, h\u00e1cker \u00e9tico y perito inform\u00e1tico en QuantiKa14 y en la que ha estado acompa\u00f1ada por la directora del Instituto Andaluz de la Mujer (IAM), <b>Elena Ruiz<\/b>. La actividad se encuentra enmarcada dentro de la XVI edici\u00f3n de los Cursos de Verano de la UPO que se imparten en la Casa Palacio de los Briones, sede de la Olavide en Carmona \u2013 Rectora Rosario Valpuesta.<\/p>\n<p>La presidenta del Consejo Social de la UPO ha a\u00f1adido que las TIC \u201cevolucionan a gran velocidad\u201d y han tra\u00eddo \u201cnuevas formas de comunicaci\u00f3n, pero tambi\u00e9n de atacar a las mujeres\u201d, por lo que ha destacado la importancia de la formaci\u00f3n, con iniciativas como esta, para los profesionales que trabajan en este tema \u201ccomo periodistas, abogados o inform\u00e1ticos\u201d. Precisamente, ha recordado que la iniciativa de organizar un curso sobre ciberdelincuencia de g\u00e9nero parti\u00f3 del periodista <b>Rafael Cremades<\/b>, miembro del Consejo Social de la UPO, quien esta tarde participa en el seminario.<\/p>\n<p>Por su parte, la directora del IAM, Elena Ruiz, ha subrayado que \u201cvivimos en la era digital y las TIC conviven con nosotros como herramientas que forman parte de nuestro d\u00eda a d\u00eda, pero tambi\u00e9n del de los agresores\u201d, por lo que ha afirmado que las redes sociales se han convertido en \u201cnuevos medios para agredir a las mujeres, fen\u00f3meno que se da con mucha frecuencia entre chicas j\u00f3venes menores de edad\u201d. En este sentido, ha apuntado que el IAM cuenta con un protocolo \u201cpionero\u201d para atender a las mujeres v\u00edctimas de este tipo de violencia de g\u00e9nero, frente al que ha dicho \u201ctenemos que tener los ojos muy abiertos y estar a la vanguardia\u201d para que la sociedad en su conjunto pueda \u201carrinconar a los agresores\u201d.<\/p>\n<p>Por \u00faltimo, el director del curso de verano, Jorge Coronado, ha explicado que el objetivo de \u00e9ste es proporcionar herramientas a los profesionales para que a su vez puedan informar y asesorar a las v\u00edctimas de la ciberdelincuencia de g\u00e9nero, extremo a veces desconocido por tratarse de \u201cpruebas tecnol\u00f3gicas\u201d. Asimismo, ha avanzado que durante el seminario, que finalizar\u00e1 el viernes, expondr\u00e1 las conclusiones de un estudio in\u00e9dito sobre el impacto que tiene la pornograf\u00eda <i>online<\/i> en la sociedad y entre los menores de edad.<\/p>\n","protected":false},"excerpt":{"rendered":"<p>\u201cLas personas vivimos actualmente conectadas a dispositivos electr\u00f3nicos que facilitan la comunicaci\u00f3n, el acceso a la informaci\u00f3n, las relaciones y la vida en general, pero que tambi\u00e9n generan nuevos peligros como el ciberacoso, la cosificaci\u00f3n de la mujer, la extorsi\u00f3n social o la captaci\u00f3n de menores para abusos; se trata de un fen\u00f3meno especialmente problem\u00e1tico en la adolescencia y la juventud\u201d. Es la reflexi\u00f3n que hace Amparo Rubiales, presidenta del Consejo Social de la Universidad Pablo de Olavide.<\/p>\n","protected":false},"author":14,"featured_media":0,"comment_status":"closed","ping_status":"open","sticky":false,"template":"","format":"standard","meta":{"_monsterinsights_skip_tracking":false,"_monsterinsights_sitenote_active":false,"_monsterinsights_sitenote_note":"","_monsterinsights_sitenote_category":0,"footnotes":""},"categories":[729],"tags":[1557,5258,5164,22,5256,1217,5257,217,519,20],"class_list":["post-27099264","post","type-post","status-publish","format-standard","hentry","category-cursos-verano","tag-amparo-rubiales","tag-ciberacoso","tag-ciberdelincuencia","tag-cursos-de-verano","tag-elena-ruiz","tag-iam","tag-jorge-coronado","tag-nuevas-tecnologias","tag-olavide-en-carmona","tag-redes-sociales"],"_links":{"self":[{"href":"https:\/\/www.upo.es\/diario\/wp-json\/wp\/v2\/posts\/27099264","targetHints":{"allow":["GET"]}}],"collection":[{"href":"https:\/\/www.upo.es\/diario\/wp-json\/wp\/v2\/posts"}],"about":[{"href":"https:\/\/www.upo.es\/diario\/wp-json\/wp\/v2\/types\/post"}],"author":[{"embeddable":true,"href":"https:\/\/www.upo.es\/diario\/wp-json\/wp\/v2\/users\/14"}],"replies":[{"embeddable":true,"href":"https:\/\/www.upo.es\/diario\/wp-json\/wp\/v2\/comments?post=27099264"}],"version-history":[{"count":1,"href":"https:\/\/www.upo.es\/diario\/wp-json\/wp\/v2\/posts\/27099264\/revisions"}],"predecessor-version":[{"id":30862829,"href":"https:\/\/www.upo.es\/diario\/wp-json\/wp\/v2\/posts\/27099264\/revisions\/30862829"}],"wp:attachment":[{"href":"https:\/\/www.upo.es\/diario\/wp-json\/wp\/v2\/media?parent=27099264"}],"wp:term":[{"taxonomy":"category","embeddable":true,"href":"https:\/\/www.upo.es\/diario\/wp-json\/wp\/v2\/categories?post=27099264"},{"taxonomy":"post_tag","embeddable":true,"href":"https:\/\/www.upo.es\/diario\/wp-json\/wp\/v2\/tags?post=27099264"}],"curies":[{"name":"wp","href":"https:\/\/api.w.org\/{rel}","templated":true}]}}