{"id":27099269,"date":"2018-06-22T09:32:40","date_gmt":"2018-06-22T07:32:40","guid":{"rendered":"https:\/\/www.upo.es\/diario\/?p=27099269"},"modified":"2020-10-27T16:16:55","modified_gmt":"2020-10-27T15:16:55","slug":"un-smartphone-en-manos-de-los-adolescentes-sin-el-control-de-sus-padres-es-una-bomba-de-relojeria","status":"publish","type":"post","link":"https:\/\/www.upo.es\/diario\/cursos-verano\/2018\/06\/un-smartphone-en-manos-de-los-adolescentes-sin-el-control-de-sus-padres-es-una-bomba-de-relojeria\/","title":{"rendered":"\u201cUn smartphone en manos de los adolescentes sin el control de sus padres es una bomba de relojer\u00eda\u201d"},"content":{"rendered":"<figure id=\"attachment_27099270\" aria-describedby=\"caption-attachment-27099270\" style=\"width: 600px\" class=\"wp-caption aligncenter\"><a href=\"https:\/\/www.upo.es\/diario\/wp-content\/uploads\/2018\/06\/Rafael-Cremades.-XVI-Cursos-de-Verano-UPO-Primera-Semana-6323.jpg\"><img loading=\"lazy\" decoding=\"async\" class=\"size-large wp-image-27099270\" alt=\"Rafael Cremades en la sede de la UPO en Carmona\" src=\"https:\/\/www.upo.es\/diario\/wp-content\/uploads\/2018\/06\/Rafael-Cremades.-XVI-Cursos-de-Verano-UPO-Primera-Semana-6323-600x400.jpg\" width=\"600\" height=\"400\" \/><\/a><figcaption id=\"caption-attachment-27099270\" class=\"wp-caption-text\">Rafael Cremades en la sede de la UPO en Carmona<\/figcaption><\/figure>\n<p>\u201cTodo pasa por la educaci\u00f3n. Y no s\u00f3lo en los centros educativos, sino tambi\u00e9n en las familias, porque tan importante es una adecuada formaci\u00f3n de los docentes como la aceptaci\u00f3n de la enorme responsabilidad que supone ser padres en la era de Internet. Porque un smartphone en manos de los chicos sin control parental es una bomba de relojer\u00eda\u201d. Es la medida que propone el periodista <b>Rafael Cremades <\/b>para combatir la principal herramienta que utilizan los j\u00f3venes andaluces a la hora de ejercer la violencia de g\u00e9nero contra sus parejas o ex parejas: las redes sociales, seg\u00fan reconoce la propia Junta de Andaluc\u00eda.<\/p>\n<p>Cremades ha hecho estas declaraciones en el marco de la XVI edici\u00f3n de los Cursos de Verano de la Universidad Pablo de Olavide en Carmona, donde se desarrolla el curso \u2018<b>Ciberdelincuencia de g\u00e9nero: desde el control 2.0 a las viola-graba-ciones<\/b>\u2019, que dirige <b>Jorge Coronado D\u00edaz<\/b>, h\u00e1cker \u00e9tico y perito inform\u00e1tico en QuantiKa14 y en el que participa el periodista de Canal Sur pronunciando una conferencia sobre \u2018Los medios de comunicaci\u00f3n tradicionales y las TIC: \u00bfAlianza perversa o positiva en el marco de la violencia de g\u00e9nero\u2019.<\/p>\n<p>Mientras que j\u00f3venes y adolescentes son nativos digitales, sus padres pertenecen a una generaci\u00f3n anterior que desconocen las nuevas tecnolog\u00edas en buena medida y que, para colmo, tampoco disponen de tiempo para educar a sus hijos en un uso responsable de las TIC porque muchos de ellos permanecen ajenos a este fen\u00f3meno. As\u00ed, estos dos factores, desconocimiento y falta de tiempo, hacen que muchos progenitores ignoren c\u00f3mo interact\u00faan sus hijos en las redes sociales o qu\u00e9 consumo realizan de Internet. Mientras tanto, los chicos cada vez comienzan m\u00e1s j\u00f3venes a utilizar m\u00f3viles y redes sociales. \u201cRegalar un m\u00f3vil a un ni\u00f1o de 10 a\u00f1os para la comuni\u00f3n es una barbaridad y esto lo vemos como algo cotidiano\u201d.<\/p>\n<p>En una sociedad en la que el uso de Internet est\u00e1 generalizado, Rafael Cremades ve \u201cmuy dif\u00edcil\u201d prevenir la ciberdelincuencia de g\u00e9nero, pero propugna por \u201cabordar la educaci\u00f3n desde un punto de vista \u00e9tico feminista porque, al fin y al cabo, Internet es s\u00f3lo una herramienta y el uso que se hace de ella responde a los comportamientos machistas generales de hoy\u201d. Considera que debe haber una transformaci\u00f3n social y pide no banalizar este tipo de actitudes y ponerlas siempre en conocimiento de la justicia.<\/p>\n<p>Sobre la existencia de chicas que consideran algo normal que sus parejas les controlen el m\u00f3vil y sus redes sociales, Cremades asegura que se han interiorizado los estereotipos machistas y que son los progenitores quienes tienen que hablar con ellas \u201cdesde la confianza\u201d y vigilar las conductas que pudieran ser machistas en los varones \u201ccort\u00e1ndolas de ra\u00edz\u201d. En cuanto al papel que desempe\u00f1an los medios de comunicaci\u00f3n tradicionales en este asunto, reconoce que en determinados casos \u201cse busca el show y se pone a la audiencia por encima de todo\u201d, por lo que nos encontramos en \u201cdeterminadas series de televisi\u00f3n o letras de canciones inadmisibles; no se puede dar todo por bueno\u201d, subraya. Adem\u00e1s, apunta que, cuando llegan las noticias de corte machista, \u201cdebe mantenerse el esp\u00edritu cr\u00edtico en casa; el problema es que ya no se ven los informativos en familia y la recepci\u00f3n de la informaci\u00f3n procedente de m\u00faltiples plataformas se ha atomizado\u201d.<\/p>\n","protected":false},"excerpt":{"rendered":"<p>\u201cTodo pasa por la educaci\u00f3n. Y no s\u00f3lo en los centros educativos, sino tambi\u00e9n en las familias, porque tan importante es una adecuada formaci\u00f3n de los docentes como la aceptaci\u00f3n de la enorme responsabilidad que supone ser padres en la era de internet. Porque un Smartphone en manos de los chicos sin control parental es una bomba de relojer\u00eda\u201d. Es la medida que propone el periodista Rafael Cremades para combatir la principal herramienta que utilizan los j\u00f3venes andaluces a la hora de ejercer la violencia de g\u00e9nero contra sus parejas o ex parejas: las redes sociales, seg\u00fan reconoce la propia Junta de Andaluc\u00eda.<\/p>\n","protected":false},"author":14,"featured_media":0,"comment_status":"closed","ping_status":"open","sticky":false,"template":"","format":"standard","meta":{"_monsterinsights_skip_tracking":false,"_monsterinsights_sitenote_active":false,"_monsterinsights_sitenote_note":"","_monsterinsights_sitenote_category":0,"footnotes":""},"categories":[729],"tags":[5164,22,336,480,984,217,519,5259,20],"class_list":["post-27099269","post","type-post","status-publish","format-standard","hentry","category-cursos-verano","tag-ciberdelincuencia","tag-cursos-de-verano","tag-genero","tag-internet","tag-medios-de-comunicacion","tag-nuevas-tecnologias","tag-olavide-en-carmona","tag-rafael-cremades","tag-redes-sociales"],"_links":{"self":[{"href":"https:\/\/www.upo.es\/diario\/wp-json\/wp\/v2\/posts\/27099269","targetHints":{"allow":["GET"]}}],"collection":[{"href":"https:\/\/www.upo.es\/diario\/wp-json\/wp\/v2\/posts"}],"about":[{"href":"https:\/\/www.upo.es\/diario\/wp-json\/wp\/v2\/types\/post"}],"author":[{"embeddable":true,"href":"https:\/\/www.upo.es\/diario\/wp-json\/wp\/v2\/users\/14"}],"replies":[{"embeddable":true,"href":"https:\/\/www.upo.es\/diario\/wp-json\/wp\/v2\/comments?post=27099269"}],"version-history":[{"count":1,"href":"https:\/\/www.upo.es\/diario\/wp-json\/wp\/v2\/posts\/27099269\/revisions"}],"predecessor-version":[{"id":30862828,"href":"https:\/\/www.upo.es\/diario\/wp-json\/wp\/v2\/posts\/27099269\/revisions\/30862828"}],"wp:attachment":[{"href":"https:\/\/www.upo.es\/diario\/wp-json\/wp\/v2\/media?parent=27099269"}],"wp:term":[{"taxonomy":"category","embeddable":true,"href":"https:\/\/www.upo.es\/diario\/wp-json\/wp\/v2\/categories?post=27099269"},{"taxonomy":"post_tag","embeddable":true,"href":"https:\/\/www.upo.es\/diario\/wp-json\/wp\/v2\/tags?post=27099269"}],"curies":[{"name":"wp","href":"https:\/\/api.w.org\/{rel}","templated":true}]}}