{"id":27138191,"date":"2018-06-25T07:18:23","date_gmt":"2018-06-25T05:18:23","guid":{"rendered":"https:\/\/www.upo.es\/diario\/?p=27138191"},"modified":"2020-10-27T16:17:05","modified_gmt":"2020-10-27T15:17:05","slug":"el-consejero-de-medio-ambiente-participa-en-un-curso-sobre-trabajo-y-cambio-climatico","status":"publish","type":"post","link":"https:\/\/www.upo.es\/diario\/institucional\/2018\/06\/el-consejero-de-medio-ambiente-participa-en-un-curso-sobre-trabajo-y-cambio-climatico\/","title":{"rendered":"El consejero de Medio Ambiente participa en un curso sobre trabajo y cambio clim\u00e1tico"},"content":{"rendered":"<figure id=\"attachment_27138192\" aria-describedby=\"caption-attachment-27138192\" style=\"width: 320px\" class=\"wp-caption alignright\"><a href=\"https:\/\/www.upo.es\/diario\/wp-content\/uploads\/2018\/06\/imagen_JoseFiscal.jpg\"><img loading=\"lazy\" decoding=\"async\" class=\"size-medium wp-image-27138192\" alt=\"Jos\u00e9 Fical, consejero de Medio Ambiente\" src=\"https:\/\/www.upo.es\/diario\/wp-content\/uploads\/2018\/06\/imagen_JoseFiscal-320x320.jpg\" width=\"320\" height=\"320\" \/><\/a><figcaption id=\"caption-attachment-27138192\" class=\"wp-caption-text\">Jos\u00e9 Fical, consejero de Medio Ambiente<\/figcaption><\/figure>\n<p>Hoy lunes 25 de junio comienza la segunda semana de los XVI Cursos de Verano que la Universidad Pablo de Olavide celebra en su sede de Olavide en Carmona &#8211; Rectora Rosario Valpuesta con la inauguraci\u00f3n de tres nuevos seminarios. El vicerrector de Postgrado y Formaci\u00f3n Permanente de la Universidad Pablo de Olavide, <b>Miguel \u00c1ngel Gual Font<\/b> y el delegado de Cultura, Turismo y Patrimonio Hist\u00f3rico del Ayuntamiento de Carmona, <b>Ram\u00f3n Gavira Gord\u00f3n<\/b>, presidir\u00e1n el acto de inauguraci\u00f3n de la segunda semana de los cursos.<\/p>\n<p>El curso sobre \u2018<b>Trabajo y cambio clim\u00e1tico. Transici\u00f3n justa hacia modelos econ\u00f3micos sostenibles<\/b>\u2019, dirigido por <b>Sara de los Reyes Guti\u00e9rrez<\/b>, secretaria de Organizaci\u00f3n y Finanzas de CC.OO. de Sevilla, celebrar\u00e1 a las 11:00 horas en el aula 6 de la Casa Palacio de los Briones la conferencia inaugural, en la que participar\u00e1n <b>Jos\u00e9 Fiscal L\u00f3pez<\/b>, consejero de Medio Ambiente y Ordenaci\u00f3n del Territorio de la Junta de Andaluc\u00eda; <b>Nuria L\u00f3pez Mart\u00edn<\/b>, secretaria general de CC.OO. Andaluc\u00eda; <b>Alfonso Vid\u00e1n Mart\u00ednez<\/b>, secretario general de CC.OO. de Sevilla y Sara de los Reyes.<\/p>\n<p>A las 12:00 horas se impartir\u00e1 el taller \u201cImaginario del cambio clim\u00e1tico\u201d, que estar\u00e1 a cargo de <b>Jos\u00e9 Mar\u00eda Jim\u00e9nez Sol\u00eds<\/b>, educador ambiental de Argos Proyectos Educativos. En la jornada de tarde, ser\u00e1 el turno de <b>Yayo Herrero<\/b>, antrop\u00f3loga, ecofeminista y miembro de Ecologistas en Acci\u00f3n, quien hablar\u00e1 sobre el \u201cPanorama general del cambio global\u201d. La presentaci\u00f3n correr\u00e1 a cargo de <b>Jos\u00e9 Ignacio P\u00e9rez Tapias<\/b>, responsable de Medio Ambiente de CC.OO. Sevilla. Para concluir la jornada, a las 17:45 hora se celebrar\u00e1 el taller \u201cEfecto domin\u00f3. Una din\u00e1mica para la comprensi\u00f3n de la complejidad ambiental\u201d, que impartir\u00e1 <b>Jos\u00e9 Mar\u00eda Jim\u00e9nez<\/b>.<\/p>\n<p>Otro de los seminarios que se inaugura el lunes es el titulado \u2018<b>Comunicaci\u00f3n pol\u00edtica\u2019<\/b>, que comenzar\u00e1 a las 11:00 horas en el aula 1 de Olavide en Carmona y que estar\u00e1 dirigido por <b>Carlos Rodr\u00edguez D\u00edaz<\/b>, socio-director del Bufete Rodr\u00edguez D\u00edaz y profesor de Derecho de la Universidad Pablo de Olavide. El curso comenzar\u00e1 con la conferencia \u201cLa comunicaci\u00f3n pol\u00edtica\u201d, que ofrecer\u00e1 <b>Curro P\u00e9rez Guerrero<\/b>, director del Gabinete del ministro de Interior (2016-2018). A las 12:00 horas, <b>Santiago Mart\u00ednez-Vares Gigliotti<\/b>, adjunto al director del Gabinete del ministro de Interior (2016-2018), abordar\u00e1 el tema de \u201cEl candidato. Storytelling\u201d. La \u00faltima ponencia de la ma\u00f1ana, que tendr\u00e1 lugar a las 13:00 horas, ser\u00e1 la denominada \u201cCamino hasta la campa\u00f1a electoral. El d\u00eda a d\u00eda de una carrera de fondo\u201d, que ser\u00e1 impartida por <b>Carlos Crivell Reyes<\/b>, director de Comunicaci\u00f3n de Bademedios, community manager y premio Blogosur.<\/p>\n<p>Por \u00faltimo, el lunes se inaugura el curso \u2018<b>Violencia filioparental: intervenci\u00f3n integral. 3\u00aa edici\u00f3n<\/b>\u2019, que se impartir\u00e1 en el aula 2 de la sede de Olavide en Carmona y que ser\u00e1 dirigido por <b>Cosette Franco Mu\u00f1oz<\/b>, socia fundadora del M\u00e9todo Mentoris. A las 10:30 horas dar\u00e1 inicio una mesa redonda en la que se abordar\u00e1n temas como los conflictos y los nuevos retos sociales, la evoluci\u00f3n de la familia o la intervenci\u00f3n integral del M\u00e9todo Mentoris. En la misma participar\u00e1n <b>Rosa Rodr\u00edguez<\/b>, profesora de la Universidad Pablo de Olavide; <b>Tania Mateos<\/b>, profesora de la Universidad de Sevilla; <b>Esperanza Jim\u00e9nez<\/b>, mediadora de la Asociaci\u00f3n Ariadna \u2013 M\u00e9todo Mentoris y Cosette Franco.<\/p>\n<p><b>Fernando Carvallo<\/b>, coach y docente de ESO y Bachillerato, impartir\u00e1 a las 11:30 horas el taller \u00a0\u201cComunicaci\u00f3n responsable\u201d, mientras que una hora m\u00e1s tarde se celebrar\u00e1 una mesa redonda en la que se abordar\u00e1n diversos temas, como \u201cla \u201cMediaci\u00f3n familiar\u201d, a cargo de <b>Eva Fuente<\/b>, mediadora familiar en Medioacuerdo y \u201cLa brecha entre teor\u00eda y pr\u00e1ctica en la intervenci\u00f3n de violencia filioparental\u201d, que tratar\u00e1 <b>Jos\u00e9 Manuel Marqu\u00ednez<\/b>, psic\u00f3logo y doctorando en Psicolog\u00eda de la Salud.<\/p>\n<p>Por la tarde, el curso se reanudar\u00e1 a las 16:00 horas con el taller \u201cEmociones como recurso educativo\u201d, que correr\u00e1 a cargo de Cosette Franco. El taller que pondr\u00e1 fin a la jornada ser\u00e1 \u201cPilares de la intervenci\u00f3n educativa en \u00e1mbito familiar\u201d, impartido por <b>Antonio Reina Chamorro<\/b>, socio-fundador del M\u00e9todo Mentoris.<\/p>\n","protected":false},"excerpt":{"rendered":"<p>La segunda semana de los XVI Cursos de Verano que la Universidad Pablo de Olavide celebra en su sede de Olavide en Carmona &#8211; Rectora Rosario Valpuesta comienza con la inauguraci\u00f3n de tres nuevos seminarios. El vicerrector de Postgrado y Formaci\u00f3n Permanente de la Universidad Pablo de Olavide, Miguel \u00c1ngel Gual Font y el delegado de Cultura, Turismo y Patrimonio Hist\u00f3rico del Ayuntamiento de Carmona, Ram\u00f3n Gavira Gord\u00f3n, presiden el acto de inauguraci\u00f3n de la segunda semana de los cursos.<\/p>\n","protected":false},"author":14,"featured_media":0,"comment_status":"closed","ping_status":"open","sticky":false,"template":"","format":"standard","meta":{"_monsterinsights_skip_tracking":false,"_monsterinsights_sitenote_active":false,"_monsterinsights_sitenote_note":"","_monsterinsights_sitenote_category":0,"footnotes":""},"categories":[6],"tags":[593,2632,3654,22,4314,519,437,2528],"class_list":["post-27138191","post","type-post","status-publish","format-standard","hentry","category-institucional","tag-cambio-climatico","tag-comunicacion-politica","tag-consejeria-de-medio-ambiente","tag-cursos-de-verano","tag-jose-fiscal","tag-olavide-en-carmona","tag-trabajo","tag-violencia-filioparental"],"_links":{"self":[{"href":"https:\/\/www.upo.es\/diario\/wp-json\/wp\/v2\/posts\/27138191","targetHints":{"allow":["GET"]}}],"collection":[{"href":"https:\/\/www.upo.es\/diario\/wp-json\/wp\/v2\/posts"}],"about":[{"href":"https:\/\/www.upo.es\/diario\/wp-json\/wp\/v2\/types\/post"}],"author":[{"embeddable":true,"href":"https:\/\/www.upo.es\/diario\/wp-json\/wp\/v2\/users\/14"}],"replies":[{"embeddable":true,"href":"https:\/\/www.upo.es\/diario\/wp-json\/wp\/v2\/comments?post=27138191"}],"version-history":[{"count":2,"href":"https:\/\/www.upo.es\/diario\/wp-json\/wp\/v2\/posts\/27138191\/revisions"}],"predecessor-version":[{"id":30862594,"href":"https:\/\/www.upo.es\/diario\/wp-json\/wp\/v2\/posts\/27138191\/revisions\/30862594"}],"wp:attachment":[{"href":"https:\/\/www.upo.es\/diario\/wp-json\/wp\/v2\/media?parent=27138191"}],"wp:term":[{"taxonomy":"category","embeddable":true,"href":"https:\/\/www.upo.es\/diario\/wp-json\/wp\/v2\/categories?post=27138191"},{"taxonomy":"post_tag","embeddable":true,"href":"https:\/\/www.upo.es\/diario\/wp-json\/wp\/v2\/tags?post=27138191"}],"curies":[{"name":"wp","href":"https:\/\/api.w.org\/{rel}","templated":true}]}}