{"id":27151471,"date":"2018-06-26T07:28:27","date_gmt":"2018-06-26T07:28:27","guid":{"rendered":"https:\/\/www.upo.es\/diario\/?p=27151471"},"modified":"2020-10-27T13:09:10","modified_gmt":"2020-10-27T12:09:10","slug":"la-antropologa-yayo-herrero-cree-una-obligacion-el-decrecimiento-de-la-esfera-material-de-la-economia","status":"publish","type":"post","link":"https:\/\/www.upo.es\/diario\/cursos-verano\/2018\/06\/la-antropologa-yayo-herrero-cree-una-obligacion-el-decrecimiento-de-la-esfera-material-de-la-economia\/","title":{"rendered":"La antrop\u00f3loga Yayo Herrero cree una \u201cobligaci\u00f3n\u201d el decrecimiento \u201cde la esfera material de la econom\u00eda\u201d"},"content":{"rendered":"<figure id=\"attachment_27151472\" aria-describedby=\"caption-attachment-27151472\" style=\"width: 600px\" class=\"wp-caption aligncenter\"><a href=\"https:\/\/www.upo.es\/diario\/wp-content\/uploads\/2018\/06\/Yayo-Herrero.-Cursos-de-Verano-UPO-Segunda-Semana-6721.jpg\"><img loading=\"lazy\" decoding=\"async\" class=\"size-large wp-image-27151472\" alt=\"Yayo Herrero en la sede de la UPO en Carmona\" src=\"https:\/\/www.upo.es\/diario\/wp-content\/uploads\/2018\/06\/Yayo-Herrero.-Cursos-de-Verano-UPO-Segunda-Semana-6721-600x399.jpg\" width=\"600\" height=\"399\" \/><\/a><figcaption id=\"caption-attachment-27151472\" class=\"wp-caption-text\">Yayo Herrero en la sede de la UPO en Carmona<\/figcaption><\/figure>\n<p><b>Yayo Herrero<\/b>, antrop\u00f3loga, ecofeminista, profesora, ingeniera y miembro de Ecologistas en Acci\u00f3n, asegura que el decrecimiento \u201cde la esfera material de la econom\u00eda\u201d no es una opci\u00f3n, sino una \u201cobligaci\u00f3n\u201d. A su juicio, \u201cvamos a vivir globalmente con menos energ\u00eda y menos materiales, b\u00e1sicamente porque lo marca el propio agotamiento de los recursos\u201d. Por este motivo, advierte que \u201cnos va mucho en intentar aprender a hacer econom\u00eda y a obtener los bienes y servicios que necesitamos utilizando menos energ\u00eda, menos agua y menos materiales\u201d.<\/p>\n<p>Herrero ha hecho estas declaraciones en Carmona antes de pronunciar la conferencia \u2018Panorama general del cambio global\u2019 en el Curso de Verano de la Universidad Pablo de Olavide \u2018<b>Trabajo y cambio clim\u00e1tico. Transici\u00f3n justa hacia modelos econ\u00f3micos sostenibles<\/b>\u2019, que se desarrolla hasta el mi\u00e9rcoles bajo la direcci\u00f3n de Sara de los Reyes, secretaria de Organizaci\u00f3n y Finanzas de CCOO de Sevilla.<\/p>\n<p>La profesora ha alertado de que si la econom\u00eda global \u201cno se pone las pilas\u201d para necesitar menos energ\u00eda y menos materiales, el colapso del sistema est\u00e1 asegurado; \u201cotra cosa es que se pueda colapsar de formas muy diferentes\u201d. El problema que aprecia es que \u201cseg\u00fan vamos topando con los l\u00edmites f\u00edsicos del planeta y de la econom\u00eda, los sectores que tienen poder econ\u00f3mico y pol\u00edtico, e incluso militar, siguen sosteniendo buenos estilos de vida, mientras que otras personas ven empeorar sus condiciones de vida y son incluso expulsadas\u201d.<\/p>\n<p>Para esta activista ecofeminista, miembro de Ecologistas en Acci\u00f3n, el colapso significa que la econom\u00eda no va a volver a crecer al ritmo que hemos conocido hasta los a\u00f1os 70 y 80 y, por tanto, \u201cpodemos adaptarnos de una forma planificada y justa a esta situaci\u00f3n o podemos ir como ahora: poniendo vallas a los pa\u00edses para que no entre la gente migrante, mientras que esas mismas vallas se abren y se cierran todos los d\u00edas para que entren las materias primas de los pa\u00edses de esa misma gente migrante\u201d, una situaci\u00f3n que ha calificado como \u201cmodelo fascista\u201d.<\/p>\n<p>Cuestionada sobre la posibilidad de introducir los principios de la teor\u00eda del Buen Vivir en los pa\u00edses del entorno capitalista, Yayo Herrero ha explicado que \u201cesta teor\u00eda se desarroll\u00f3 sobre todo en pa\u00edses de Am\u00e9rica Latina, donde los pueblos originarios tienen una forma distinta de entender la vida a la que tenemos en Espa\u00f1a\u201d. No obstante, ha apostado por abrir un \u201cdebate social que se centre en pensar qu\u00e9 necesitamos las personas para vivir, qu\u00e9 es lo que hace falta producir y, por \u00faltimo, cu\u00e1les son los sectores que tenemos que impulsar\u201d. De esta manera, ha se\u00f1alado que \u201cse podr\u00eda generar un modelo de buena vida en la que las personas tengan los m\u00ednimos que necesitan para llevar vidas que merezca la pena vivirse y dispongan tambi\u00e9n de tiempo para hacerlo\u201d. Una vida \u2013en definitiva- \u201cm\u00e1s sencilla en lo material pero mucho m\u00e1s rica en lo relacional\u201d, ha subrayado.<\/p>\n<p>En opini\u00f3n de la ingeniera, la actual crisis ecol\u00f3gica est\u00e1 \u201cmuy relacionada con la crisis econ\u00f3mica\u201d. El \u201cdeclive de la energ\u00eda f\u00f3sil y de muchos materiales por puro agotamiento en la corteza terrestre, combinado con la din\u00e1mica de calentamiento global, est\u00e1 cambiando las reglas del juego que organizan todo lo vivo y se est\u00e1 produciendo un deterioro muy acelerado de la naturaleza, teniendo en cuenta que no existe econom\u00eda si no hay naturaleza\u201d, ha resumido. Por todo ello, ha abogado por \u201ccaminar hacia una sociedad que se articule de forma distinta\u201d a la actual, en la que \u201cen un contexto capitalista parece que la gente tiene derecho a comer, a tener casa y a poder pagar la luz en la medida en la que los due\u00f1os de los medios de producci\u00f3n ganen lo que consideran que tienen que ganar\u201d. De lo contrario, \u201cse encadena toda esa l\u00f3gica de despidos y recortes que hace que la gente m\u00e1s empobrecida acabe pagando el pato\u201d.<\/p>\n<p>Por \u00faltimo, la antrop\u00f3loga ha asegurado que ya se notan los efectos del cambio clim\u00e1tico en el \u00e1mbito laboral y ha recordado el reciente incremento de los accidentes de trabajo en el sector de la construcci\u00f3n, que ha relacionado con las olas de calor, \u201cque ser\u00e1n cada vez m\u00e1s frecuentes\u201d. Asimismo, ha se\u00f1alado al sector de las renovables, \u201cque sufre mucho cuando no hay agua suficiente\u201d, o la agricultura, una actividad econ\u00f3mica \u201cdirectamente afectada por el cambio clim\u00e1tico\u201d.<\/p>\n","protected":false},"excerpt":{"rendered":"<p>Yayo Herrero, antrop\u00f3loga, ecofeminista, profesora, ingeniera y miembro de Ecologistas en Acci\u00f3n, asegura que el decrecimiento \u201cde la esfera material de la econom\u00eda\u201d no es una opci\u00f3n, sino una \u201cobligaci\u00f3n\u201d. A su juicio, \u201cvamos a vivir globalmente con menos energ\u00eda y menos materiales, b\u00e1sicamente porque lo marca el propio agotamiento de los recursos\u201d. Por este motivo, advierte que \u201cnos va mucho en intentar aprender a hacer econom\u00eda y a obtener los bienes y servicios que necesitamos utilizando menos energ\u00eda, menos agua y menos materiales\u201d.<\/p>\n","protected":false},"author":14,"featured_media":0,"comment_status":"closed","ping_status":"open","sticky":false,"template":"","format":"standard","meta":{"_monsterinsights_skip_tracking":false,"_monsterinsights_sitenote_active":false,"_monsterinsights_sitenote_note":"","_monsterinsights_sitenote_category":0,"footnotes":""},"categories":[729],"tags":[1045,593,22,4781,63,519,832],"class_list":["post-27151471","post","type-post","status-publish","format-standard","hentry","category-cursos-verano","tag-antropologia","tag-cambio-climatico","tag-cursos-de-verano","tag-ecofeminismo","tag-economia","tag-olavide-en-carmona","tag-sostenibilidad"],"_links":{"self":[{"href":"https:\/\/www.upo.es\/diario\/wp-json\/wp\/v2\/posts\/27151471","targetHints":{"allow":["GET"]}}],"collection":[{"href":"https:\/\/www.upo.es\/diario\/wp-json\/wp\/v2\/posts"}],"about":[{"href":"https:\/\/www.upo.es\/diario\/wp-json\/wp\/v2\/types\/post"}],"author":[{"embeddable":true,"href":"https:\/\/www.upo.es\/diario\/wp-json\/wp\/v2\/users\/14"}],"replies":[{"embeddable":true,"href":"https:\/\/www.upo.es\/diario\/wp-json\/wp\/v2\/comments?post=27151471"}],"version-history":[{"count":2,"href":"https:\/\/www.upo.es\/diario\/wp-json\/wp\/v2\/posts\/27151471\/revisions"}],"predecessor-version":[{"id":30862587,"href":"https:\/\/www.upo.es\/diario\/wp-json\/wp\/v2\/posts\/27151471\/revisions\/30862587"}],"wp:attachment":[{"href":"https:\/\/www.upo.es\/diario\/wp-json\/wp\/v2\/media?parent=27151471"}],"wp:term":[{"taxonomy":"category","embeddable":true,"href":"https:\/\/www.upo.es\/diario\/wp-json\/wp\/v2\/categories?post=27151471"},{"taxonomy":"post_tag","embeddable":true,"href":"https:\/\/www.upo.es\/diario\/wp-json\/wp\/v2\/tags?post=27151471"}],"curies":[{"name":"wp","href":"https:\/\/api.w.org\/{rel}","templated":true}]}}