{"id":27153704,"date":"2018-06-26T10:46:50","date_gmt":"2018-06-26T08:46:50","guid":{"rendered":"https:\/\/www.upo.es\/diario\/?p=27153704"},"modified":"2020-10-27T16:17:33","modified_gmt":"2020-10-27T15:17:33","slug":"la-upo-y-la-fundacion-para-la-magistratura-firman-un-convenio-en-materia-cientifica-y-de-formacion","status":"publish","type":"post","link":"https:\/\/www.upo.es\/diario\/institucional\/2018\/06\/la-upo-y-la-fundacion-para-la-magistratura-firman-un-convenio-en-materia-cientifica-y-de-formacion\/","title":{"rendered":"La UPO y la Fundaci\u00f3n para la Magistratura firman un convenio en materia cient\u00edfica y de formaci\u00f3n"},"content":{"rendered":"<figure id=\"attachment_27153705\" aria-describedby=\"caption-attachment-27153705\" style=\"width: 600px\" class=\"wp-caption aligncenter\"><a href=\"https:\/\/www.upo.es\/diario\/wp-content\/uploads\/2018\/06\/conv-UPO-FundMagistratura.jpg\"><img loading=\"lazy\" decoding=\"async\" class=\"size-large wp-image-27153705\" alt=\"De izquierda a derecha: Joaqu\u00edn Yust, Vicente Guzm\u00e1n, \u00c1lvaro Mart\u00edn y Ra\u00fal S\u00e1nchez\" src=\"https:\/\/www.upo.es\/diario\/wp-content\/uploads\/2018\/06\/conv-UPO-FundMagistratura-600x400.jpg\" width=\"600\" height=\"400\" \/><\/a><figcaption id=\"caption-attachment-27153705\" class=\"wp-caption-text\">De izquierda a derecha: Joaqu\u00edn Yust, Vicente Guzm\u00e1n, \u00c1lvaro Mart\u00edn y Ra\u00fal S\u00e1nchez<\/figcaption><\/figure>\n<p><b>Vicente Guzm\u00e1n Fluja<\/b>, rector de la Universidad Pablo de Olavide; y <b>\u00c1lvaro Mart\u00edn G\u00f3mez<\/b>, magistrado del Juzgado de Instrucci\u00f3n n\u00famero 6 de Sevilla, en representaci\u00f3n de la <b>Fundaci\u00f3n para la Magistratura de la Asociaci\u00f3n Profesional de la Magistratura<\/b>, han firmado esta ma\u00f1ana en el Rectorado un convenio de colaboraci\u00f3n entre ambas entidades con el objetivo de impulsar la celebraci\u00f3n de actividades formativas de tipo cient\u00edfico, t\u00e9cnico y de investigaci\u00f3n. Este acuerdo ha sido promovido por el profesor del Departamento de Derecho P\u00fablico de la UPO <b>Ra\u00fal S\u00e1nchez G\u00f3mez<\/b> y el magistrado <b>Joaqu\u00edn Yust Escobar<\/b>.<\/p>\n<p>El rector ha expresado su satisfacci\u00f3n por la firma del convenio al tiempo que ha destacado el papel de la Universidad en la formaci\u00f3n y la investigaci\u00f3n \u00a0respecto a la sociedad y los derechos y las obligaciones de las personas. \u201cLos jueces y magistradas tienen una alta responsabilidad social y la Universidad Pablo de Olavide tiene que ser capaz de colaborar en su labor y proporcionarles herramientas \u00fatiles en forma de acciones formativas, investigaci\u00f3n conjunta en relaci\u00f3n a los problemas jur\u00eddicos m\u00e1s importantes y la realizaci\u00f3n de actividades cient\u00edficas como seminarios y jornadas\u201d, ha se\u00f1alado <b>Vicente Guzm\u00e1n<\/b>. Adem\u00e1s, este acuerdo contempla el acceso de las juezas y magistrados al grado de doctor \u201cporque la principal funci\u00f3n de la Universidad a\u00fan en r\u00e9gimen de monopolio es que este grado llegue al mayor n\u00famero de personas posible\u201d. Finalmente, Vicente Guzm\u00e1n ha agradecido a Ra\u00fal S\u00e1nchez y Joaqu\u00edn Yust su labor por conseguir plasmar en un convenio una colaboraci\u00f3n que ven\u00eda gest\u00e1ndose desde meses atr\u00e1s.<\/p>\n<p>Por su parte, el magistrado <b>\u00c1lvaro Mart\u00edn<\/b> ha destacado la importancia de la firma de este convenio para la Fundaci\u00f3n para la Magistratura se\u00f1alando que \u201ces un hecho de gran trascendencia y una oportunidad que no pod\u00edamos desaprovechar. La Fundaci\u00f3n estar\u00e1 siempre abierta a participar con la sociedad en materia de formaci\u00f3n porque est\u00e1 en nuestro ADN\u201d.<\/p>\n<p>El convenio suscrito contempla el desarrollo de actividades conjuntas en las \u00e1reas formativas y de investigaci\u00f3n, as\u00ed como en actividades pr\u00e1cticas dirigidas al alumnado de la UPO. Entre otras: colaboraciones docentes e investigadoras, la realizaci\u00f3n de jornadas sobre materias de actualidad judicial y jurisdiccional, la edici\u00f3n de obras cient\u00edficas, la promoci\u00f3n de l\u00edneas de investigaci\u00f3n conjuntas, el desarrollo de sesiones informativas sobre el acceso a la carrera judicial como orientaci\u00f3n para el alumnado universitario, la realizaci\u00f3n de simulacros de juicio y conciertos puntuales para la asistencia a juicios.<\/p>\n<p>La <a href=\"http:\/\/apmnacional.es\/actualidad\/fundacion-de-la-asociacion-profesiona\/\">Fundaci\u00f3n para la Magistratura<\/a> nace con el objetivo de dar una mayor amplitud y campo a las actividades de la Asociaci\u00f3n Profesional de la Magistratura entre cuyas funciones se encuentra velar por la independencia, autonom\u00eda y prestigio del poder judicial. De este modo, la Fundaci\u00f3n contempla la firma de convenios y acuerdos con otras instituciones con fines formativos, de b\u00fasqueda de foros de debate y, en su caso, intentar colaborar en la b\u00fasqueda de soluciones para los problemas que afectan a la administraci\u00f3n de justicia y al derecho en general en sus distintas ramas.<\/p>\n","protected":false},"excerpt":{"rendered":"<p>Vicente Guzm\u00e1n Fluja, rector de la Universidad Pablo de Olavide; y \u00c1lvaro Mart\u00edn G\u00f3mez, magistrado del Juzgado de Instrucci\u00f3n n\u00famero 6 de Sevilla, en representaci\u00f3n de la Fundaci\u00f3n para la Magistratura de la Asociaci\u00f3n Profesional de la Magistratura, han firmado un convenio de colaboraci\u00f3n entre ambas entidades con el objetivo de impulsar la celebraci\u00f3n de actividades formativas de tipo cient\u00edfico, t\u00e9cnico y de investigaci\u00f3n. Este acuerdo ha sido promovido por el profesor del Departamento de Derecho P\u00fablico de la UPO Ra\u00fal S\u00e1nchez G\u00f3mez y el magistrado Joaqu\u00edn Yust Escobar.<\/p>\n","protected":false},"author":14,"featured_media":0,"comment_status":"closed","ping_status":"open","sticky":false,"template":"","format":"standard","meta":{"_monsterinsights_skip_tracking":false,"_monsterinsights_sitenote_active":false,"_monsterinsights_sitenote_note":"","_monsterinsights_sitenote_category":0,"footnotes":""},"categories":[6],"tags":[326,21,509,5276,56,637],"class_list":["post-27153704","post","type-post","status-publish","format-standard","hentry","category-institucional","tag-convenio","tag-estudiantes","tag-formacion","tag-fundacion-para-la-magistratura","tag-investigacion","tag-poder-judicial"],"_links":{"self":[{"href":"https:\/\/www.upo.es\/diario\/wp-json\/wp\/v2\/posts\/27153704","targetHints":{"allow":["GET"]}}],"collection":[{"href":"https:\/\/www.upo.es\/diario\/wp-json\/wp\/v2\/posts"}],"about":[{"href":"https:\/\/www.upo.es\/diario\/wp-json\/wp\/v2\/types\/post"}],"author":[{"embeddable":true,"href":"https:\/\/www.upo.es\/diario\/wp-json\/wp\/v2\/users\/14"}],"replies":[{"embeddable":true,"href":"https:\/\/www.upo.es\/diario\/wp-json\/wp\/v2\/comments?post=27153704"}],"version-history":[{"count":1,"href":"https:\/\/www.upo.es\/diario\/wp-json\/wp\/v2\/posts\/27153704\/revisions"}],"predecessor-version":[{"id":30862825,"href":"https:\/\/www.upo.es\/diario\/wp-json\/wp\/v2\/posts\/27153704\/revisions\/30862825"}],"wp:attachment":[{"href":"https:\/\/www.upo.es\/diario\/wp-json\/wp\/v2\/media?parent=27153704"}],"wp:term":[{"taxonomy":"category","embeddable":true,"href":"https:\/\/www.upo.es\/diario\/wp-json\/wp\/v2\/categories?post=27153704"},{"taxonomy":"post_tag","embeddable":true,"href":"https:\/\/www.upo.es\/diario\/wp-json\/wp\/v2\/tags?post=27153704"}],"curies":[{"name":"wp","href":"https:\/\/api.w.org\/{rel}","templated":true}]}}