{"id":27164765,"date":"2018-06-27T07:43:04","date_gmt":"2018-06-27T05:43:04","guid":{"rendered":"https:\/\/www.upo.es\/diario\/?p=27164765"},"modified":"2020-10-27T16:17:46","modified_gmt":"2020-10-27T15:17:46","slug":"la-oms-preve-que-el-cambio-climatico-provocara-alrededor-de-200-000-muertes-anuales-a-partir-de-2050","status":"publish","type":"post","link":"https:\/\/www.upo.es\/diario\/cursos-verano\/2018\/06\/la-oms-preve-que-el-cambio-climatico-provocara-alrededor-de-200-000-muertes-anuales-a-partir-de-2050\/","title":{"rendered":"\u201cLa OMS prev\u00e9 que el cambio clim\u00e1tico provocar\u00e1 alrededor de 200.000 muertes anuales a partir de 2050\u201d"},"content":{"rendered":"<figure id=\"attachment_27164766\" aria-describedby=\"caption-attachment-27164766\" style=\"width: 320px\" class=\"wp-caption alignright\"><a href=\"https:\/\/www.upo.es\/diario\/wp-content\/uploads\/2018\/06\/Bego\u00f1a-Mar\u00eda-Tom\u00e9.-XVI-Cursos-de-Verano-UPO-Segunda-Semana-6807.jpg\"><img loading=\"lazy\" decoding=\"async\" class=\"size-medium wp-image-27164766\" alt=\"Bego\u00f1a Mar\u00eda-Tom\u00e9 Gil en la sede Olavide en Carmona\" src=\"https:\/\/www.upo.es\/diario\/wp-content\/uploads\/2018\/06\/Bego\u00f1a-Mar\u00eda-Tom\u00e9.-XVI-Cursos-de-Verano-UPO-Segunda-Semana-6807-320x213.jpg\" width=\"320\" height=\"213\" \/><\/a><figcaption id=\"caption-attachment-27164766\" class=\"wp-caption-text\">Bego\u00f1a Mar\u00eda-Tom\u00e9 Gil en la sede Olavide en Carmona<\/figcaption><\/figure>\n<p>\u201cLa Organizaci\u00f3n Mundial de la Salud (OMS) prev\u00e9 que las consecuencias del cambio clim\u00e1tico van a provocar alrededor de 200.000 muertes anuales a partir de 2050\u201d. Lo ha recordado esta ma\u00f1ana en Carmona <b>Bego\u00f1a Mar\u00eda-Tom\u00e9 Gil<\/b>, miembro del equipo t\u00e9cnico de Salud Laboral y Medio Ambiente del Instituto Sindical de Trabajo, Ambiente y Salud quien ha explicado que la OMS habla ya de efectos sobre la mortalidad en la actualidad \u201cporque el cambio clim\u00e1tico agrava enfermedades ya existentes y empeora el estado de salud\u201d. En Espa\u00f1a, los efectos m\u00e1s espec\u00edficos del cambio clim\u00e1tico en la salud ser\u00e1n \u201caqu\u00e9llos relacionados con las temperaturas extremas\u201d, sobre las que Mar\u00eda-Tom\u00e9 ha subrayado que las olas de calor \u201caumentar\u00e1n los riesgos laborales hasta un 9 por ciento\u201d, por lo que se trata de un asunto \u201cque nos tiene que ocupar en lo inmediato\u201d.<\/p>\n<p>La experta ha hecho estas manifestaciones en el \u00e1mbito del curso \u2018<b>Trabajo y cambio clim\u00e1tico. Transici\u00f3n justa hacia modelos econ\u00f3micos sostenibles<\/b>\u2019, que se imparte dentro de la <b>XVI edici\u00f3n de los Cursos de Verano de la Universidad Pablo de Olavide<\/b> y en el que ha pronunciado la conferencia \u2018Efectos del cambio clim\u00e1tico sobre la salud\u2019. El seminario comenz\u00f3 este lunes bajo la direcci\u00f3n de <b>Sara de los Reyes<\/b>, secretaria de Organizaci\u00f3n y Finanzas de CCOO Sevilla.<\/p>\n<p>Para Mar\u00eda-Tom\u00e9, los efectos del cambio clim\u00e1tico van a \u201cagravar riesgos laborales ya existentes y van a provocar que emerjan otros nuevos\u201d, por ejemplo entre las personas que trabajan al aire libre y que \u201cse van a ver claramente afectadas en un primer momento por la subida de las temperaturas\u201d. En nuestro pa\u00eds, \u201cvenimos sufriendo el estr\u00e9s t\u00e9rmico\u201d sobre todo en determinados sectores como la agricultura y la construcci\u00f3n, donde \u201chay mucho por hacer porque el cambio clim\u00e1tico va a agravar la periodicidad, intensidad y frecuencia de las olas de calor, por lo que es importante la concienciaci\u00f3n y la prevenci\u00f3n con respecto al calor extremo\u201d, ha subrayado.<\/p>\n<p>La experta del Instituto Sindical de Trabajo, Ambiente y Salud ha se\u00f1alado la necesidad de implantar \u201cmedidas fuertes\u201d encaminadas a la \u201creorganizaci\u00f3n del trabajo\u201d ya que, a su juicio, \u201cno es suficiente con apelar a la protecci\u00f3n individual\u201d, sino que hay que implementar \u201cplanes de prevenci\u00f3n y establecer los niveles de riesgo espec\u00edficos en cada momento y para cada trabajador porque las condiciones cambian dependiendo de la temperatura, la humedad, la vestimenta\u201d, por lo que ha a\u00f1adido que se deben establecer adem\u00e1s planes de vigilancia, de control y de formaci\u00f3n \u201ctanto para trabajadores como para mandos y empresarios\u201d. En este sentido, ha apuntado que es fundamental la \u201ccomplicidad y coordinaci\u00f3n\u201d entre las administraciones p\u00fablicas y el mundo del empresariado.<\/p>\n<p>Por \u00faltimo, Bego\u00f1a Mar\u00eda-Tom\u00e9 Gil ha afirmado que la contaminaci\u00f3n atmosf\u00e9rica derivada del cambio clim\u00e1tico supone un problema de primer orden para la salud. La presencia de esporas y aeroal\u00e9rgenos generan des\u00f3rdenes en personas especialmente vulnerables como los asm\u00e1ticos y destacan tambi\u00e9n las enfermedades de transmisi\u00f3n h\u00eddrica y vectorial, a trav\u00e9s de mosquitos. No obstante, ha lanzado un mensaje m\u00e1s tranquilizador para Espa\u00f1a, donde es m\u00e1s dif\u00edcil que se produzcan brotes alimenticios o a trav\u00e9s del agua porque \u201cuno de los mecanismos de respuesta que tenemos son los sistemas de abastecimiento y potabilizaci\u00f3n; no vamos a vernos tan gravemente afectados como otros lugares, donde la gente no va a tener agua de calidad para llevarse a la boca\u201d, ha lamentado.<\/p>\n","protected":false},"excerpt":{"rendered":"<p>\u201cLa Organizaci\u00f3n Mundial de la Salud (OMS) prev\u00e9 que las consecuencias del cambio clim\u00e1tico van a provocar alrededor de 200.000 muertes anuales a partir de 2050\u201d. Lo ha recordado esta ma\u00f1ana en Carmona Bego\u00f1a Mar\u00eda-Tom\u00e9 Gil, miembro del equipo t\u00e9cnico de Salud Laboral y Medio Ambiente del Instituto Sindical de Trabajo, Ambiente y Salud quien ha explicado que la OMS habla ya de efectos sobre la mortalidad en la actualidad \u201cporque el cambio clim\u00e1tico agrava enfermedades ya existentes y empeora el estado de salud\u201d.<\/p>\n","protected":false},"author":14,"featured_media":0,"comment_status":"closed","ping_status":"open","sticky":false,"template":"","format":"standard","meta":{"_monsterinsights_skip_tracking":false,"_monsterinsights_sitenote_active":false,"_monsterinsights_sitenote_note":"","_monsterinsights_sitenote_category":0,"footnotes":""},"categories":[729],"tags":[5281,593,4621,22,2095,519,3640,218,3597,832],"class_list":["post-27164765","post","type-post","status-publish","format-standard","hentry","category-cursos-verano","tag-begona-maria-tome-gil","tag-cambio-climatico","tag-contaminacion-atmosferica","tag-cursos-de-verano","tag-medioambiente","tag-olavide-en-carmona","tag-oms","tag-salud","tag-seguridad-y-salud-laboral","tag-sostenibilidad"],"_links":{"self":[{"href":"https:\/\/www.upo.es\/diario\/wp-json\/wp\/v2\/posts\/27164765","targetHints":{"allow":["GET"]}}],"collection":[{"href":"https:\/\/www.upo.es\/diario\/wp-json\/wp\/v2\/posts"}],"about":[{"href":"https:\/\/www.upo.es\/diario\/wp-json\/wp\/v2\/types\/post"}],"author":[{"embeddable":true,"href":"https:\/\/www.upo.es\/diario\/wp-json\/wp\/v2\/users\/14"}],"replies":[{"embeddable":true,"href":"https:\/\/www.upo.es\/diario\/wp-json\/wp\/v2\/comments?post=27164765"}],"version-history":[{"count":2,"href":"https:\/\/www.upo.es\/diario\/wp-json\/wp\/v2\/posts\/27164765\/revisions"}],"predecessor-version":[{"id":30862605,"href":"https:\/\/www.upo.es\/diario\/wp-json\/wp\/v2\/posts\/27164765\/revisions\/30862605"}],"wp:attachment":[{"href":"https:\/\/www.upo.es\/diario\/wp-json\/wp\/v2\/media?parent=27164765"}],"wp:term":[{"taxonomy":"category","embeddable":true,"href":"https:\/\/www.upo.es\/diario\/wp-json\/wp\/v2\/categories?post=27164765"},{"taxonomy":"post_tag","embeddable":true,"href":"https:\/\/www.upo.es\/diario\/wp-json\/wp\/v2\/tags?post=27164765"}],"curies":[{"name":"wp","href":"https:\/\/api.w.org\/{rel}","templated":true}]}}