{"id":27165877,"date":"2018-06-27T08:57:56","date_gmt":"2018-06-27T06:57:56","guid":{"rendered":"https:\/\/www.upo.es\/diario\/?p=27165877"},"modified":"2025-02-24T09:32:11","modified_gmt":"2025-02-24T08:32:11","slug":"la-expulsion-de-los-judios-de-espana-provoco-un-empobrecimiento-del-capital-humano-en-el-pais","status":"publish","type":"post","link":"https:\/\/www.upo.es\/diario\/cursos-verano\/2018\/06\/la-expulsion-de-los-judios-de-espana-provoco-un-empobrecimiento-del-capital-humano-en-el-pais\/","title":{"rendered":"\u201cLa expulsi\u00f3n de los jud\u00edos de Espa\u00f1a provoc\u00f3 un empobrecimiento del capital humano en el pa\u00eds\u201d"},"content":{"rendered":"<figure id=\"attachment_30885438\" aria-describedby=\"caption-attachment-30885438\" style=\"width: 750px\" class=\"wp-caption aligncenter\"><a href=\"https:\/\/www.upo.es\/diario\/wp-content\/uploads\/2018\/06\/Pepa-Rull.-XVI-Cursos-de-Verano-UPO-6883-scaled.jpg\"><img loading=\"lazy\" decoding=\"async\" class=\"size-large wp-image-30885438\" src=\"https:\/\/www.upo.es\/diario\/wp-content\/uploads\/2018\/06\/Pepa-Rull.-XVI-Cursos-de-Verano-UPO-6883-750x500.jpg\" alt=\"Pepa Rull, fundadora y presidenta de la Asociaci\u00f3n Be Sepharad-Legado Sefard\u00ed\" width=\"750\" height=\"500\" srcset=\"https:\/\/www.upo.es\/diario\/wp-content\/uploads\/2018\/06\/Pepa-Rull.-XVI-Cursos-de-Verano-UPO-6883-750x500.jpg 750w, https:\/\/www.upo.es\/diario\/wp-content\/uploads\/2018\/06\/Pepa-Rull.-XVI-Cursos-de-Verano-UPO-6883-420x280.jpg 420w, https:\/\/www.upo.es\/diario\/wp-content\/uploads\/2018\/06\/Pepa-Rull.-XVI-Cursos-de-Verano-UPO-6883-768x512.jpg 768w, https:\/\/www.upo.es\/diario\/wp-content\/uploads\/2018\/06\/Pepa-Rull.-XVI-Cursos-de-Verano-UPO-6883-1536x1024.jpg 1536w, https:\/\/www.upo.es\/diario\/wp-content\/uploads\/2018\/06\/Pepa-Rull.-XVI-Cursos-de-Verano-UPO-6883-2048x1365.jpg 2048w, https:\/\/www.upo.es\/diario\/wp-content\/uploads\/2018\/06\/Pepa-Rull.-XVI-Cursos-de-Verano-UPO-6883-165x109.jpg 165w, https:\/\/www.upo.es\/diario\/wp-content\/uploads\/2018\/06\/Pepa-Rull.-XVI-Cursos-de-Verano-UPO-6883-1320x880.jpg 1320w\" sizes=\"auto, (max-width: 750px) 100vw, 750px\" \/><\/a><figcaption id=\"caption-attachment-30885438\" class=\"wp-caption-text\">Pepa Rull, fundadora y presidenta de la Asociaci\u00f3n Be Sepharad-Legado Sefard\u00ed<\/figcaption><\/figure>\n<p>Cuando los reyes Isabel y Fernando firman el Edicto de Granada en 1492, ordenando la expulsi\u00f3n de los jud\u00edos que no se convirtieran al catolicismo, Espa\u00f1a comenz\u00f3 a sufrir un \u201cindudable empobrecimiento empresarial y econ\u00f3mico\u201d, pero \u201cm\u00e1s importante fue, si cabe, el empobrecimiento de \u00edndole cient\u00edfico, intelectual, de capital humano en definitiva\u201d que se produjo en el pa\u00eds. En opini\u00f3n de <b>Pepa Rull<\/b>, fundadora y presidenta de la Asociaci\u00f3n Be Sepharad-Legado Sefard\u00ed, la repercusi\u00f3n econ\u00f3mica que acarre\u00f3 esta decisi\u00f3n pol\u00edtica de los Reyes Cat\u00f3licos en los a\u00f1os posteriores es dif\u00edcil de calcular en t\u00e9rminos cuantitativos, teniendo en cuenta que el pa\u00eds perdi\u00f3 \u201ca un pueblo experto y con habilidades innatas en muchos campos de la estructura administrativa y econ\u00f3mica\u201d. Una p\u00e9rdida que, no obstante, se pali\u00f3 entre otros motivos por la permanencia de los jud\u00edos conversos o la llegada de banqueros italianos al calor de las riquezas que gener\u00f3 el descubrimiento de Am\u00e9rica.<\/p>\n<p>En estos t\u00e9rminos se ha expresado Rull, que dirige el curso \u2018<b>Historia y cultura de los jud\u00edos de Sefarad<\/b>\u2019, que hoy se ha inaugurado en el marco de la XVI edici\u00f3n de los Cursos de Verano de la Universidad Pablo de Olavide en Carmona y que se prolongar\u00e1 hasta ma\u00f1ana jueves. Precisamente, la presidenta de la asociaci\u00f3n Be Sepharad-Legado Sefard\u00ed ha pronunciado la conferencia \u2018Los jud\u00edos de Sefarad: su lugar en la historia\u2019.<\/p>\n<p>Y es que, aunque el pueblo jud\u00edo \u2013que tuvo presencia ininterrumpida en Sefarad (la pen\u00ednsula ib\u00e9rica) desde la \u00e9poca romana hasta 1492- era una minor\u00eda desde el punto de vista cuantitativo, \u201cjug\u00f3 un papel muy importante en diversos campos, como el de la econom\u00eda o las finanzas, destacando durante siglos en diplomacia, relaciones internacionales, el desarrollo intelectual y del conocimiento o la ciencia, aportando a la historia de Espa\u00f1a no s\u00f3lo artesanos, comerciantes y banqueros, sino tambi\u00e9n grandes libreros, literatos, mecenas de la cultura, m\u00e9dicos, astr\u00f3nomos o cart\u00f3grafos\u201d, ha explicado la directora del curso.<\/p>\n<p>Todo este aporte econ\u00f3mico, cultural y cient\u00edfico se frustr\u00f3 en 1492 cuando, esgrimiendo motivos religiosos, los Reyes Cat\u00f3licos expulsan a los jud\u00edos que no abrazaran la fe cat\u00f3lica, si bien, en opini\u00f3n de Pepa Rull, se dieron otros motivos \u201cde \u00edndole pol\u00edtica, econ\u00f3mica y social\u201d, aunque el desencadenante directo fue \u201cla presi\u00f3n ejercida sobre los reyes Isabel y Fernando por parte de la Inquisici\u00f3n y la canalizaci\u00f3n del odio del pueblo llano, con un personaje central que supo jugar h\u00e1bilmente sus cartas: el inquisidor Torquemada\u201d, concluye.<\/p>\n<p>A partir de ah\u00ed, seg\u00fan la estimaci\u00f3n de algunos historiadores, al menos la mitad de los 80.000 jud\u00edos residentes en Espa\u00f1a tomaron el camino a la di\u00e1spora tras negarse a renegar de su fe. Seg\u00fan explica la directora del curso, \u201cinicialmente muchos pusieron rumbo a Portugal, el reino de Navarra y el norte de \u00c1frica, sobre todo a Marruecos, pero tambi\u00e9n a Italia, Pa\u00edses Bajos o Inglaterra\u201d. Una parte importante de ellos fueron \u201ca los territorios del entonces Imperio Otomano atendiendo al edicto de acogida del sult\u00e1n Bayaceto II y cre\u00e1ndose comunidades de sefard\u00edes muy pr\u00f3speras durante algunos siglos en ciudades como Sal\u00f3nica, Estambul o Esmirna\u201d, ha a\u00f1adido. Aunque no existen cifras suficientemente contrastadas que nos permitan conocer el n\u00famero actual de descendientes de jud\u00edos sefard\u00edes que hay en el mundo, Rull ha asegurado que \u201cla Uni\u00f3n Sefard\u00ed Mundial habla de entre 30 y 40 millones, si bien muchos de ellos ya no son jud\u00edos hoy en d\u00eda\u201d.<\/p>\n<p>Pero \u201chan seguido y siguen siendo Espa\u00f1a, civilizaci\u00f3n hisp\u00e1nica\u201d. Y desde el primer momento \u201cconservaron el judeoespa\u00f1ol o sefard\u00ed como lengua propia, as\u00ed como la gastronom\u00eda y las costumbres populares\u201d que hab\u00edan adquirido en su tierra, la a\u00f1orada Sefarad.<\/p>\n","protected":false},"excerpt":{"rendered":"<p>Cuando los reyes Isabel y Fernando firman el Edicto de Granada en 1492, ordenando la expulsi\u00f3n de los jud\u00edos que no se convirtieran al catolicismo, Espa\u00f1a comenz\u00f3 a sufrir un \u201cindudable empobrecimiento empresarial y econ\u00f3mico\u201d, pero \u201cm\u00e1s importante fue, si cabe, el empobrecimiento de \u00edndole cient\u00edfico, intelectual, de capital humano en definitiva\u201d que se produjo en el pa\u00eds. En opini\u00f3n de Pepa Rull, fundadora y presidenta de la Asociaci\u00f3n Be Sepharad-Legado Sefard\u00ed, la repercusi\u00f3n econ\u00f3mica que acarre\u00f3 esta decisi\u00f3n pol\u00edtica de los Reyes Cat\u00f3licos en los a\u00f1os posteriores es dif\u00edcil de calcular en t\u00e9rminos cuantitativos, teniendo en cuenta que el pa\u00eds perdi\u00f3 \u201ca un pueblo experto y con habilidades innatas en muchos campos de la estructura administrativa y econ\u00f3mica\u201d.<\/p>\n","protected":false},"author":14,"featured_media":30885438,"comment_status":"closed","ping_status":"open","sticky":false,"template":"","format":"standard","meta":{"_monsterinsights_skip_tracking":false,"_monsterinsights_sitenote_active":false,"_monsterinsights_sitenote_note":"","_monsterinsights_sitenote_category":0,"footnotes":""},"categories":[729],"tags":[5282,5834,1627,150,2995,519,4330],"class_list":["post-27165877","post","type-post","status-publish","format-standard","has-post-thumbnail","hentry","category-cursos-verano","tag-asociacion-be-sepharad","tag-cultura","tag-curso-de-verano","tag-historia","tag-judios","tag-olavide-en-carmona","tag-pepa-rull"],"_links":{"self":[{"href":"https:\/\/www.upo.es\/diario\/wp-json\/wp\/v2\/posts\/27165877","targetHints":{"allow":["GET"]}}],"collection":[{"href":"https:\/\/www.upo.es\/diario\/wp-json\/wp\/v2\/posts"}],"about":[{"href":"https:\/\/www.upo.es\/diario\/wp-json\/wp\/v2\/types\/post"}],"author":[{"embeddable":true,"href":"https:\/\/www.upo.es\/diario\/wp-json\/wp\/v2\/users\/14"}],"replies":[{"embeddable":true,"href":"https:\/\/www.upo.es\/diario\/wp-json\/wp\/v2\/comments?post=27165877"}],"version-history":[{"count":4,"href":"https:\/\/www.upo.es\/diario\/wp-json\/wp\/v2\/posts\/27165877\/revisions"}],"predecessor-version":[{"id":30885441,"href":"https:\/\/www.upo.es\/diario\/wp-json\/wp\/v2\/posts\/27165877\/revisions\/30885441"}],"wp:featuredmedia":[{"embeddable":true,"href":"https:\/\/www.upo.es\/diario\/wp-json\/wp\/v2\/media\/30885438"}],"wp:attachment":[{"href":"https:\/\/www.upo.es\/diario\/wp-json\/wp\/v2\/media?parent=27165877"}],"wp:term":[{"taxonomy":"category","embeddable":true,"href":"https:\/\/www.upo.es\/diario\/wp-json\/wp\/v2\/categories?post=27165877"},{"taxonomy":"post_tag","embeddable":true,"href":"https:\/\/www.upo.es\/diario\/wp-json\/wp\/v2\/tags?post=27165877"}],"curies":[{"name":"wp","href":"https:\/\/api.w.org\/{rel}","templated":true}]}}