{"id":27193861,"date":"2018-06-29T00:30:13","date_gmt":"2018-06-28T22:30:13","guid":{"rendered":"https:\/\/www.upo.es\/diario\/?p=27193861"},"modified":"2020-10-27T16:20:06","modified_gmt":"2020-10-27T15:20:06","slug":"el-rector-y-la-consejera-de-conocimiento-investigacion-y-universidad-inauguran-seis-nuevos-cursos-de-verano-de-la-upo","status":"publish","type":"post","link":"https:\/\/www.upo.es\/diario\/institucional\/2018\/06\/el-rector-y-la-consejera-de-conocimiento-investigacion-y-universidad-inauguran-seis-nuevos-cursos-de-verano-de-la-upo\/","title":{"rendered":"El rector y la consejera de Conocimiento, Investigaci\u00f3n y Universidad inauguran seis nuevos Cursos de Verano de la UPO"},"content":{"rendered":"<figure id=\"attachment_16779429\" aria-describedby=\"caption-attachment-16779429\" style=\"width: 320px\" class=\"wp-caption alignright\"><a href=\"https:\/\/www.upo.es\/diario\/wp-content\/uploads\/2016\/12\/Lina-Galvez_04.jpg\"><img loading=\"lazy\" decoding=\"async\" class=\"size-medium wp-image-16779429\" alt=\"Lina G\u00e1lvez, consejera de Conocimiento, Investigaci\u00f3n y Universidad\" src=\"https:\/\/www.upo.es\/diario\/wp-content\/uploads\/2016\/12\/Lina-Galvez_04-320x213.jpg\" width=\"320\" height=\"213\" srcset=\"https:\/\/www.upo.es\/diario\/wp-content\/uploads\/2016\/12\/Lina-Galvez_04-320x213.jpg 320w, https:\/\/www.upo.es\/diario\/wp-content\/uploads\/2016\/12\/Lina-Galvez_04-600x400.jpg 600w\" sizes=\"auto, (max-width: 320px) 100vw, 320px\" \/><\/a><figcaption id=\"caption-attachment-16779429\" class=\"wp-caption-text\">Lina G\u00e1lvez, consejera de Conocimiento, Investigaci\u00f3n y Universidad<\/figcaption><\/figure>\n<p>El pr\u00f3ximo lunes 3 de julio comienza la tercera semana de los <b>XVI Cursos de Verano<\/b> que la Universidad Pablo de Olavide celebra en su sede de Olavide en Carmona &#8211; Rectora Rosario Valpuesta con la inauguraci\u00f3n de seis nuevos seminarios. El rector de la Universidad Pablo de Olavide, <b>Vicente Guzm\u00e1n Fluja<\/b>; la consejera de Conocimiento, Investigaci\u00f3n y Universidad de la Junta de Andaluc\u00eda, <b>Lina G\u00e1lvez Mu\u00f1oz<\/b>; la presidenta del Consejo Social de la UPO, <b>Amparo Rubiales Torrej\u00f3n<\/b>; y el alcalde de Carmona, <b>Juan \u00c1vila Guti\u00e9rrez<\/b>, presidir\u00e1n el acto de inauguraci\u00f3n de la tercera semana de los cursos.<\/p>\n<p>El curso sobre \u2018<b>La mercantilizaci\u00f3n de los cuerpos y las vidas de las mujeres<\/b>\u2019, dirigido por la consejera Lina G\u00e1lvez y por <b>Blanca Rodr\u00edguez Ruiz<\/b>, profesora de Derecho Constitucional de la Universidad de Sevilla, comenzar\u00e1 a las 10:30 horas con una conferencia que lleva el mismo t\u00edtulo del curso y que impartir\u00e1n sus directoras. A las 11:15 horas, <b>Ana de Miguel \u00c1lvarez<\/b>, profesora de Filosof\u00eda Moral y Pol\u00edtica de la Universidad Rey Juan Carlos de Madrid; y la doctora <b>Mar\u00eda Eugenia Rodr\u00edguez Palop<\/b>, investigadora y profesora de Filosof\u00eda del Derecho de la Universidad Carlos III de Madrid, hablar\u00e1n sobre \u2018La biopol\u00edtica de la mercantilizaci\u00f3n\u2019. Para cerrar la jornada matinal, a las 13:00 horas se celebrar\u00e1 una \u2018Discusi\u00f3n abierta sobre la biopol\u00edtica de la mercantilizaci\u00f3n de los cuerpos y las vidas de las mujeres\u2019.<\/p>\n<p>Ya por la tarde, a las 16:00 horas se celebrar\u00e1 la mesa redonda \u2018Precariedad, mercantilizaci\u00f3n y rentas\u2019, en la que intervendr\u00e1n la profesora <b>Carmen Castro Garc\u00eda<\/b>, doctora en Econom\u00eda, investigadora especializada en Pol\u00edticas Europeas de G\u00e9nero y m\u00e1ster en Mainstreaming de G\u00e9nero; <b>Mar\u00eda Pazos<\/b>, matem\u00e1tica, investigadora sobre Econom\u00eda, Pol\u00edticas P\u00fablicas y Sistemas de Bienestar y activista social y feminista; y la profesora <b>Amaia P\u00e9rez-Orozco<\/b>, economista feminista y doctora en Econom\u00eda Internacional y Desarrollo por la Universidad Complutense de Madrid. La mesa ser\u00e1 moderada por <b>Pedro M. Rey Ara\u00fajo<\/b>, graduado en Econom\u00eda y doctorando en Econom\u00eda por la Universidad de Santiago de Compostela. A continuaci\u00f3n, a las 18:30 horas se celebrar\u00e1 una \u2018Discusi\u00f3n abierta sobre precarizaci\u00f3n y mercantilizaci\u00f3n de la existencia\u2019.<\/p>\n<p>Por otro lado, el pr\u00f3ximo lunes arrancar\u00e1 en el Hotel Alc\u00e1zar de la Reina el \u2018<b>Curso internacional sobre terrorismo yihadista<\/b>\u2019, que en su decimotercera edici\u00f3n estar\u00e1 dedicado a los \u2018Escenarios post-califato\u2019. La conferencia inaugural ser\u00e1 a las 11:00 horas y correr\u00e1 a cargo del director del seminario, <b>Manuel Ricardo Torres Soriano<\/b>, profesor del \u00c1rea de Ciencia Pol\u00edtica y de la Administraci\u00f3n del Departamento de Derecho P\u00fablico de la Universidad Pablo de Olavide, quien disertar\u00e1 sobre \u2018La doctrina yihadista sobre el control del territorio\u2019. M\u00e1s tarde, a las 12:15 horas, <b>Javier Jord\u00e1n<\/b>, profesor de Ciencia Pol\u00edtica de la Universidad de Granada, hablar\u00e1 sobre \u2018El uso de fuerzas de operaciones especiales contra el terrorismo yihadista\u2019, mientras que a las 13:00 horas tendr\u00e1 lugar la conferencia \u2018Terrorismo y radicalizaci\u00f3n: el enfoque desde la perspectiva de Estados Unidos\u2019, que pronunciar\u00e1 <b>Walter Murray<\/b>, agregado pol\u00edtico-militar de la Embajada de los Estados Unidos de Am\u00e9rica en Espa\u00f1a.<\/p>\n<p>El curso se reanudar\u00e1 a las 16:00 horas con la mesa redonda \u2018La l\u00f3gica pol\u00edtica del terrorismo yihadista\u2019, en la que participar\u00e1n el doctor <b>Emilio S\u00e1nchez de Rojas<\/b>, coronel del Ej\u00e9rcito de Tierra y analista principal del Instituto Espa\u00f1ol de Estudios Estrat\u00e9gicos; y el doctor <b>Diego Muro<\/b>, profesor de Relaciones Internacionales en el Handa Centre for the Study of Terrorism and Political Violence de la Universidad de St. Andrews (Reino Unido).<\/p>\n<p>El lunes se inaugura tambi\u00e9n un curso sobre \u2018<b>Bioeconom\u00eda circular<\/b>\u2019 dirigido por <b>Mar\u00eda P\u00e9rez Fern\u00e1ndez<\/b>, profesora de la UPO; <b>Roc\u00edo Rodr\u00edguez Arcos<\/b>, <b>Ana Jim\u00e9nez Ara\u00fajo<\/b> y <b>Rafael Guill\u00e9n<\/b>, del Instituto de la Grasa del Consejo Superior de Investigaciones Cient\u00edficas (CSIC). A las 11:00 horas tendr\u00e1 lugar la conferencia inaugural, que impartir\u00e1 <b>Javier Cach\u00f3n de Mesa<\/b>, director general de Calidad y Evaluaci\u00f3n Ambiental y Medio Natural del Ministerio de Agricultura y Pesca, Alimentaci\u00f3n y Medio Ambiente. Una hora m\u00e1s tarde, <b>Fernando Mart\u00ednez<\/b>, director general de Prevenci\u00f3n y Calidad Ambiental de la Consejer\u00eda de Medio Ambiente y Ordenaci\u00f3n del Territorio de la Junta de Andaluc\u00eda, disertar\u00e1 sobre \u2018Presentaci\u00f3n de las acciones en materia de econom\u00eda circular en Andaluc\u00eda\u2019, cerrando la sesi\u00f3n matinal a las 13:00 horas <b>Judit Anda Ugarte<\/b>, de la Consejer\u00eda de Agricultura, Pesca y Desarrollo Rural de la Junta de Andaluc\u00eda, con la conferencia \u2018Presentaci\u00f3n de la estrategia andaluza de Bioeconom\u00eda\u2019. Por la tarde, a las 16:00 horas, se impartir\u00e1 el taller \u2018Econom\u00eda circular\u2019, a cargo de <b>Ana Isabel Rodr\u00edguez<\/b>, directora ejecutiva de la Fundaci\u00f3n para la Econom\u00eda Circular; y la doctora <b>Mar\u00eda P\u00e9rez Fern\u00e1ndez<\/b>, profesora del Departamento de Sistemas F\u00edsicos, Qu\u00edmicos y Naturales de la Universidad Pablo de Olavide.<\/p>\n<p>Otro de los seminarios que comenzar\u00e1 el lunes es la segunda edici\u00f3n de \u2018<b>Coaching: una nueva herramienta para la mejora educativa<\/b>\u2019, que dirige <b>Gema Sancho Zamora<\/b>, coach certificado por la International Coach Federation y m\u00e1ster en Psicolog\u00eda del Coaching por la UNED, y que ser\u00e1 impartido por esta experta. \u2018\u00bfEstamos educando en piloto autom\u00e1tico?\u2019 es el t\u00edtulo de la conferencia inaugural que pronunciar\u00e1 Sancho a las 10:30 horas, a la que seguir\u00e1 a las 12:30 horas la ponencia \u2018Coaching educativo: \u00bfc\u00f3mo, para qu\u00e9, con qui\u00e9n?\u2019. En la sesi\u00f3n de tarde se impartir\u00e1n los talleres \u2018Te comprendo y adem\u00e1s t\u00fa lo notas\u2019 -16:00 horas- y \u2018Una buena comunicaci\u00f3n empieza por una buena escucha\u2019, a las 17:30 horas.<\/p>\n<p>La segunda edici\u00f3n del \u2018<b>Curso de capacitaci\u00f3n para instructores de ajedrez<\/b>\u2019 se impartir\u00e1 entre el lunes y el martes pr\u00f3ximos bajo la direcci\u00f3n del doctor <b>Eugenio M. Fedriani Martel<\/b>, vicerrector de Planificaci\u00f3n Docente y profesor del Departamento de Econom\u00eda, M\u00e9todos Cuantitativos e Historia Econ\u00f3mica de la Universidad Pablo de Olavide, quien abrir\u00e1 el curso a las 11:00 horas del lunes hablando sobre \u2018Objetivos de la formaci\u00f3n ajedrec\u00edstica. Historia del ajedrez\u2019. A las 12:30 horas, <b>Daniel Escobar Dom\u00ednguez<\/b>, director escolar de la Federaci\u00f3n Espa\u00f1ola de Ajedrez (FEDA), pronunciar\u00e1 la conferencia \u2018Orientaciones metodol\u00f3gicas. Estructura federativa y competiciones\u2019. Durante la jornada de la tarde, que comenzar\u00e1 a las 16:00 horas, el propio director escolar de la FEDA impartir\u00e1 sendos talleres sobre \u2018Reglas del juego\u2019 y \u2018Programaci\u00f3n de actividades. Medios did\u00e1cticos\u2019 hasta las 20:30 horas.<\/p>\n<p>Por \u00faltimo, el lunes se inaugura el curso \u2018<b>Moda e innovaci\u00f3n. Explorando los l\u00edmites de la creatividad<\/b>\u2019, que dirige la doctora <b>Mar\u00eda Luisa Notario Rocha<\/b>, profesora del Departamento de Comunicaci\u00f3n y Dise\u00f1o del Centro Universitario San Isidoro, adscrito a la Universidad Pablo de Olavide. <b>Reyes Hell\u00edn<\/b>, dise\u00f1adora de tocados y sombreros, pronunciar\u00e1 la conferencia inaugural a las 11:00 horas con el t\u00edtulo \u2018Crear a trav\u00e9s de creer en uno mismo\u2019. A las 12:30 horas, <b>Miguel Garc\u00eda Fern\u00e1ndez<\/b>, managing director de Fern\u00e1ndez y Roche, hablar\u00e1 sobre \u2018La internacionalizaci\u00f3n en la producci\u00f3n de moda. El caso Fern\u00e1ndez Roche\u2019.<\/p>\n<p>El seminario se reanudar\u00e1 por la tarde a las 16:00 horas con una mesa redonda sobre \u2018Nuevas reglas del juego en la comunicaci\u00f3n de moda: agentes tradicionales versus nuevos\u2019, en la que participar\u00e1n <b>Alba Mart\u00ednez<\/b>, Brand manager de la empresa Influencity; <b>Lola Jim\u00e9nez<\/b>, empresaria y fundadora de la firma Panambi; <b>Roc\u00edo Olid Fiances<\/b>, estilista y profesora de la Escuela de Dise\u00f1o Ceade-Leonardo; y <b>Jes\u00fas Isnard<\/b>, fot\u00f3grafo de moda. Ser\u00e1 moderada por la profesora <b>Mar\u00eda Luisa Notario<\/b>. A continuaci\u00f3n, a las 18:00 horas, tendr\u00e1 lugar la conferencia \u2018Influencers y holdings empresariales de moda y lujo. Factores impl\u00edcitos y expl\u00edcitos en una relaci\u00f3n comunicativa y de consumo sin l\u00edmites\u2019, que correr\u00e1 a cargo de <b>Sergio Luque Ortiz<\/b>, doctor en Comunicaci\u00f3n, licenciado en Periodismo y profesor de la Escuela de Dise\u00f1o Ceade-Leonardo.<\/p>\n","protected":false},"excerpt":{"rendered":"<p>El pr\u00f3ximo lunes 3 de julio comienza la tercera semana de los XVI Cursos de Verano que la Universidad Pablo de Olavide celebra en su sede de Olavide en Carmona &#8211; Rectora Rosario Valpuesta con la inauguraci\u00f3n de seis nuevos seminarios. El rector de la Universidad Pablo de Olavide, Vicente Guzm\u00e1n Fluja; la consejera de Conocimiento, Investigaci\u00f3n y Universidad de la Junta de Andaluc\u00eda, Lina G\u00e1lvez Mu\u00f1oz; la presidenta del Consejo Social de la UPO, Amparo Rubiales Torrej\u00f3n; y el alcalde de Carmona, Juan \u00c1vila Guti\u00e9rrez, presidir\u00e1n el acto de inauguraci\u00f3n de la tercera semana de los cursos.<\/p>\n","protected":false},"author":14,"featured_media":0,"comment_status":"closed","ping_status":"open","sticky":false,"template":"","format":"standard","meta":{"_monsterinsights_skip_tracking":false,"_monsterinsights_sitenote_active":false,"_monsterinsights_sitenote_note":"","_monsterinsights_sitenote_category":0,"footnotes":""},"categories":[6],"tags":[1914,5303,757,5302,22,890,1610,233,519,38,2835],"class_list":["post-27193861","post","type-post","status-publish","format-standard","hentry","category-institucional","tag-ajedrez","tag-bioeconomia","tag-coaching","tag-consejera-de-conocimiento-investigacion-y-universidad","tag-cursos-de-verano","tag-feminismo","tag-moda","tag-mujer","tag-olavide-en-carmona","tag-rector","tag-terrorismo-yihadista"],"_links":{"self":[{"href":"https:\/\/www.upo.es\/diario\/wp-json\/wp\/v2\/posts\/27193861","targetHints":{"allow":["GET"]}}],"collection":[{"href":"https:\/\/www.upo.es\/diario\/wp-json\/wp\/v2\/posts"}],"about":[{"href":"https:\/\/www.upo.es\/diario\/wp-json\/wp\/v2\/types\/post"}],"author":[{"embeddable":true,"href":"https:\/\/www.upo.es\/diario\/wp-json\/wp\/v2\/users\/14"}],"replies":[{"embeddable":true,"href":"https:\/\/www.upo.es\/diario\/wp-json\/wp\/v2\/comments?post=27193861"}],"version-history":[{"count":3,"href":"https:\/\/www.upo.es\/diario\/wp-json\/wp\/v2\/posts\/27193861\/revisions"}],"predecessor-version":[{"id":27236492,"href":"https:\/\/www.upo.es\/diario\/wp-json\/wp\/v2\/posts\/27193861\/revisions\/27236492"}],"wp:attachment":[{"href":"https:\/\/www.upo.es\/diario\/wp-json\/wp\/v2\/media?parent=27193861"}],"wp:term":[{"taxonomy":"category","embeddable":true,"href":"https:\/\/www.upo.es\/diario\/wp-json\/wp\/v2\/categories?post=27193861"},{"taxonomy":"post_tag","embeddable":true,"href":"https:\/\/www.upo.es\/diario\/wp-json\/wp\/v2\/tags?post=27193861"}],"curies":[{"name":"wp","href":"https:\/\/api.w.org\/{rel}","templated":true}]}}