{"id":27237058,"date":"2018-07-02T12:48:05","date_gmt":"2018-07-02T10:48:05","guid":{"rendered":"https:\/\/www.upo.es\/diario\/?p=27237058"},"modified":"2020-10-27T16:20:26","modified_gmt":"2020-10-27T15:20:26","slug":"ceremonia-de-graduacion-de-ingenieria-informatica-en-sistemas-de-informacion-de-la-upo","status":"publish","type":"post","link":"https:\/\/www.upo.es\/diario\/institucional\/2018\/07\/ceremonia-de-graduacion-de-ingenieria-informatica-en-sistemas-de-informacion-de-la-upo\/","title":{"rendered":"Ceremonia de graduaci\u00f3n de Ingenier\u00eda Inform\u00e1tica en Sistemas de Informaci\u00f3n de la UPO"},"content":{"rendered":"<figure id=\"attachment_27237059\" aria-describedby=\"caption-attachment-27237059\" style=\"width: 600px\" class=\"wp-caption aligncenter\"><a href=\"https:\/\/www.upo.es\/diario\/wp-content\/uploads\/2018\/07\/Egresados-EPS_20180629.jpg\"><img loading=\"lazy\" decoding=\"async\" class=\"size-large wp-image-27237059\" alt=\"Promoci\u00f3n 2014-2018 del Grado en Ingenier\u00eda Inform\u00e1tica en Sistemas de Informaci\u00f3n\" src=\"https:\/\/www.upo.es\/diario\/wp-content\/uploads\/2018\/07\/Egresados-EPS_20180629-600x400.jpg\" width=\"600\" height=\"400\" \/><\/a><figcaption id=\"caption-attachment-27237059\" class=\"wp-caption-text\">Promoci\u00f3n 2014-2018 del Grado en Ingenier\u00eda Inform\u00e1tica en Sistemas de Informaci\u00f3n<\/figcaption><\/figure>\n<p>La ceremonia de graduaci\u00f3n de la promoci\u00f3n 2014-2018 del <b>Grado en Ingenier\u00eda Inform\u00e1tica en Sistemas de Informaci\u00f3n<\/b> se celebr\u00f3 el viernes 29 de junio en el Paraninfo de la Universidad Pablo de Olavide, presidida por el director de la Escuela Polit\u00e9cnica Superior, <b>Norberto D\u00edaz D\u00edaz<\/b>.<\/p>\n<p>El padrino de la promoci\u00f3n ha sido <b>Domingo Savio Rodr\u00edguez Baena, <\/b>profesor del \u00c1rea de Lenguaje y Sistemas Inform\u00e1ticos de la UPO. A la ceremonia tambi\u00e9n asisti\u00f3 <b>Mar\u00eda Pilar Moreno Navarro<\/b>, directora acad\u00e9mica del Grado en Ingenier\u00eda Inform\u00e1tica en Sistemas de Informaci\u00f3n.<\/p>\n<p>Por otra parte, durante el acto se hizo entrega al profesorado galardonado con los Premios Docentia, el Programa de Apoyo a la Evaluaci\u00f3n de la Actividad Docente del Profesorado Universitario de ANECA, que recayeron en los profesores y profesoras: <b>Carlos David Barranco Gonz\u00e1lez, Manuel B\u00e9jar Dom\u00ednguez, Norberto D\u00edaz D\u00edaz, Federico Divina Divina, Francisco Mart\u00ednez \u00c1lvarez, Luis Merino Caba\u00f1as, Domingo Savio Rodr\u00edguez Baena, Feliciano Carlos de Soto Borrero, \u00c1ngel Francisco Tenorio Villal\u00f3n <\/b>y<b> Alicia Troncoso Lora<\/b>.<\/p>\n<p><b>Aar\u00f3n G\u00f3mez Barroso<\/b> fue el encargado de pronunciar el discurso en representaci\u00f3n del alumnado egresado. Un total de 19 egresados y egresadas han asistido, junto a sus familiares, a este acto con el que la Universidad Pablo de Olavide recupera una antigua tradici\u00f3n de las universidades europeas.<\/p>\n","protected":false},"excerpt":{"rendered":"<p>La ceremonia de graduaci\u00f3n de la promoci\u00f3n 2014-2018 del Grado en Ingenier\u00eda Inform\u00e1tica en Sistemas de Informaci\u00f3n se celebr\u00f3 el viernes 29 de junio en el Paraninfo de la Universidad Pablo de Olavide, presidida por el director de la Escuela Polit\u00e9cnica Superior, Norberto D\u00edaz D\u00edaz. El padrino de la promoci\u00f3n ha sido Domingo Savio Rodr\u00edguez Baena, profesor del \u00c1rea de Lenguaje y Sistemas Inform\u00e1ticos de la UPO. <\/p>\n","protected":false},"author":14,"featured_media":0,"comment_status":"closed","ping_status":"open","sticky":false,"template":"","format":"standard","meta":{"_monsterinsights_skip_tracking":false,"_monsterinsights_sitenote_active":false,"_monsterinsights_sitenote_note":"","_monsterinsights_sitenote_category":0,"footnotes":""},"categories":[6],"tags":[1601,5074,669,152,1621,5309],"class_list":["post-27237058","post","type-post","status-publish","format-standard","hentry","category-institucional","tag-aneca","tag-ceremonia-de-graduacion","tag-egresados","tag-escuela-politecnica-superior","tag-ingenieria-informatica-en-sistemas-de-informacion","tag-premios-docentia"],"_links":{"self":[{"href":"https:\/\/www.upo.es\/diario\/wp-json\/wp\/v2\/posts\/27237058","targetHints":{"allow":["GET"]}}],"collection":[{"href":"https:\/\/www.upo.es\/diario\/wp-json\/wp\/v2\/posts"}],"about":[{"href":"https:\/\/www.upo.es\/diario\/wp-json\/wp\/v2\/types\/post"}],"author":[{"embeddable":true,"href":"https:\/\/www.upo.es\/diario\/wp-json\/wp\/v2\/users\/14"}],"replies":[{"embeddable":true,"href":"https:\/\/www.upo.es\/diario\/wp-json\/wp\/v2\/comments?post=27237058"}],"version-history":[{"count":2,"href":"https:\/\/www.upo.es\/diario\/wp-json\/wp\/v2\/posts\/27237058\/revisions"}],"predecessor-version":[{"id":30862596,"href":"https:\/\/www.upo.es\/diario\/wp-json\/wp\/v2\/posts\/27237058\/revisions\/30862596"}],"wp:attachment":[{"href":"https:\/\/www.upo.es\/diario\/wp-json\/wp\/v2\/media?parent=27237058"}],"wp:term":[{"taxonomy":"category","embeddable":true,"href":"https:\/\/www.upo.es\/diario\/wp-json\/wp\/v2\/categories?post=27237058"},{"taxonomy":"post_tag","embeddable":true,"href":"https:\/\/www.upo.es\/diario\/wp-json\/wp\/v2\/tags?post=27237058"}],"curies":[{"name":"wp","href":"https:\/\/api.w.org\/{rel}","templated":true}]}}