{"id":27247686,"date":"2018-07-02T17:17:31","date_gmt":"2018-07-02T17:17:31","guid":{"rendered":"https:\/\/www.upo.es\/diario\/?p=27247686"},"modified":"2018-07-03T07:17:42","modified_gmt":"2018-07-03T07:17:42","slug":"lina-galvez-denuncia-la-mercantilizacion-del-cuerpo-de-las-mujeres-en-asuntos-como-los-vientres-de-alquiler","status":"publish","type":"post","link":"https:\/\/www.upo.es\/diario\/cursos-verano\/2018\/07\/lina-galvez-denuncia-la-mercantilizacion-del-cuerpo-de-las-mujeres-en-asuntos-como-los-vientres-de-alquiler\/","title":{"rendered":"Lina G\u00e1lvez denuncia la \u201cmercantilizaci\u00f3n\u201d del cuerpo de las mujeres en asuntos como los vientres de alquiler"},"content":{"rendered":"<figure id=\"attachment_27247688\" aria-describedby=\"caption-attachment-27247688\" style=\"width: 600px\" class=\"wp-caption aligncenter\"><a href=\"https:\/\/www.upo.es\/diario\/wp-content\/uploads\/2018\/07\/Lina-G\u00e1lvez.-XVI-Cursos-de-Verano-UPO.jpg\"><img loading=\"lazy\" decoding=\"async\" class=\"size-large wp-image-27247688\" alt=\"Lina G\u00e1lvez en los Cursos de Verano de la UPO\" src=\"https:\/\/www.upo.es\/diario\/wp-content\/uploads\/2018\/07\/Lina-G\u00e1lvez.-XVI-Cursos-de-Verano-UPO-600x400.jpg\" width=\"600\" height=\"400\" srcset=\"https:\/\/www.upo.es\/diario\/wp-content\/uploads\/2018\/07\/Lina-G\u00e1lvez.-XVI-Cursos-de-Verano-UPO-600x400.jpg 600w, https:\/\/www.upo.es\/diario\/wp-content\/uploads\/2018\/07\/Lina-G\u00e1lvez.-XVI-Cursos-de-Verano-UPO-320x213.jpg 320w\" sizes=\"auto, (max-width: 600px) 100vw, 600px\" \/><\/a><figcaption id=\"caption-attachment-27247688\" class=\"wp-caption-text\">Lina G\u00e1lvez en los Cursos de Verano de la UPO<\/figcaption><\/figure>\n<p>La consejera de Conocimiento, Investigaci\u00f3n y Universidad de la Junta de Andaluc\u00eda, <strong>Lina G\u00e1lvez<\/strong>, ha denunciado lo que considera un avance durante los \u00faltimos tiempos de la \u201cmercantilizaci\u00f3n del cuerpo y de la vida de las mujeres\u201d a trav\u00e9s de una \u201cincorporaci\u00f3n desigual y segregada\u201d a los mercados de trabajo, de la \u201cdesaparici\u00f3n de determinados derechos y servicios sociales que hacen que determinadas cuestiones recaigan en los hombros de las mujeres, con nuestra especializaci\u00f3n hist\u00f3rica y social en los cuidados\u201d, pero tambi\u00e9n unos avances en la \u201cmercantilizaci\u00f3n\u201d del cuerpo de las mujeres \u201cen la proliferaci\u00f3n de la trata, de la prostituci\u00f3n o de una pr\u00e1ctica que incluso se ve bien por parte de la poblaci\u00f3n, como es el de los vientres de alquiler y que, en definitiva, est\u00e1 mercantilizando el vientre de las mujeres, principalmente de aqu\u00e9llas que tienen menos recursos\u201d, ha subrayado.<\/p>\n<p>G\u00e1lvez ha hecho estas consideraciones despu\u00e9s de inaugurar la tercera semana de los cursos de verano de la Universidad Pablo de Olavide en Carmona y antes de intervenir en el<strong> curso \u2018La mercantilizaci\u00f3n de los cuerpos y las vidas de las mujeres\u2019<\/strong>, que codirige la consejera en su calidad de catedr\u00e1tica de Historia e Instituciones Econ\u00f3micas de la UPO junto a Blanca Rodr\u00edguez Ruiz, profesora del \u00c1rea de Derecho Constitucional de la Universidad de Sevilla.<\/p>\n<p>A juicio de Lina G\u00e1lvez, son necesarias \u201cmedidas espec\u00edficas de igualdad\u201d y una \u201ctransversalidad real para que el c\u00edrculo vicioso que tenemos en la actualidad se convierta en un c\u00edrculo virtuoso\u201d en el que se puedan abordar estos asuntos con \u201ctotal libertad\u201d desde la educaci\u00f3n, donde las oportunidades en el mercado de trabajo sean reales y que haya mujeres \u201cen los puestos importantes de toma de decisiones para que las ni\u00f1as se vean reflejadas: no podemos perder el talento de las ni\u00f1as ni relegarlas a los espacios tradicionales\u201d, ha resumido. Por este motivo, ha anunciado que una de sus prioridades al frente de la Consejer\u00eda ser\u00e1 \u201cincorporar las cuestiones de igualdad a un \u00e1rea en la que no siempre han estado presentes, como es la universidad, y tambi\u00e9n al terreno econ\u00f3mico, estableciendo sinergias y siempre sobre dos pilares: que el crecimiento se haga con igualdad y con una generaci\u00f3n de riqueza fijada al territorio\u201d.<\/p>\n<p>En este sentido, la nueva consejera del Ejecutivo andaluz ha reconocido que el pasado 8M supuso un punto de inflexi\u00f3n en la lucha de las mujeres por la igualdad \u201cen tanto y en cuanto que hubo amplias capas de la poblaci\u00f3n que entendieron esa reivindicaci\u00f3n, cada una desde su propia realidad\u201d, si bien ha aclarado que los logros del movimiento feminista se deben a la labor de \u201cmuchas mujeres y hombres que llevan a\u00f1os trabajando por la igualdad, para que la sociedad entienda que el feminismo no es supremacista, que las mujeres no queremos estar por encima de los hombres, sino que lo que propugna la igualdad real y efectiva\u201d.<\/p>\n<p>Cuestionada sobre la puesta en libertad provisional de los cinco condenados en el caso conocido como la manada, Lina G\u00e1lvez ha se\u00f1alado que \u201chay que respetar siempre las decisiones judiciales\u201d, pero que, en su opini\u00f3n, \u201cestamos ante una justicia patriarcal que no se ha formado en igualdad de g\u00e9nero y que necesita estar sensibilizada en esta materia\u201d, ya que \u201cresponde a unos criterios patriarcales que no son los que necesitamos para avanzar en igualdad\u201d. En este sentido, ha subrayado que \u201cse puede mejorar la legislaci\u00f3n, pero tambi\u00e9n se puede mejorar la formaci\u00f3n de jueces y juezas para que hagan una interpretaci\u00f3n de las leyes m\u00e1s acordes con los tiempos y la igualdad que necesitamos las mujeres\u201d.<\/p>\n<p>Por \u00faltimo, la consejera ha recordado que ostent\u00f3 la responsabilidad de organizar los cursos de verano de la UPO entre los a\u00f1os 2007 y 2012, cuando ocup\u00f3 el cargo de vicerrectora de Postgrado y Formaci\u00f3n Permanente, programa formativo que ha definido como \u201cel gran escaparate de la Universidad Pablo de Olavide\u201d y su \u201cojito derecho\u201d, tanto en la gesti\u00f3n de los cursos como en la utilizaci\u00f3n de la Casa Palacio de los Briones para otros actos \u201cde car\u00e1cter cient\u00edfico y acad\u00e9mico\u201d. \u201cEl buen hacer de la UPO es un sello de calidad para toda la UPO\u201d, ha concluido.<\/p>\n<p>&nbsp;<\/p>\n","protected":false},"excerpt":{"rendered":"<p>La consejera de Conocimiento, Investigaci\u00f3n y Universidad de la Junta de Andaluc\u00eda, Lina G\u00e1lvez, ha denunciado lo que considera un avance durante los \u00faltimos tiempos de la \u201cmercantilizaci\u00f3n del cuerpo y de la vida de las mujeres\u201d a trav\u00e9s de una \u201cincorporaci\u00f3n desigual y segregada\u201d a los mercados de trabajo, de la \u201cdesaparici\u00f3n de determinados derechos y servicios sociales que hacen que determinadas cuestiones recaigan en los hombros de las mujeres, con nuestra especializaci\u00f3n hist\u00f3rica y social en los cuidados\u201d, pero tambi\u00e9n unos avances en la \u201cmercantilizaci\u00f3n\u201d del cuerpo de las mujeres \u201cen la proliferaci\u00f3n de la trata, de la prostituci\u00f3n o de una pr\u00e1ctica que incluso se ve bien por parte de la poblaci\u00f3n, como es el de los vientres de alquiler y que, en definitiva, est\u00e1 mercantilizando el vientre de las mujeres, principalmente de aqu\u00e9llas que tienen menos recursos\u201d, ha subrayado.<\/p>\n","protected":false},"author":6,"featured_media":27247690,"comment_status":"closed","ping_status":"open","sticky":false,"template":"","format":"standard","meta":{"_monsterinsights_skip_tracking":false,"_monsterinsights_sitenote_active":false,"_monsterinsights_sitenote_note":"","_monsterinsights_sitenote_category":0,"footnotes":""},"categories":[729],"tags":[4453,22,890,2349,517,203,898],"class_list":["post-27247686","post","type-post","status-publish","format-standard","has-post-thumbnail","hentry","category-cursos-verano","tag-consejeria","tag-cursos-de-verano","tag-feminismo","tag-genero-e-igualdad","tag-igualdad","tag-junta-de-andalucia","tag-lina-galvez"],"_links":{"self":[{"href":"https:\/\/www.upo.es\/diario\/wp-json\/wp\/v2\/posts\/27247686","targetHints":{"allow":["GET"]}}],"collection":[{"href":"https:\/\/www.upo.es\/diario\/wp-json\/wp\/v2\/posts"}],"about":[{"href":"https:\/\/www.upo.es\/diario\/wp-json\/wp\/v2\/types\/post"}],"author":[{"embeddable":true,"href":"https:\/\/www.upo.es\/diario\/wp-json\/wp\/v2\/users\/6"}],"replies":[{"embeddable":true,"href":"https:\/\/www.upo.es\/diario\/wp-json\/wp\/v2\/comments?post=27247686"}],"version-history":[{"count":3,"href":"https:\/\/www.upo.es\/diario\/wp-json\/wp\/v2\/posts\/27247686\/revisions"}],"predecessor-version":[{"id":27247693,"href":"https:\/\/www.upo.es\/diario\/wp-json\/wp\/v2\/posts\/27247686\/revisions\/27247693"}],"wp:featuredmedia":[{"embeddable":true,"href":"https:\/\/www.upo.es\/diario\/wp-json\/wp\/v2\/media\/27247690"}],"wp:attachment":[{"href":"https:\/\/www.upo.es\/diario\/wp-json\/wp\/v2\/media?parent=27247686"}],"wp:term":[{"taxonomy":"category","embeddable":true,"href":"https:\/\/www.upo.es\/diario\/wp-json\/wp\/v2\/categories?post=27247686"},{"taxonomy":"post_tag","embeddable":true,"href":"https:\/\/www.upo.es\/diario\/wp-json\/wp\/v2\/tags?post=27247686"}],"curies":[{"name":"wp","href":"https:\/\/api.w.org\/{rel}","templated":true}]}}