{"id":27248825,"date":"2018-07-03T09:30:40","date_gmt":"2018-07-03T07:30:40","guid":{"rendered":"https:\/\/www.upo.es\/diario\/?p=27248825"},"modified":"2020-10-27T16:20:33","modified_gmt":"2020-10-27T15:20:33","slug":"la-upo-abre-la-iii-convocatoria-de-acciones-de-intervencion-social-a-traves-de-las-artes","status":"publish","type":"post","link":"https:\/\/www.upo.es\/diario\/cultura\/2018\/07\/la-upo-abre-la-iii-convocatoria-de-acciones-de-intervencion-social-a-traves-de-las-artes\/","title":{"rendered":"La UPO abre la III Convocatoria de \u201cAcciones de Intervenci\u00f3n Social a trav\u00e9s de las Artes\u201d"},"content":{"rendered":"<figure id=\"attachment_27249397\" aria-describedby=\"caption-attachment-27249397\" style=\"width: 600px\" class=\"wp-caption aligncenter\"><a href=\"https:\/\/www.upo.es\/diario\/wp-content\/uploads\/2018\/07\/en-poligono-sur-las-calles-tambien-son-nuestras.jpg\"><img loading=\"lazy\" decoding=\"async\" class=\"size-large wp-image-27249397\" alt=\"Proyecto desarrollado en Pol\u00edgono Sur\" src=\"https:\/\/www.upo.es\/diario\/wp-content\/uploads\/2018\/07\/en-poligono-sur-las-calles-tambien-son-nuestras-600x447.jpg\" width=\"600\" height=\"447\" \/><\/a><figcaption id=\"caption-attachment-27249397\" class=\"wp-caption-text\">Proyecto desarrollado en Pol\u00edgono Sur<\/figcaption><\/figure>\n<p>La Universidad Pablo de Olavide ha abierto la <b>III Convocatoria de \u201cAcciones de Intervenci\u00f3n Social a trav\u00e9s de las Artes\u201d<\/b> que estar\u00e1 vigente hasta el viernes 13 de julio. Esta iniciativa se enmarca en la sexta edici\u00f3n del Proyecto Atalaya \u201cArte y Compromiso. Experiencias para el cambio social\u201d que coordina la UPO a trav\u00e9s del Servicio de Extensi\u00f3n Cultural. Esta iniciativa est\u00e1 dirigida a estudiantes de grado de todas las universidades p\u00fablicas andaluzas, aunque no es un requisito indispensable que los equipos est\u00e9n formados completamente por miembros de la comunidad universitaria.<\/p>\n<p>El objetivo principal de esta convocatoria es favorecer la participaci\u00f3n de la comunidad de estudiantes mediante la presentaci\u00f3n de acciones de intervenci\u00f3n que, utilizando herramientas proporcionadas por las Artes en general, promuevan procesos transformadores en contra de la exclusi\u00f3n social en contextos locales. Una comisi\u00f3n especializada se encargar\u00e1 de valorar las propuestas de los estudiantes y seleccionar\u00e1 al menos un proyecto por cada universidad hasta un m\u00e1ximo de diez atendiendo a criterios como su car\u00e1cter innovador y creativo.<\/p>\n<p>Los proyectos seleccionados recibir\u00e1n todo el apoyo necesario para su puesta en marcha y ser\u00e1n desarrollados entre los meses de septiembre y noviembre de 2018. Para ello, cada proyecto deber\u00e1 estar fundamentado en un diagn\u00f3stico social debidamente justificado: con objetivos generales y espec\u00edficos definidos; acompa\u00f1ado de un listado de acciones a realizar; planificado en el tiempo y seg\u00fan los recursos humanos y materiales; con un presupuesto desglosado; con la valoraci\u00f3n de las sinergias necesarias a establecer con entidades y asociaciones del territorio; y proyectado para la evaluaci\u00f3n de resultados a trav\u00e9s de indicadores cuantitativos y cualitativos.<\/p>\n<p>El Vicerrectorado de Cultura y Compromiso Social de la UPO, a trav\u00e9s del Servicio de Extensi\u00f3n Cultural, coordina Arte y Compromiso. Experiencias para el cambio social desde el curso 2013\/14. Esta actividad est\u00e1 ligada directamente al compromiso de la Pablo de Olavide con su entorno, entendido en todas sus dimensiones. El proyecto naci\u00f3 con el objetivo de fortalecer el deber de la instituci\u00f3n con la sociedad en la que desarrolla su labor, por lo que sus acciones se centran en trazar itinerarios que favorezcan espacios de investigaci\u00f3n en los que las disciplinas art\u00edsticas se acerquen a las problem\u00e1ticas sociales.<\/p>\n<ul>\n<li>\u00a0M\u00e1s informaci\u00f3n sobre la <a href=\"http:\/\/www.arteycompromiso.com\/wp-content\/uploads\/2017\/11\/III-Convocatoria_Atalaya_AccionesItervenci%C3%B3n-Artes-.pdf\">III Convocatoria de \u201cAcciones de Intervenci\u00f3n Social a trav\u00e9s de las Artes\u201d<\/a><\/li>\n<\/ul>\n","protected":false},"excerpt":{"rendered":"<p>La Universidad Pablo de Olavide ha abierto la III Convocatoria de \u201cAcciones de Intervenci\u00f3n Social a trav\u00e9s de las Artes\u201d que estar\u00e1 vigente hasta el viernes 13 de julio. Esta iniciativa se enmarca en la sexta edici\u00f3n del Proyecto Atalaya \u201cArte y Compromiso. Experiencias para el cambio social\u201d que coordina la UPO a trav\u00e9s del Servicio de Extensi\u00f3n Cultural. Esta iniciativa est\u00e1 dirigida a estudiantes de grado de todas las universidades p\u00fablicas andaluzas, aunque no es un requisito indispensable que los equipos est\u00e9n formados completamente por miembros de la comunidad universitaria.<\/p>\n","protected":false},"author":14,"featured_media":0,"comment_status":"closed","ping_status":"open","sticky":false,"template":"","format":"standard","meta":{"_monsterinsights_skip_tracking":false,"_monsterinsights_sitenote_active":false,"_monsterinsights_sitenote_note":"","_monsterinsights_sitenote_category":0,"footnotes":""},"categories":[7],"tags":[4033,4316,1961,21,94,3746,2667],"class_list":["post-27248825","post","type-post","status-publish","format-standard","hentry","category-cultura","tag-arte-y-compromiso","tag-artes","tag-convocatoria","tag-estudiantes","tag-proyecto-atalaya","tag-servicio-de-extension-cultural","tag-vicerrectorado-de-cultura-y-compromiso-social"],"_links":{"self":[{"href":"https:\/\/www.upo.es\/diario\/wp-json\/wp\/v2\/posts\/27248825","targetHints":{"allow":["GET"]}}],"collection":[{"href":"https:\/\/www.upo.es\/diario\/wp-json\/wp\/v2\/posts"}],"about":[{"href":"https:\/\/www.upo.es\/diario\/wp-json\/wp\/v2\/types\/post"}],"author":[{"embeddable":true,"href":"https:\/\/www.upo.es\/diario\/wp-json\/wp\/v2\/users\/14"}],"replies":[{"embeddable":true,"href":"https:\/\/www.upo.es\/diario\/wp-json\/wp\/v2\/comments?post=27248825"}],"version-history":[{"count":1,"href":"https:\/\/www.upo.es\/diario\/wp-json\/wp\/v2\/posts\/27248825\/revisions"}],"predecessor-version":[{"id":27249400,"href":"https:\/\/www.upo.es\/diario\/wp-json\/wp\/v2\/posts\/27248825\/revisions\/27249400"}],"wp:attachment":[{"href":"https:\/\/www.upo.es\/diario\/wp-json\/wp\/v2\/media?parent=27248825"}],"wp:term":[{"taxonomy":"category","embeddable":true,"href":"https:\/\/www.upo.es\/diario\/wp-json\/wp\/v2\/categories?post=27248825"},{"taxonomy":"post_tag","embeddable":true,"href":"https:\/\/www.upo.es\/diario\/wp-json\/wp\/v2\/tags?post=27248825"}],"curies":[{"name":"wp","href":"https:\/\/api.w.org\/{rel}","templated":true}]}}